{"id":14786,"date":"2024-06-14T08:07:01","date_gmt":"2024-06-14T06:07:01","guid":{"rendered":"https:\/\/hallein-evangelisch.at\/wp\/?p=14786"},"modified":"2024-06-14T08:07:01","modified_gmt":"2024-06-14T06:07:01","slug":"sonntagsgruss-zum-16-juni-2024","status":"publish","type":"post","link":"https:\/\/hallein-evangelisch.at\/wp\/?p=14786","title":{"rendered":"Sonntagsgru\u00df zum 16. Juni 2024"},"content":{"rendered":"<p>[14.06.2024]<\/p>\n<p>Liebe Mitglieder und Freunde unserer Gemeinde!<\/p>\n<p><img loading=\"lazy\" decoding=\"async\" class=\"alignright size-thumbnail wp-image-11661\" src=\"https:\/\/hallein-evangelisch.at\/wp\/wp-content\/uploads\/2022\/09\/peter_gabriel_5_F-221x300.png\" alt=\"\" width=\"221\" height=\"300\" srcset=\"https:\/\/hallein-evangelisch.at\/wp\/wp-content\/uploads\/2022\/09\/peter_gabriel_5_F-221x300.png 221w, https:\/\/hallein-evangelisch.at\/wp\/wp-content\/uploads\/2022\/09\/peter_gabriel_5_F-443x600.png 443w, https:\/\/hallein-evangelisch.at\/wp\/wp-content\/uploads\/2022\/09\/peter_gabriel_5_F.png 683w\" sizes=\"auto, (max-width: 221px) 100vw, 221px\" \/>\u201eSuchen und Finden\u201c \u2013 das ist das Thema der biblischen Texte dieses Sonntags: Der Hirte, der sein verlorenes Schaf, die Frau, die ihr Geldst\u00fcck, der Vater, der seinen Sohn, und Jesus, der den Z\u00f6llner Zach\u00e4us sucht und auf dem Baum findet. Am Ende dieser Geschichte hei\u00dft es: \u201e<em>Der Menschensohn ist gekommen, zu suchen und selig zu machen, was verloren ist<\/em>.\u201c (Lukas 19,10). Das beschreibt den Auftrag Jesu und das Ziel seines Handelns: wer in der Welt als \u201everloren\u201c gilt, wer sich selber \u201everloren f\u00fchlt\u201c \u2013 er soll wieder erf\u00fclltes Leben in der Gegenwart Gottes haben. Der nachsteende Sonntagsgru\u00df bedenkt, was die Geschichte vom verlorenen Sohn uns heute sagt.<\/p>\n<p>Franz von Assisi l\u00e4dt uns ein, mit ihm zu bekennen: \u201eO Herr, in deinen Armen bin ich sicher. Wenn du mich h\u00e4ltst, habe ich nichts zu f\u00fcrchten. Ich wei\u00df nichts von der Zukunft, aber ich vertraue auf dich.\u201c<\/p>\n<p>Euch w\u00fcnschen wir dieses Vertrauen, dass Gott f\u00fcr euch da ist, er euch immer wieder neu findet und euch mit Freude f\u00fcllt!<\/p>\n<p><em>Euer Pfarrer Peter<\/em><\/p>\n<hr \/>\n<h3>Sonntagsgru\u00df zum 3. Sonntag nach Trinitatis<\/h3>\n<p>Liebe Mitglieder, Freundinnen und Freunde unserer Halleiner Pfarrgemeinde!<\/p>\n<p><img loading=\"lazy\" decoding=\"async\" class=\"alignright size-full wp-image-6623\" src=\"https:\/\/hallein-evangelisch.at\/wp\/wp-content\/uploads\/2019\/09\/del_negro_2006.jpg\" alt=\"\" width=\"262\" height=\"361\" \/>Die Geschichte vom verlorenen Sohn im 15. Kapitel des Lukasevangeliums geh\u00f6rt wohl zu den bekanntesten Texten des Neuen Testaments:<br \/>\nDer Sohn verschwindet von zu Hause, verjubelt sein Erbe in schlechter Gesellschaft und als es ihm ganz schlecht geht, kehrt er reum\u00fctig nach Hause zur\u00fcck. Der Vater nimmt ihn mit gro\u00dfem Tamtam wieder auf und der \u00e4ltere Sohn \u00e4rgert sich schwarz dar\u00fcber.<\/p>\n<p>Die Geschichte k\u00f6nnen wir auch so lesen, dass wir uns fragen: &#8222;Welcher der drei Personen entspreche ich am ehesten?&#8220;. Vermutlich entsprechen wir zeitweise mehr der einen und dann wieder der anderen Person.<br \/>\nEs gibt vielleicht Zeiten, wo wir allzu leichtsinnig waren und ordentlich auf die Nase gefallen oder seelisch unter die R\u00e4der gekommen sind. Ein andermal waren wir eher sehr rechthaberisch, haben sehr auf unsere T\u00fcchtigkeit gepocht und auf die anderen, die es sich in unseren Augen allzu gut gehen lie\u00dfen, ver\u00e4chtlich herabgesehen. Manchmal sind wir einfach barmherzig, gro\u00dfz\u00fcgig, schnell bereit zu verzeihen. Diese Verhaltensweisen haben alle ihren Reiz und ihre Vorz\u00fcge, sie k\u00f6nnen aber auch sehr nachteilig sein.<\/p>\n<p>Jesus l\u00e4dt uns mit diesem Gleichnis ein, dar\u00fcber nachzudenken: Wer bin ich, wie bin ich? Vielleicht kann uns das Gleichnis auch eine Hilfe zu mehr Verst\u00e4ndnis sein, wenn andere Menschen gerade nicht so sind, wie wir es f\u00fcr richtig halten oder auch, um uns bewusst zu machen, welche Eigenschaften wir an uns besser entwickeln k\u00f6nnten.<\/p>\n<p>Aber das Gleichnis weist \u00fcber Empfehlungen an unsere Lebenspraxis hinaus auf das, was Jesus grunds\u00e4tzlich immer wieder betont, dass hinter allem die gro\u00dfe Zusage steht: Wer auch immer du bist, wie auch immer du dich verh\u00e4ltst, bei Gott wird es f\u00fcr dich und mich immer die Chance auf Leben und Zukunft geben, die Chance, seinen Segen neu wirksam werden zu lassen.<\/p>\n<p><em>Ihr Pfr.i.R Wolfgang Del-Negro<\/em><\/p>\n","protected":false},"excerpt":{"rendered":"<div class=\"mh-excerpt\"><p>[14.06.2024] Liebe Mitglieder und Freunde unserer Gemeinde! \u201eSuchen und Finden\u201c \u2013 das ist das Thema der biblischen Texte dieses Sonntags: Der Hirte, der sein verlorenes Schaf, die Frau, die ihr Geldst\u00fcck, der Vater, der seinen <a class=\"mh-excerpt-more\" href=\"https:\/\/hallein-evangelisch.at\/wp\/?p=14786\" title=\"Sonntagsgru\u00df zum 16. Juni 2024\">[&#8230;]<\/a><\/p>\n<\/div>","protected":false},"author":8,"featured_media":13852,"comment_status":"closed","ping_status":"closed","sticky":false,"template":"","format":"standard","meta":{"footnotes":""},"categories":[84,102],"tags":[],"class_list":{"0":"post-14786","1":"post","2":"type-post","3":"status-publish","4":"format-standard","5":"has-post-thumbnail","7":"category-hauskirche","8":"category-sonntagsgruss"},"_links":{"self":[{"href":"https:\/\/hallein-evangelisch.at\/wp\/index.php?rest_route=\/wp\/v2\/posts\/14786","targetHints":{"allow":["GET"]}}],"collection":[{"href":"https:\/\/hallein-evangelisch.at\/wp\/index.php?rest_route=\/wp\/v2\/posts"}],"about":[{"href":"https:\/\/hallein-evangelisch.at\/wp\/index.php?rest_route=\/wp\/v2\/types\/post"}],"author":[{"embeddable":true,"href":"https:\/\/hallein-evangelisch.at\/wp\/index.php?rest_route=\/wp\/v2\/users\/8"}],"replies":[{"embeddable":true,"href":"https:\/\/hallein-evangelisch.at\/wp\/index.php?rest_route=%2Fwp%2Fv2%2Fcomments&post=14786"}],"version-history":[{"count":3,"href":"https:\/\/hallein-evangelisch.at\/wp\/index.php?rest_route=\/wp\/v2\/posts\/14786\/revisions"}],"predecessor-version":[{"id":14789,"href":"https:\/\/hallein-evangelisch.at\/wp\/index.php?rest_route=\/wp\/v2\/posts\/14786\/revisions\/14789"}],"wp:featuredmedia":[{"embeddable":true,"href":"https:\/\/hallein-evangelisch.at\/wp\/index.php?rest_route=\/wp\/v2\/media\/13852"}],"wp:attachment":[{"href":"https:\/\/hallein-evangelisch.at\/wp\/index.php?rest_route=%2Fwp%2Fv2%2Fmedia&parent=14786"}],"wp:term":[{"taxonomy":"category","embeddable":true,"href":"https:\/\/hallein-evangelisch.at\/wp\/index.php?rest_route=%2Fwp%2Fv2%2Fcategories&post=14786"},{"taxonomy":"post_tag","embeddable":true,"href":"https:\/\/hallein-evangelisch.at\/wp\/index.php?rest_route=%2Fwp%2Fv2%2Ftags&post=14786"}],"curies":[{"name":"wp","href":"https:\/\/api.w.org\/{rel}","templated":true}]}}