{"id":14961,"date":"2024-10-10T00:00:48","date_gmt":"2024-10-09T22:00:48","guid":{"rendered":"https:\/\/hallein-evangelisch.at\/wp\/?p=14961"},"modified":"2024-11-17T09:58:13","modified_gmt":"2024-11-17T08:58:13","slug":"gedenkstaette-fuer-sternenkinder","status":"publish","type":"post","link":"https:\/\/hallein-evangelisch.at\/wp\/?p=14961","title":{"rendered":"Gedenkst\u00e4tte f\u00fcr \u201eSternenkinder\u201c"},"content":{"rendered":"<p>[10.10.2024]<\/p>\n<figure id=\"attachment_15533\" aria-describedby=\"caption-attachment-15533\" style=\"width: 300px\" class=\"wp-caption alignright\"><img loading=\"lazy\" decoding=\"async\" class=\"wp-image-15533 size-thumbnail\" src=\"https:\/\/hallein-evangelisch.at\/wp\/wp-content\/uploads\/2024\/10\/trauer_engel_GB-300x300.jpg\" alt=\"\" width=\"300\" height=\"300\" srcset=\"https:\/\/hallein-evangelisch.at\/wp\/wp-content\/uploads\/2024\/10\/trauer_engel_GB-300x300.jpg 300w, https:\/\/hallein-evangelisch.at\/wp\/wp-content\/uploads\/2024\/10\/trauer_engel_GB-600x600.jpg 600w, https:\/\/hallein-evangelisch.at\/wp\/wp-content\/uploads\/2024\/10\/trauer_engel_GB-1024x1024.jpg 1024w, https:\/\/hallein-evangelisch.at\/wp\/wp-content\/uploads\/2024\/10\/trauer_engel_GB-1536x1536.jpg 1536w, https:\/\/hallein-evangelisch.at\/wp\/wp-content\/uploads\/2024\/10\/trauer_engel_GB-2048x2048.jpg 2048w, https:\/\/hallein-evangelisch.at\/wp\/wp-content\/uploads\/2024\/10\/trauer_engel_GB-60x60.jpg 60w\" sizes=\"auto, (max-width: 300px) 100vw, 300px\" \/><figcaption id=\"caption-attachment-15533\" class=\"wp-caption-text\">Bild: gemeindebrief.de<\/figcaption><\/figure>\n<p>Wahrscheinlich wei\u00df niemand so genau, wie viele Kinder jedes Jahr sterben, die noch nicht das Licht der Welt erblickt haben. Das Thema ist immer noch sehr tabuisiert. Frauen, die den Tod eines Kindes in ihrem Mutterleib erlebt und erlitten haben, machen oft die Erfahrung, dass ihr Schmerz nicht ernst genommen wird \u2013 \u201eDas Kind war doch noch gar nicht auf der Welt \u2026\u201c Erst recht ist das Thema f\u00fcr V\u00e4ter keines, \u00fcber das man(n) spricht. Und doch: Wer einmal angefangen hat, dar\u00fcber zu sprechen, erlebt, wie viele Menschen \u00c4hnliches durchgemacht haben.<\/p>\n<p><strong>Deshalb ist es wichtig, einen Ort zu haben, an dem Trauer zugelassen werden kann und Gedenken erm\u00f6glich wird.<\/strong><\/p>\n<p>Die Stadt Hallein plant einen solchen Ort des Gedenkens f\u00fcr die so genannten \u201eSternenkinder\u201c am Halleiner Friedhof. Der K\u00fcnstler und Direktor der HTL Hallein Johann \u201eGiovanni\u201c Gutschi wurde mit der Gestaltung eines Denkmals beauftragt. Voraussichtlich wird es im Zusammenhang mit dem Totengedenken am 1. November er\u00f6ffnet werden.<\/p>\n<p><em>Peter Pr\u00f6glh\u00f6f<\/em><\/p>\n","protected":false},"excerpt":{"rendered":"<div class=\"mh-excerpt\"><p>[10.10.2024] Wahrscheinlich wei\u00df niemand so genau, wie viele Kinder jedes Jahr sterben, die noch nicht das Licht der Welt erblickt haben. Das Thema ist immer noch sehr tabuisiert. Frauen, die den Tod eines Kindes in <a class=\"mh-excerpt-more\" href=\"https:\/\/hallein-evangelisch.at\/wp\/?p=14961\" title=\"Gedenkst\u00e4tte f\u00fcr \u201eSternenkinder\u201c\">[&#8230;]<\/a><\/p>\n<\/div>","protected":false},"author":8,"featured_media":15533,"comment_status":"closed","ping_status":"closed","sticky":false,"template":"","format":"standard","meta":{"footnotes":""},"categories":[1],"tags":[],"class_list":{"0":"post-14961","1":"post","2":"type-post","3":"status-publish","4":"format-standard","5":"has-post-thumbnail","7":"category-allgemein"},"_links":{"self":[{"href":"https:\/\/hallein-evangelisch.at\/wp\/index.php?rest_route=\/wp\/v2\/posts\/14961","targetHints":{"allow":["GET"]}}],"collection":[{"href":"https:\/\/hallein-evangelisch.at\/wp\/index.php?rest_route=\/wp\/v2\/posts"}],"about":[{"href":"https:\/\/hallein-evangelisch.at\/wp\/index.php?rest_route=\/wp\/v2\/types\/post"}],"author":[{"embeddable":true,"href":"https:\/\/hallein-evangelisch.at\/wp\/index.php?rest_route=\/wp\/v2\/users\/8"}],"replies":[{"embeddable":true,"href":"https:\/\/hallein-evangelisch.at\/wp\/index.php?rest_route=%2Fwp%2Fv2%2Fcomments&post=14961"}],"version-history":[{"count":8,"href":"https:\/\/hallein-evangelisch.at\/wp\/index.php?rest_route=\/wp\/v2\/posts\/14961\/revisions"}],"predecessor-version":[{"id":15535,"href":"https:\/\/hallein-evangelisch.at\/wp\/index.php?rest_route=\/wp\/v2\/posts\/14961\/revisions\/15535"}],"wp:featuredmedia":[{"embeddable":true,"href":"https:\/\/hallein-evangelisch.at\/wp\/index.php?rest_route=\/wp\/v2\/media\/15533"}],"wp:attachment":[{"href":"https:\/\/hallein-evangelisch.at\/wp\/index.php?rest_route=%2Fwp%2Fv2%2Fmedia&parent=14961"}],"wp:term":[{"taxonomy":"category","embeddable":true,"href":"https:\/\/hallein-evangelisch.at\/wp\/index.php?rest_route=%2Fwp%2Fv2%2Fcategories&post=14961"},{"taxonomy":"post_tag","embeddable":true,"href":"https:\/\/hallein-evangelisch.at\/wp\/index.php?rest_route=%2Fwp%2Fv2%2Ftags&post=14961"}],"curies":[{"name":"wp","href":"https:\/\/api.w.org\/{rel}","templated":true}]}}