{"id":15083,"date":"2024-09-13T10:18:04","date_gmt":"2024-09-13T08:18:04","guid":{"rendered":"https:\/\/hallein-evangelisch.at\/wp\/?p=15083"},"modified":"2024-09-13T10:18:04","modified_gmt":"2024-09-13T08:18:04","slug":"sonntagsgruss-zum-15-september-2024","status":"publish","type":"post","link":"https:\/\/hallein-evangelisch.at\/wp\/?p=15083","title":{"rendered":"Sonntagsgru\u00df zum 15. September 2024"},"content":{"rendered":"<p>[13.09.2024]<\/p>\n<p>Liebe Mitglieder und Freunde unserer Gemeinde!<\/p>\n<p><em>\u201eJesus Christus hat dem Tode die Macht genommen.\u201c<\/em> (2. Tim. 1,10) \u2013 das Bekenntnis, Gott hat Jesus vom Tod auferweckt und damit dem Tod seine be\u00e4ngstigende Macht genommen, bildet die Grundlage unseres christlichen Glaubens. An diesem Sonntag liegt das vergangene Osterfest genauso lange zur\u00fcck, wie wir auf das n\u00e4chste noch warten m\u00fcssen. Deshalb hei\u00dft er auch \u201eKlein-Ostern\u201c, denn es ist Halbzeit! Fr\u00fcher war auch im Schuljahr, das Ostern begann, jetzt Halbzeit (und nicht wie bei uns im Februar).<\/p>\n<p>Nun hat das neue Schuljahr gerade begonnen und so feiern wir unter dem Label \u201eBack to School\u201c einen Gottesdienst mit Segnung zum Schuljahres-Start unter dem Titel \u201eaufgeweckt\u201c! Besonders alle Sch\u00fcler*innen und ihre Familien laden wir dazu herzlich ein. Und nat\u00fcrlich auch zum anschlie\u00dfenden Gemeinde-Herbstfest.<\/p>\n<p>Ein \u00f6sterliches Gebet geben wir euch mit f\u00fcr die neue Woche:<br \/>\n<em>\u201eAuferstandener Christus, unsere Hoffnung, du hast Macht \u00fcber den Tod und schenkst uns ein Leben, das nie vergeht. Befreie uns von aller Todesfurcht und st\u00e4rke jeden Tag neu unseren Lebensmut \u2013 im Glauben an die Auferstehung. Gib uns Kraft, dir zu vertrauen und offen, liebevoll und ehrlich zu leben.\u201c<\/em><\/p>\n<p>Dieses Vertrauen in Gottes Macht und die Erfahrung seiner liebenden Gegenwart w\u00fcnschen wir euch von Herzen,<\/p>\n<p><em>Eure Pfarrer Peter und Jens-Daniel<\/em><\/p>\n<hr \/>\n<h3><img loading=\"lazy\" decoding=\"async\" class=\"alignright wp-image-14451\" src=\"https:\/\/hallein-evangelisch.at\/wp\/wp-content\/uploads\/2024\/03\/jens_daniel_mauer_02-300x322.png\" alt=\"\" width=\"200\" height=\"215\" srcset=\"https:\/\/hallein-evangelisch.at\/wp\/wp-content\/uploads\/2024\/03\/jens_daniel_mauer_02-300x322.png 300w, https:\/\/hallein-evangelisch.at\/wp\/wp-content\/uploads\/2024\/03\/jens_daniel_mauer_02.png 496w\" sizes=\"auto, (max-width: 200px) 100vw, 200px\" \/>\u00dcberg\u00e4nge<\/h3>\n<p>Liebe Freunde und Mitglieder unserer Pfarrgemeinde!<\/p>\n<p>Einen weitreichenden \u00dcbergang im Jahreszyklus erleben wir gerade. Die Sommerferienzeit ist zu Ende gegangen, der Alltag hat wieder Fahrt aufgenommen. Auch wenn Familien mit Schulkindern, samt Gro\u00dfeltern, und Besch\u00e4ftigte im Bereich (Aus-)Bildung das mehr betrifft, bringt dieser \u00dcbergang auch f\u00fcr alle anderen Ver\u00e4nderung mit sich: regelm\u00e4\u00dfige Termine und anderweitige Verpflichtungen f\u00fcllen wieder unsere Kalender. In einem unserer Schulgottesdienste haben wir dazu eine Besinnung angeboten.<\/p>\n<p><img loading=\"lazy\" decoding=\"async\" class=\"alignright wp-image-15088\" src=\"https:\/\/hallein-evangelisch.at\/wp\/wp-content\/uploads\/2024\/09\/hand-300x408.png\" alt=\"\" width=\"200\" height=\"272\" srcset=\"https:\/\/hallein-evangelisch.at\/wp\/wp-content\/uploads\/2024\/09\/hand-300x408.png 300w, https:\/\/hallein-evangelisch.at\/wp\/wp-content\/uploads\/2024\/09\/hand-600x815.png 600w, https:\/\/hallein-evangelisch.at\/wp\/wp-content\/uploads\/2024\/09\/hand-754x1024.png 754w, https:\/\/hallein-evangelisch.at\/wp\/wp-content\/uploads\/2024\/09\/hand.png 942w\" sizes=\"auto, (max-width: 200px) 100vw, 200px\" \/>Als Symbol f\u00fcr unsere Lebenslinie haben wir uns eine Linie in unserer Handfl\u00e4che ausgesucht und sind dieser mit einem Kugelschreiber gefolgt. Begleitet von folgenden Fragen (vielleicht lasst auch ihr euch f\u00fcr diese Besinnungs\u00fcbung gewinnen):<\/p>\n<ul>\n<li>Wo f\u00fchrt mich meine Lebenslinie heuer hin?<\/li>\n<li>Welchen Zielen m\u00f6chte ich in diesem Jahr folgen?<\/li>\n<li>Wo sehe ich meine Linie ganz klar, wo br\u00e4uchte ich jemanden, der mir hilft, sie zu erkennen?<\/li>\n<li>Welche anderen Linien kreuzen meine?<\/li>\n<li>Wo sp\u00fcre ich, dass ich nicht allein bin, dass mir der R\u00fccken gest\u00e4rkt wird?<\/li>\n<li>Von wem und durch was will ich mich st\u00e4rken?<\/li>\n<\/ul>\n<p>Als Gottesdienst-Leitende haben wir Werbung gemacht f\u00fcr eine Empfehlung des Psalmisten David (Ps 37,4-5):<br \/>\n\u201e<em>Habe deine Lust am HERRN; der wird dir geben, was dein Herz w\u00fcnscht. Befiehl dem HERRN deine Wege und hoffe auf ihn, er wird\u2019s wohlmachen.<\/em>\u201c<\/p>\n<p>Unseren Blick auf den HERRN, den dreieinen Gott, der uns lebendig begegnen will, ganz besonders in so mancherlei Herausforderung des Alltags, das macht was mit uns! David formuliert seine \u00dcberzeugung eines solchen Menschen wenige Verse sp\u00e4ter:<br \/>\n\u201e<em>Die Weisung seines Gottes tr\u00e4gt er im Herzen. Nichts bringt seine Schritte aus dem Tritt.<\/em>\u201c (V. 31)<\/p>\n<p>Dieser Empfehlung will ich folgen \u2013 gerade jetzt, wenn ich Routinen (wieder) etabliere. M\u00f6gen g\u00f6ttliche Gedanken mein und auch dein Herz f\u00fcr diesen gro\u00dfen und die kleinen \u00dcberg\u00e4nge erf\u00fcllen!<\/p>\n<p><em>Pfarrer Jens-Daniel Mauer<\/em><\/p>\n","protected":false},"excerpt":{"rendered":"<div class=\"mh-excerpt\"><p>[13.09.2024] Liebe Mitglieder und Freunde unserer Gemeinde! \u201eJesus Christus hat dem Tode die Macht genommen.\u201c (2. Tim. 1,10) \u2013 das Bekenntnis, Gott hat Jesus vom Tod auferweckt und damit dem Tod seine be\u00e4ngstigende Macht genommen, <a class=\"mh-excerpt-more\" href=\"https:\/\/hallein-evangelisch.at\/wp\/?p=15083\" title=\"Sonntagsgru\u00df zum 15. September 2024\">[&#8230;]<\/a><\/p>\n<\/div>","protected":false},"author":8,"featured_media":13865,"comment_status":"closed","ping_status":"closed","sticky":false,"template":"","format":"standard","meta":{"footnotes":""},"categories":[84,102],"tags":[],"class_list":{"0":"post-15083","1":"post","2":"type-post","3":"status-publish","4":"format-standard","5":"has-post-thumbnail","7":"category-hauskirche","8":"category-sonntagsgruss"},"_links":{"self":[{"href":"https:\/\/hallein-evangelisch.at\/wp\/index.php?rest_route=\/wp\/v2\/posts\/15083","targetHints":{"allow":["GET"]}}],"collection":[{"href":"https:\/\/hallein-evangelisch.at\/wp\/index.php?rest_route=\/wp\/v2\/posts"}],"about":[{"href":"https:\/\/hallein-evangelisch.at\/wp\/index.php?rest_route=\/wp\/v2\/types\/post"}],"author":[{"embeddable":true,"href":"https:\/\/hallein-evangelisch.at\/wp\/index.php?rest_route=\/wp\/v2\/users\/8"}],"replies":[{"embeddable":true,"href":"https:\/\/hallein-evangelisch.at\/wp\/index.php?rest_route=%2Fwp%2Fv2%2Fcomments&post=15083"}],"version-history":[{"count":6,"href":"https:\/\/hallein-evangelisch.at\/wp\/index.php?rest_route=\/wp\/v2\/posts\/15083\/revisions"}],"predecessor-version":[{"id":15090,"href":"https:\/\/hallein-evangelisch.at\/wp\/index.php?rest_route=\/wp\/v2\/posts\/15083\/revisions\/15090"}],"wp:featuredmedia":[{"embeddable":true,"href":"https:\/\/hallein-evangelisch.at\/wp\/index.php?rest_route=\/wp\/v2\/media\/13865"}],"wp:attachment":[{"href":"https:\/\/hallein-evangelisch.at\/wp\/index.php?rest_route=%2Fwp%2Fv2%2Fmedia&parent=15083"}],"wp:term":[{"taxonomy":"category","embeddable":true,"href":"https:\/\/hallein-evangelisch.at\/wp\/index.php?rest_route=%2Fwp%2Fv2%2Fcategories&post=15083"},{"taxonomy":"post_tag","embeddable":true,"href":"https:\/\/hallein-evangelisch.at\/wp\/index.php?rest_route=%2Fwp%2Fv2%2Ftags&post=15083"}],"curies":[{"name":"wp","href":"https:\/\/api.w.org\/{rel}","templated":true}]}}