{"id":15108,"date":"2024-09-20T12:38:10","date_gmt":"2024-09-20T10:38:10","guid":{"rendered":"https:\/\/hallein-evangelisch.at\/wp\/?p=15108"},"modified":"2024-09-20T12:38:10","modified_gmt":"2024-09-20T10:38:10","slug":"wir-suchen-unterstuetzung-im-besuchskreis","status":"publish","type":"post","link":"https:\/\/hallein-evangelisch.at\/wp\/?p=15108","title":{"rendered":"Wir suchen: Unterst\u00fctzung im Besuchskreis"},"content":{"rendered":"<h4>[20.09.2024]<\/h4>\n<div class=\"default-style\">F\u00fcr uns als Pfarrgemeinde ist es wichtig, die \u00e4lteren Menschen im Blick zu behalten. Sie haben \u00fcber Jahrzehnte mit ihrer Zeit, ihren Begabungen und auch mit ihrem Kirchenbeitrag unsere Gemeinde gepr\u00e4gt und getragen. So ist es eine gute Tradition, dass wir \u00e4ltere Menschen zum Geburtstag besuchen &#8211; nat\u00fcrlich nur, wenn sie dies m\u00f6chten.<\/div>\n<div class=\"default-style\"><\/div>\n<div class=\"default-style\">M\u00f6chtest auch du in unserem Besuchskreis mitwirken? Wir suchen generell, aber besonders f\u00fcr die Regionen Puch \/ Abtenau \/ Golling Menschen, die gerne Geburtstagsbesuche \u00fcbernehmen m\u00f6chten. Du selbst entscheidest, wie viel Besuche du machst, je nachdem wie deine Zeit es zul\u00e4sst.<\/div>\n<h4 class=\"default-style\">Ja, ich m\u00f6chte unterst\u00fctzen!<\/h4>\n<div class=\"default-style\">Bei Interesse melde dich bei einem unserer Pfarrer oder bei Barbara von Dellingshausen (<span dir=\"ltr\">0650\/3103630<\/span>). Wir freuen uns auf deinen Anruf oder dein Email!<\/div>\n","protected":false},"excerpt":{"rendered":"<div class=\"mh-excerpt\"><p>[20.09.2024] F\u00fcr uns als Pfarrgemeinde ist es wichtig, die \u00e4lteren Menschen im Blick zu behalten. Sie haben \u00fcber Jahrzehnte mit ihrer Zeit, ihren Begabungen und auch mit ihrem Kirchenbeitrag unsere Gemeinde gepr\u00e4gt und getragen. So <a class=\"mh-excerpt-more\" href=\"https:\/\/hallein-evangelisch.at\/wp\/?p=15108\" title=\"Wir suchen: Unterst\u00fctzung im Besuchskreis\">[&#8230;]<\/a><\/p>\n<\/div>","protected":false},"author":8,"featured_media":14592,"comment_status":"closed","ping_status":"closed","sticky":false,"template":"","format":"standard","meta":{"footnotes":""},"categories":[107,109],"tags":[],"class_list":{"0":"post-15108","1":"post","2":"type-post","3":"status-publish","4":"format-standard","5":"has-post-thumbnail","7":"category-das-leben-teilen","8":"category-wir-suchen-wir-bieten"},"_links":{"self":[{"href":"https:\/\/hallein-evangelisch.at\/wp\/index.php?rest_route=\/wp\/v2\/posts\/15108","targetHints":{"allow":["GET"]}}],"collection":[{"href":"https:\/\/hallein-evangelisch.at\/wp\/index.php?rest_route=\/wp\/v2\/posts"}],"about":[{"href":"https:\/\/hallein-evangelisch.at\/wp\/index.php?rest_route=\/wp\/v2\/types\/post"}],"author":[{"embeddable":true,"href":"https:\/\/hallein-evangelisch.at\/wp\/index.php?rest_route=\/wp\/v2\/users\/8"}],"replies":[{"embeddable":true,"href":"https:\/\/hallein-evangelisch.at\/wp\/index.php?rest_route=%2Fwp%2Fv2%2Fcomments&post=15108"}],"version-history":[{"count":3,"href":"https:\/\/hallein-evangelisch.at\/wp\/index.php?rest_route=\/wp\/v2\/posts\/15108\/revisions"}],"predecessor-version":[{"id":15111,"href":"https:\/\/hallein-evangelisch.at\/wp\/index.php?rest_route=\/wp\/v2\/posts\/15108\/revisions\/15111"}],"wp:featuredmedia":[{"embeddable":true,"href":"https:\/\/hallein-evangelisch.at\/wp\/index.php?rest_route=\/wp\/v2\/media\/14592"}],"wp:attachment":[{"href":"https:\/\/hallein-evangelisch.at\/wp\/index.php?rest_route=%2Fwp%2Fv2%2Fmedia&parent=15108"}],"wp:term":[{"taxonomy":"category","embeddable":true,"href":"https:\/\/hallein-evangelisch.at\/wp\/index.php?rest_route=%2Fwp%2Fv2%2Fcategories&post=15108"},{"taxonomy":"post_tag","embeddable":true,"href":"https:\/\/hallein-evangelisch.at\/wp\/index.php?rest_route=%2Fwp%2Fv2%2Ftags&post=15108"}],"curies":[{"name":"wp","href":"https:\/\/api.w.org\/{rel}","templated":true}]}}