{"id":15147,"date":"2024-09-27T09:49:09","date_gmt":"2024-09-27T07:49:09","guid":{"rendered":"https:\/\/hallein-evangelisch.at\/wp\/?p=15147"},"modified":"2024-09-27T16:44:09","modified_gmt":"2024-09-27T14:44:09","slug":"sonntagsgruss-zum-29-september-2024","status":"publish","type":"post","link":"https:\/\/hallein-evangelisch.at\/wp\/?p=15147","title":{"rendered":"Sonntagsgru\u00df zum 29. September 2024"},"content":{"rendered":"<p>[27.09.2024]<\/p>\n<p>Liebe Mitglieder und Freunde unserer Gemeinde!<\/p>\n<p><em>\u201eDies Gebot haben wir von ihm, dass wer Gott liebt, dass der auch seinen Bruder liebe.\u201c<\/em> (1. Johannes 4,21) Was sich so einfach und selbstverst\u00e4ndlich anh\u00f6rt, ist im Alltag eher schwer zu leben. Denn auch wir, die wir auf Gott vertrauen und uns Christen nennen, verhalten uns immer wieder nicht nach seinen Ma\u00dfst\u00e4ben. Wir setzen andere herab, h\u00f6ren gar nicht richtig zu, begegnen ihnen nicht mit dem n\u00f6tigen Respekt. Hoffentlich stellt uns Gott immer wieder warnend einen Engel in den Weg, der uns auf den richtigen Weg zur\u00fcck bringt. Von Engel und besonders dem, der Bileam lehrt, zu segnen statt zu fluchen, handelt der nachstehende Sonntagsgru\u00df und darum geht es auch in den Gottesdiensten an diesem Wochenende \u2013 herzliche Einladung dazu!<\/p>\n<p>Nikolaus Ludwig von Zinzendorf schreibt passend zum Bibelwort dieses Sonntags: <em>\u201eDer Heiland soll uns aus den Augen herausfunkeln, dass man sehe, dass er in uns lebt.\u201c<\/em><\/p>\n<p>Lassen wir uns alle miteinander ermuntern, immer wieder zu versuchen, im Sinne Jesu miteinander umzugehen. Daf\u00fcr bitten wir um seine Kraft und seine Liebe!<\/p>\n<p><em>Eure Pfarrer Peter und Jens-Daniel<\/em><\/p>\n<hr \/>\n<h3>Sonntag Michaelis<\/h3>\n<p>Liebe Mitglieder, Freundinnen und Freunde unserer Halleiner Pfarrgemeinde!<\/p>\n<p><em><img loading=\"lazy\" decoding=\"async\" class=\"alignright wp-image-9834\" src=\"https:\/\/hallein-evangelisch.at\/wp\/wp-content\/uploads\/2021\/09\/gabriel_2021-424x600.png\" alt=\"\" width=\"300\" height=\"425\" srcset=\"https:\/\/hallein-evangelisch.at\/wp\/wp-content\/uploads\/2021\/09\/gabriel_2021-424x600.png 424w, https:\/\/hallein-evangelisch.at\/wp\/wp-content\/uploads\/2021\/09\/gabriel_2021.png 592w\" sizes=\"auto, (max-width: 300px) 100vw, 300px\" \/>\u201eDer Engel des Herrn lagert sich um die her, die ihn f\u00fcrchten, und hilft ihnen heraus.\u201c<\/em> \u2013 darauf vertraut die Beterin von Psalm 34 (Vers 8). Da hat jemand erlebt: mir ist es schlecht gegangen, ich war in einem dunklen Loch, doch mir ist geholfen worden. Gott hat mich nicht verlassen, mein Wunsch, dass er mich h\u00f6rt, meine Hoffnung, dass er mir beisteht, hat sich erf\u00fcllt.<\/p>\n<p>Ich habe das immer wieder auch erlebt, wenn ich krank war oder ungl\u00fccklich mit mir und meinem Leben, wenn andere nicht respektvoll mit mir umgegangen sind. Gott war da \u2013 auch wenn ich es im Moment nicht immer gesp\u00fcrt habe. Auch wenn seine Hilfe manchmal anders aussah, als ich mir das erhofft oder auch eingebildet hatte.<\/p>\n<p>Gott kann ich nicht sehen, sein Dasein kann ich aber in mir sp\u00fcren, in meinen Gedanken, in meinem Herzen. Seine Hilfe erfahre ich durch andere Menschen, die mich unterst\u00fctzen, die es gut mit mir meinen, die mir ihre Liebe schenken.<\/p>\n<p>Seit fr\u00fchester Zeit haben gl\u00e4ubige Menschen f\u00fcr diese Hilfe, dieses Dasein Gottes auch von Engeln gesprochen, \u00fcberirdische Wesen zwischen Himmel und Erde, in denen Gott mir begegnet.<\/p>\n<p>Heute am Sonntag Michaelis stehen diese Gottes Boten im Mittelpunkt \u2013 auch f\u00fcr evangelische Christen und Christinnen. Denn auch in der Bibel spielen Engel ja eine wichtige Rolle. Denken wir nur an Gabriel, der Maria ihre wundersame Schwangerschaft verk\u00fcndet, an die Engel bei den Hirten auf den Feldern von Bethlehem oder an die Engel, die den J\u00fcngerinnen am Ostermorgen am Grab begegnen.<\/p>\n<p>Die Hauptbotschaft der Engel ist immer die Zusage: <em>\u201eF\u00fcrchte dich nicht!\u201c<\/em> Weil Gott auf dich schaut und bei dir ist, brauchst du keine Angst zu haben, sondern kannst mutig dein Leben wagen, dir etwas zutrauen und dich immer wieder neu auf den Weg machen.<\/p>\n<p>Doch die Engel beh\u00fcten und besch\u00fctzen nicht nur, sondern im Auftrag Gottes warnen sie auch vor falschen Wegen, zeigen mir, wo ich auf dem Holzweg bin. Das erlebt der Prophet Bileam, der gebeten wird, das Volk Israel zu verfluchen. Doch Gott will nicht Unheil, sondern Heil, ja Segen, er will, dass alle Menschen gl\u00fccklich und in Frieden leben k\u00f6nnen.<\/p>\n<p>Wie Bileam brauche ich jedoch manchmal Seh-Hilfen, um den Engel zu erkennen, der mir den Weg verstellt, der mich von meinen falschen Vorstellungen abbringt. Bei Bileam ist es sein Esel, der lange vor ihm den Engel sieht und Bileam letztlich die Augen \u00f6ffnet.<\/p>\n<p>Ich w\u00fcnsche mir und euch, dass ich offen und bereit bin, um die Engel wahrzunehmen, die Gott mir entgegen oder an die Seite stellt.<\/p>\n<p><em>Euer Pfarrer Peter Gabriel<\/em><\/p>\n","protected":false},"excerpt":{"rendered":"<div class=\"mh-excerpt\"><p>[27.09.2024] Liebe Mitglieder und Freunde unserer Gemeinde! \u201eDies Gebot haben wir von ihm, dass wer Gott liebt, dass der auch seinen Bruder liebe.\u201c (1. Johannes 4,21) Was sich so einfach und selbstverst\u00e4ndlich anh\u00f6rt, ist im <a class=\"mh-excerpt-more\" href=\"https:\/\/hallein-evangelisch.at\/wp\/?p=15147\" title=\"Sonntagsgru\u00df zum 29. September 2024\">[&#8230;]<\/a><\/p>\n<\/div>","protected":false},"author":8,"featured_media":13867,"comment_status":"closed","ping_status":"closed","sticky":false,"template":"","format":"standard","meta":{"footnotes":""},"categories":[84,102],"tags":[],"class_list":{"0":"post-15147","1":"post","2":"type-post","3":"status-publish","4":"format-standard","5":"has-post-thumbnail","7":"category-hauskirche","8":"category-sonntagsgruss"},"_links":{"self":[{"href":"https:\/\/hallein-evangelisch.at\/wp\/index.php?rest_route=\/wp\/v2\/posts\/15147","targetHints":{"allow":["GET"]}}],"collection":[{"href":"https:\/\/hallein-evangelisch.at\/wp\/index.php?rest_route=\/wp\/v2\/posts"}],"about":[{"href":"https:\/\/hallein-evangelisch.at\/wp\/index.php?rest_route=\/wp\/v2\/types\/post"}],"author":[{"embeddable":true,"href":"https:\/\/hallein-evangelisch.at\/wp\/index.php?rest_route=\/wp\/v2\/users\/8"}],"replies":[{"embeddable":true,"href":"https:\/\/hallein-evangelisch.at\/wp\/index.php?rest_route=%2Fwp%2Fv2%2Fcomments&post=15147"}],"version-history":[{"count":6,"href":"https:\/\/hallein-evangelisch.at\/wp\/index.php?rest_route=\/wp\/v2\/posts\/15147\/revisions"}],"predecessor-version":[{"id":15156,"href":"https:\/\/hallein-evangelisch.at\/wp\/index.php?rest_route=\/wp\/v2\/posts\/15147\/revisions\/15156"}],"wp:featuredmedia":[{"embeddable":true,"href":"https:\/\/hallein-evangelisch.at\/wp\/index.php?rest_route=\/wp\/v2\/media\/13867"}],"wp:attachment":[{"href":"https:\/\/hallein-evangelisch.at\/wp\/index.php?rest_route=%2Fwp%2Fv2%2Fmedia&parent=15147"}],"wp:term":[{"taxonomy":"category","embeddable":true,"href":"https:\/\/hallein-evangelisch.at\/wp\/index.php?rest_route=%2Fwp%2Fv2%2Fcategories&post=15147"},{"taxonomy":"post_tag","embeddable":true,"href":"https:\/\/hallein-evangelisch.at\/wp\/index.php?rest_route=%2Fwp%2Fv2%2Ftags&post=15147"}],"curies":[{"name":"wp","href":"https:\/\/api.w.org\/{rel}","templated":true}]}}