{"id":15186,"date":"2024-10-04T09:57:29","date_gmt":"2024-10-04T07:57:29","guid":{"rendered":"https:\/\/hallein-evangelisch.at\/wp\/?p=15186"},"modified":"2024-10-04T09:57:29","modified_gmt":"2024-10-04T07:57:29","slug":"sonntagsgruss-zum-6-oktober-2024","status":"publish","type":"post","link":"https:\/\/hallein-evangelisch.at\/wp\/?p=15186","title":{"rendered":"Sonntagsgru\u00df zum 6. Oktober 2024"},"content":{"rendered":"<p>[04.10.2024]<\/p>\n<p>Liebe Mitglieder und Freunde unserer Gemeinde!<\/p>\n<p><em>\u201eAller Augen warten auf dich, und du gibst ihnen ihre Speise zur rechten Zeit.\u201c<\/em> (Psalm 145,15)<\/p>\n<p>Der Beter, die Beterin vertraut zutiefst darauf: Gott versorgt mich mit allem, was zum Leben notwendig ist. Mit Essen und Trinken, Kleidung und einem Dach \u00fcber dem Kopf, aber auch mit Liebe und Geborgenheit. Das meint Jesus, wenn er bittet \u201eUnser t\u00e4gliches Brot gib uns heute\u201c. Das wollen wir uns auch an diesem Erntedanksonntag im Gottesdienst neu bewusst machen, es erleben und feiern \u2013 kommt und schaut, h\u00f6rt und erfahrt, wie gut es Gott mit uns meint! Vom bewussten Danken handelt auch der nachstehende Sonntagsgru\u00df!<\/p>\n<p>Ein Gebet zum Erntedank kann unser Beten anleiten:<br \/>\n<em>\u201eGuter Gott! Wir danken Dir f\u00fcr alles, was unser Leben so reich macht:<\/em><br \/>\n<em>F\u00fcr die Sch\u00f6nheit Deiner Erde, f\u00fcr den Himmel, das Land und das Meer.<\/em><br \/>\n<em>Wir danken Dir f\u00fcr die Menschen in der N\u00e4he und in der Ferne, die f\u00fcr uns sorgen durch ihre Arbeit.<\/em><br \/>\n<em>Und wir danken Dir f\u00fcr die Liebe, die unser Leben tr\u00e4gt.<\/em><br \/>\n<em>Wir bitten Dich: St\u00e4rke uns, f\u00fcr all das Gute, das Du uns geschenkt hast, Verantwortung zu tragen. Amen!\u201c<\/em><\/p>\n<p>Wir w\u00fcnschen euch, dass ihr Gottes Segen und Bewahrung auf vielf\u00e4ltige Weise in diesen Tagen erleben d\u00fcrft!<\/p>\n<p><em>Eure Pfarrer Peter und Jens-Daniel<\/em><\/p>\n<hr \/>\n<p><strong>Erntedank \u2013 \u201eDank los!\u201c<\/strong><\/p>\n<p>Liebe Freunde und Mitglieder unserer Pfarrgemeinde!<\/p>\n<p><img loading=\"lazy\" decoding=\"async\" class=\"alignright size-medium wp-image-9975\" src=\"https:\/\/hallein-evangelisch.at\/wp\/wp-content\/uploads\/2021\/09\/auswahl_IOS_IMG_4468416210919-300x225.jpg\" alt=\"\" width=\"300\" height=\"225\" srcset=\"https:\/\/hallein-evangelisch.at\/wp\/wp-content\/uploads\/2021\/09\/auswahl_IOS_IMG_4468416210919-300x225.jpg 300w, https:\/\/hallein-evangelisch.at\/wp\/wp-content\/uploads\/2021\/09\/auswahl_IOS_IMG_4468416210919-1024x768.jpg 1024w, https:\/\/hallein-evangelisch.at\/wp\/wp-content\/uploads\/2021\/09\/auswahl_IOS_IMG_4468416210919-678x509.jpg 678w, https:\/\/hallein-evangelisch.at\/wp\/wp-content\/uploads\/2021\/09\/auswahl_IOS_IMG_4468416210919-326x245.jpg 326w, https:\/\/hallein-evangelisch.at\/wp\/wp-content\/uploads\/2021\/09\/auswahl_IOS_IMG_4468416210919-80x60.jpg 80w, https:\/\/hallein-evangelisch.at\/wp\/wp-content\/uploads\/2021\/09\/auswahl_IOS_IMG_4468416210919.jpg 1344w\" sizes=\"auto, (max-width: 300px) 100vw, 300px\" \/>Danken, statt geDANKENlos. Danken bedeutet zu denken, also \u201eDank los!\u201c \u2013 Ich liebe ja Wortspielereien, dar\u00fcber kann ich mir viel klar machen und besser merken. Vielleicht lasst Ihr euch zum Anlass \u201eErntedank\u201c bisschen anstecken?<\/p>\n<p>F\u00fcr gew\u00f6hnlich danken wir f\u00fcr die Ernte. Was haben wir geerntet? Vermutlich nur ein Bruchteil, wovon wir uns ern\u00e4hren. Wenige von uns sind in der Landwirtschaft t\u00e4tig. Doch andere Mitmenschen arbeiten f\u00fcr die Ernte auf Feldern und in G\u00e4rten. Sollten wir nicht ihnen danken?<\/p>\n<p>Sicherlich ist das angemessen. Als Christen leben wir allerdings aus der \u00dcberzeugung, dass jeder seinen Beitrag leistet, um Gemeinwohl zu erm\u00f6glichen. Paulus hat im weiteren Sinne dazu mal geschrieben: <em>\u201eIch habe gepflanzt, Apollos [auch ein Missionar] hat gegossen. Aber Gott hat es wachsen lassen. Es z\u00e4hlt nicht, wer pflanzt oder wer gie\u00dft. Es kommt auf Gott an, der alles wachsen l\u00e4sst. Derjenige, der pflanzt, und derjenige, der gie\u00dft, haben eine gemeinsame Aufgabe.\u201c<\/em> (1Kor 3,6-8a)<\/p>\n<p>F\u00fcr unsere heutige Zeit denke ich noch folgende Erweiterung mit: Manche pflanzen, manche gie\u00dfen, andere genie\u00dfen und lassen dazu das notwendige Geld flie\u00dfen.<\/p>\n<p>Wir alle pflanzen, gie\u00dfen und ernten \u2013 auf den Feldern des Lebens, in den All-Tagen, den bunten, aber auch den grauen. Wir ernten, auch wenn das Wetter nicht optimal ist, grade auch zwischen uns Menschen. Nicht selten verderben wir einander die Ernte, weil wir direkt oder indirekt unsere eigenen Bed\u00fcrfnisse zum Ma\u00dfstab f\u00fcr alle machen.<br \/>\nIch denke aber: Viel h\u00e4ufiger bereichern wir uns doch gegenseitig durch unsere unterschiedlichen Begabungen.<\/p>\n<p>Ob wir das geDANKENlos wahrnehmen?<br \/>\nOb uns nicht dieser Erntedank-Anlass hilft, dar\u00fcber nachzudenken?<br \/>\nOb wir dann im Denken nicht merken, wie sich Dankbarkeit gegen\u00fcber meinen Mitmenschen und der Sch\u00f6pfung breit macht?<br \/>\nOb mir das nicht voll gut tun wird, so gut, dass ich weiter danken m\u00f6chte?<br \/>\nOb ich nicht auf dem Weg vom Denken \u00fcber das Danken sogar mir selbst und meinem Gott n\u00e4her komme?<\/p>\n<p>Ich denke schon, also dank ich los!<br \/>\n<em>Pfarrer Jens-Daniel Mauer<\/em><\/p>\n","protected":false},"excerpt":{"rendered":"<div class=\"mh-excerpt\"><p>[04.10.2024] Liebe Mitglieder und Freunde unserer Gemeinde! \u201eAller Augen warten auf dich, und du gibst ihnen ihre Speise zur rechten Zeit.\u201c (Psalm 145,15) Der Beter, die Beterin vertraut zutiefst darauf: Gott versorgt mich mit allem, <a class=\"mh-excerpt-more\" href=\"https:\/\/hallein-evangelisch.at\/wp\/?p=15186\" title=\"Sonntagsgru\u00df zum 6. Oktober 2024\">[&#8230;]<\/a><\/p>\n<\/div>","protected":false},"author":8,"featured_media":13868,"comment_status":"closed","ping_status":"closed","sticky":false,"template":"","format":"standard","meta":{"footnotes":""},"categories":[84,102],"tags":[],"class_list":{"0":"post-15186","1":"post","2":"type-post","3":"status-publish","4":"format-standard","5":"has-post-thumbnail","7":"category-hauskirche","8":"category-sonntagsgruss"},"_links":{"self":[{"href":"https:\/\/hallein-evangelisch.at\/wp\/index.php?rest_route=\/wp\/v2\/posts\/15186","targetHints":{"allow":["GET"]}}],"collection":[{"href":"https:\/\/hallein-evangelisch.at\/wp\/index.php?rest_route=\/wp\/v2\/posts"}],"about":[{"href":"https:\/\/hallein-evangelisch.at\/wp\/index.php?rest_route=\/wp\/v2\/types\/post"}],"author":[{"embeddable":true,"href":"https:\/\/hallein-evangelisch.at\/wp\/index.php?rest_route=\/wp\/v2\/users\/8"}],"replies":[{"embeddable":true,"href":"https:\/\/hallein-evangelisch.at\/wp\/index.php?rest_route=%2Fwp%2Fv2%2Fcomments&post=15186"}],"version-history":[{"count":4,"href":"https:\/\/hallein-evangelisch.at\/wp\/index.php?rest_route=\/wp\/v2\/posts\/15186\/revisions"}],"predecessor-version":[{"id":15190,"href":"https:\/\/hallein-evangelisch.at\/wp\/index.php?rest_route=\/wp\/v2\/posts\/15186\/revisions\/15190"}],"wp:featuredmedia":[{"embeddable":true,"href":"https:\/\/hallein-evangelisch.at\/wp\/index.php?rest_route=\/wp\/v2\/media\/13868"}],"wp:attachment":[{"href":"https:\/\/hallein-evangelisch.at\/wp\/index.php?rest_route=%2Fwp%2Fv2%2Fmedia&parent=15186"}],"wp:term":[{"taxonomy":"category","embeddable":true,"href":"https:\/\/hallein-evangelisch.at\/wp\/index.php?rest_route=%2Fwp%2Fv2%2Fcategories&post=15186"},{"taxonomy":"post_tag","embeddable":true,"href":"https:\/\/hallein-evangelisch.at\/wp\/index.php?rest_route=%2Fwp%2Fv2%2Ftags&post=15186"}],"curies":[{"name":"wp","href":"https:\/\/api.w.org\/{rel}","templated":true}]}}