{"id":15211,"date":"2024-10-11T09:48:06","date_gmt":"2024-10-11T07:48:06","guid":{"rendered":"https:\/\/hallein-evangelisch.at\/wp\/?p=15211"},"modified":"2024-10-11T09:49:49","modified_gmt":"2024-10-11T07:49:49","slug":"sonntagsgruss-zum-13-oktober-2024","status":"publish","type":"post","link":"https:\/\/hallein-evangelisch.at\/wp\/?p=15211","title":{"rendered":"Sonntagsgru\u00df zum 13. Oktober 2024"},"content":{"rendered":"<p>[11.10.2024]<\/p>\n<p>Liebe Mitglieder und Freunde unserer Gemeinde!<\/p>\n<p>Herzlich gr\u00fc\u00dfen wir euch mit dem biblischen Wort f\u00fcr diesen Sonntag (Micha 6,8): <em>\u201eEs ist dir gesagt, Mensch, was gut ist und was der HERR von dir fordert: nichts als Gottes Wort halten und Liebe \u00fcben und dem\u00fctig sein vor deinem Gott.\u201c<\/em><\/p>\n<p>Wie gut, dass Gott mir zusagt, was mir guttut und zu einem erf\u00fcllten und gelingenden Leben hilft! Ich bin eingeladen, mich Gott anzuvertrauen \u2013 er ist letztlich der Herr meines Lebens und dieser Welt. Wie entlastend, wenn ich nicht selber alles regeln muss. Aber ich kann in seinem Namen, respektvoll mit meinen Mitmenschen umgehen und Gottes Sch\u00f6pfung bewahren, f\u00fcr Frieden und Gerechtigkeit eintreten \u2013 Gottes Wort hilft mir dabei.<\/p>\n<p>Gott will mich durch meinen Alltag begleiten, mein ganzes Leben kann und darf Gottesdienst sein \u2013 davon handelt der angeh\u00e4ngte Sonntagsgru\u00df!<\/p>\n<p>Einen Text von Andrea Schwarz m\u00f6chten wir euch mitgeben:<\/p>\n<p><em>\u201eM\u00f6ge Gott die unstillbare Sehnsucht ausgie\u00dfen in unsere Herzen. M\u00f6ge Gott uns Mut zum Tr\u00e4umen geben und die Kraft, jeden Tag neu den Aufbruch zu wagen. M\u00f6ge Gott uns voranziehen und zugleich unser Schutz sein, und m\u00f6ge Gott uns ein Leben in F\u00fclle schenken, damit wir das Lied der Erl\u00f6sung singen.\u201c<\/em><\/p>\n<p>Euch ein gesegnetes Wochenende, an dem ihr Gottes Liebe erleben d\u00fcrft, und eine neue Woche, in der ihr Gottes Begleitung sp\u00fcrt!<\/p>\n<p><em>Eure Pfarrer Peter und Jens-Daniel<\/em><\/p>\n<hr \/>\n<h3>20. Sonntag nach Trinitatis<\/h3>\n<p>Liebe Mitglieder, Freundinnen und Freunde unserer Halleiner Pfarrgemeinde!<\/p>\n<p><img loading=\"lazy\" decoding=\"async\" class=\"alignright size-thumbnail wp-image-11657\" src=\"https:\/\/hallein-evangelisch.at\/wp\/wp-content\/uploads\/2022\/09\/peter_gabriel_1_F-300x288.png\" alt=\"\" width=\"300\" height=\"288\" srcset=\"https:\/\/hallein-evangelisch.at\/wp\/wp-content\/uploads\/2022\/09\/peter_gabriel_1_F-300x288.png 300w, https:\/\/hallein-evangelisch.at\/wp\/wp-content\/uploads\/2022\/09\/peter_gabriel_1_F-600x576.png 600w, https:\/\/hallein-evangelisch.at\/wp\/wp-content\/uploads\/2022\/09\/peter_gabriel_1_F.png 1015w\" sizes=\"auto, (max-width: 300px) 100vw, 300px\" \/>Am Wochenende war ich mit den Konfirmandinnen und Konfirmanden unserer Gemeinde f\u00fcr 4 Tage in einem evangelischen Freizeitheim in Bad Goisern \u2013 gemeinsam mit anderen Pfarrpersonen, Jugendmitarbeitenden und Konfis aus weiteren 4 Gemeinden, insgesamt \u00fcber 90 Personen.<\/p>\n<p>In diesen Tagen wird gesungen, gebetet, viel gespielt und Gemeinschaft erlebt. Wir leiten die Jugendlichen an, sich selbst besser kennenzulernen und auch einander zu begegnen, neue Freundschaften zu kn\u00fcpfen, sich als Gruppe der vielen Evangelischen zu erleben.<\/p>\n<p>Wir waren eine gute, harmonische Truppe, hatten viel Spa\u00df miteinander und haben auch Gott und Jesus in unserer Mitte erfahren. Die Jugendlichen w\u00e4ren am liebsten noch l\u00e4nger geblieben \u2013 oder m\u00f6chten m\u00f6glichst bald wieder dorthin fahren.<\/p>\n<p>Ja, solche spirituellen Hochzeiten tun einfach gut! Mir geht es seit Jugendtagen nach jedem Kirchentag so. In einer solchen Ausnahmesituation m\u00f6chte man am liebsten f\u00fcr immer bleiben. Ganz \u00e4hnlich ergeht es den drei J\u00fcngern Petrus, Jakobus und Johannes, die mit Jesus auf einen Berg gestiegen sind (Markus 9,2-10). Sie erleben, wie Mose und Elia, Propheten des Volkes Israel, mit Jesus sprechen, und begreifen: Jesus ist mehr als ein Mensch. Petrus schl\u00e4gt daraufhin vor: \u201e<em>Rabbi, hier ist f\u00fcr uns gut sein; wir wollen drei H\u00fctten bauen, dir eine, Mose eine und Elia eine.<\/em>\u201c Petrus m\u00f6chte das religi\u00f6se Erlebnis festhalten, nicht wieder hinabsteigen zu den anderen Menschen. Doch dann h\u00f6ren sie Gottes Stimme, der ihnen klarmacht, worauf es ankommt: <em>\u201eDas ist mein lieber Sohn; den sollt ihr h\u00f6ren!\u201c <\/em><\/p>\n<p>Sie sp\u00fcren, die besondere Stimmung l\u00e4sst sich nicht konservieren und so gehen sie wieder zur\u00fcck in die Niederungen des Alltags.<\/p>\n<p>F\u00fcr mich macht diese Geschichte deutlich: So wichtig religi\u00f6se oder spirituelle Spitzenerlebnisse sind und mir neue Impulse geben, so sehr soll sich mein Glaube, meine Gottesbeziehung im Alltag finden, ihn gestalten und mir Kraft f\u00fcr mein Leben geben. Die Geschichte macht mir Mut, in meinen allt\u00e4glichen Arbeiten, meinem Denken und Reden immer wieder auf Jesus zu h\u00f6ren, mich an seinem Reden, seinem Leben zu orientieren. Zugleich vertraue ich darauf: Jesus ist nicht nur an besonderen spirituellen Orten oder zu bestimmten Zeiten wie z.B. am Sonntag, sondern immer, jede Minute meines Tages bei mir. Mein ganzes Leben kann so Gottesdienst sein \u2013 getragen von Gottes Liebe, ausgerichtet an seinem Wort.<\/p>\n<p>So freue ich mich auf ein n\u00e4chstes besonderes religi\u00f6ses Erlebnis, auf den Gottesdienst am Sonntag und will zugleich mit Gott im Hier und Heute leben!<\/p>\n<p><em>Euer Pfarrer Peter Gabriel<\/em><\/p>\n","protected":false},"excerpt":{"rendered":"<div class=\"mh-excerpt\"><p>[11.10.2024] Liebe Mitglieder und Freunde unserer Gemeinde! Herzlich gr\u00fc\u00dfen wir euch mit dem biblischen Wort f\u00fcr diesen Sonntag (Micha 6,8): \u201eEs ist dir gesagt, Mensch, was gut ist und was der HERR von dir fordert: <a class=\"mh-excerpt-more\" href=\"https:\/\/hallein-evangelisch.at\/wp\/?p=15211\" title=\"Sonntagsgru\u00df zum 13. Oktober 2024\">[&#8230;]<\/a><\/p>\n<\/div>","protected":false},"author":8,"featured_media":13869,"comment_status":"closed","ping_status":"closed","sticky":false,"template":"","format":"standard","meta":{"footnotes":""},"categories":[84,102],"tags":[],"class_list":{"0":"post-15211","1":"post","2":"type-post","3":"status-publish","4":"format-standard","5":"has-post-thumbnail","7":"category-hauskirche","8":"category-sonntagsgruss"},"_links":{"self":[{"href":"https:\/\/hallein-evangelisch.at\/wp\/index.php?rest_route=\/wp\/v2\/posts\/15211","targetHints":{"allow":["GET"]}}],"collection":[{"href":"https:\/\/hallein-evangelisch.at\/wp\/index.php?rest_route=\/wp\/v2\/posts"}],"about":[{"href":"https:\/\/hallein-evangelisch.at\/wp\/index.php?rest_route=\/wp\/v2\/types\/post"}],"author":[{"embeddable":true,"href":"https:\/\/hallein-evangelisch.at\/wp\/index.php?rest_route=\/wp\/v2\/users\/8"}],"replies":[{"embeddable":true,"href":"https:\/\/hallein-evangelisch.at\/wp\/index.php?rest_route=%2Fwp%2Fv2%2Fcomments&post=15211"}],"version-history":[{"count":5,"href":"https:\/\/hallein-evangelisch.at\/wp\/index.php?rest_route=\/wp\/v2\/posts\/15211\/revisions"}],"predecessor-version":[{"id":15216,"href":"https:\/\/hallein-evangelisch.at\/wp\/index.php?rest_route=\/wp\/v2\/posts\/15211\/revisions\/15216"}],"wp:featuredmedia":[{"embeddable":true,"href":"https:\/\/hallein-evangelisch.at\/wp\/index.php?rest_route=\/wp\/v2\/media\/13869"}],"wp:attachment":[{"href":"https:\/\/hallein-evangelisch.at\/wp\/index.php?rest_route=%2Fwp%2Fv2%2Fmedia&parent=15211"}],"wp:term":[{"taxonomy":"category","embeddable":true,"href":"https:\/\/hallein-evangelisch.at\/wp\/index.php?rest_route=%2Fwp%2Fv2%2Fcategories&post=15211"},{"taxonomy":"post_tag","embeddable":true,"href":"https:\/\/hallein-evangelisch.at\/wp\/index.php?rest_route=%2Fwp%2Fv2%2Ftags&post=15211"}],"curies":[{"name":"wp","href":"https:\/\/api.w.org\/{rel}","templated":true}]}}