{"id":15225,"date":"2024-10-14T10:57:58","date_gmt":"2024-10-14T08:57:58","guid":{"rendered":"https:\/\/hallein-evangelisch.at\/wp\/?p=15225"},"modified":"2024-10-17T14:25:58","modified_gmt":"2024-10-17T12:25:58","slug":"1919-im-oktober-2024","status":"publish","type":"post","link":"https:\/\/hallein-evangelisch.at\/wp\/?p=15225","title":{"rendered":"19:19 im Oktober 2024"},"content":{"rendered":"<p>[14.10.2024 Update: 17.10.2024]<\/p>\n<p>Sehr geehrte Damen und Herren,<\/p>\n<p>am kommenden Samstag erwartet uns ein neunzehn.neunzehn, in dem Begl\u00fcckendes und Spannungsreiches im Zentrum steht, wenn Generationen einander nahestehen: Stand Wilhelm Friedemann Bach im Schatten seines ber\u00fchmten Vaters Johann Sebastian? Und was w\u00fcssten wir eigentlich \u00fcber den Vater ohne seinen Sohn Carl Philipp Emanuel?<\/p>\n<p>Andererseits: Was gibt es Sch\u00f6neres, als die eigenen Tr\u00e4ume in den Wegen der Kinder weitergesponnen zu sehen?<\/p>\n<p>Ein Thema, das auch in vielen literarischen Texten zur Sprache kommt und das uns Hannes Eichmann mit Gedichten von Friedrich R\u00fcckert, Matthias Claudius, Joachim Ringelnatz und anderen wie immer tiefsinnig-augenzwinkernd nahebringen wird.<\/p>\n<p>Ein Thema aber auch, das wir auch in Gestalt der Mitwirkenden an diesem Abend vor Augen gestellt bekommen, die Werke von J.S. Bach, W.Fr. Bach, C.Ph.E. Bach, J.J. Quantz und D. Purcell interpretieren.<\/p>\n<p>Wie immer bitte ich Sie, die Einladung weiterzugeben.<\/p>\n<p>Auf Ihr Kommen freut sich<br \/>\n<em>Ihr Peter Pr\u00f6glh\u00f6f<\/em><\/p>\n<p>Evangelisches Bildungswerk Hallein<br \/>\nHR Mag. Peter Pr\u00f6glh\u00f6f<br \/>\nDavisstra\u00dfe 38<br \/>\n5400 Hallein<br \/>\nTel. +43 6245\/80628 oder +43 699\/18877503<\/p>\n<p><a href=\"https:\/\/hallein-evangelisch.at\/wp\/wp-content\/uploads\/2024\/10\/1919_202410.png\"><img loading=\"lazy\" decoding=\"async\" class=\"aligncenter size-large wp-image-15224\" src=\"https:\/\/hallein-evangelisch.at\/wp\/wp-content\/uploads\/2024\/10\/1919_202410-725x1024.png\" alt=\"\" width=\"725\" height=\"1024\" srcset=\"https:\/\/hallein-evangelisch.at\/wp\/wp-content\/uploads\/2024\/10\/1919_202410-725x1024.png 725w, https:\/\/hallein-evangelisch.at\/wp\/wp-content\/uploads\/2024\/10\/1919_202410-600x848.png 600w, https:\/\/hallein-evangelisch.at\/wp\/wp-content\/uploads\/2024\/10\/1919_202410-300x424.png 300w, https:\/\/hallein-evangelisch.at\/wp\/wp-content\/uploads\/2024\/10\/1919_202410.png 1080w\" sizes=\"auto, (max-width: 725px) 100vw, 725px\" \/><\/a><\/p>\n","protected":false},"excerpt":{"rendered":"<div class=\"mh-excerpt\"><p>[14.10.2024 Update: 17.10.2024] Sehr geehrte Damen und Herren, am kommenden Samstag erwartet uns ein neunzehn.neunzehn, in dem Begl\u00fcckendes und Spannungsreiches im Zentrum steht, wenn Generationen einander nahestehen: Stand Wilhelm Friedemann Bach im Schatten seines ber\u00fchmten <a class=\"mh-excerpt-more\" href=\"https:\/\/hallein-evangelisch.at\/wp\/?p=15225\" title=\"19:19 im Oktober 2024\">[&#8230;]<\/a><\/p>\n<\/div>","protected":false},"author":8,"featured_media":14481,"comment_status":"closed","ping_status":"closed","sticky":false,"template":"","format":"standard","meta":{"footnotes":""},"categories":[31],"tags":[],"class_list":{"0":"post-15225","1":"post","2":"type-post","3":"status-publish","4":"format-standard","5":"has-post-thumbnail","7":"category-kultur"},"_links":{"self":[{"href":"https:\/\/hallein-evangelisch.at\/wp\/index.php?rest_route=\/wp\/v2\/posts\/15225","targetHints":{"allow":["GET"]}}],"collection":[{"href":"https:\/\/hallein-evangelisch.at\/wp\/index.php?rest_route=\/wp\/v2\/posts"}],"about":[{"href":"https:\/\/hallein-evangelisch.at\/wp\/index.php?rest_route=\/wp\/v2\/types\/post"}],"author":[{"embeddable":true,"href":"https:\/\/hallein-evangelisch.at\/wp\/index.php?rest_route=\/wp\/v2\/users\/8"}],"replies":[{"embeddable":true,"href":"https:\/\/hallein-evangelisch.at\/wp\/index.php?rest_route=%2Fwp%2Fv2%2Fcomments&post=15225"}],"version-history":[{"count":4,"href":"https:\/\/hallein-evangelisch.at\/wp\/index.php?rest_route=\/wp\/v2\/posts\/15225\/revisions"}],"predecessor-version":[{"id":15229,"href":"https:\/\/hallein-evangelisch.at\/wp\/index.php?rest_route=\/wp\/v2\/posts\/15225\/revisions\/15229"}],"wp:featuredmedia":[{"embeddable":true,"href":"https:\/\/hallein-evangelisch.at\/wp\/index.php?rest_route=\/wp\/v2\/media\/14481"}],"wp:attachment":[{"href":"https:\/\/hallein-evangelisch.at\/wp\/index.php?rest_route=%2Fwp%2Fv2%2Fmedia&parent=15225"}],"wp:term":[{"taxonomy":"category","embeddable":true,"href":"https:\/\/hallein-evangelisch.at\/wp\/index.php?rest_route=%2Fwp%2Fv2%2Fcategories&post=15225"},{"taxonomy":"post_tag","embeddable":true,"href":"https:\/\/hallein-evangelisch.at\/wp\/index.php?rest_route=%2Fwp%2Fv2%2Ftags&post=15225"}],"curies":[{"name":"wp","href":"https:\/\/api.w.org\/{rel}","templated":true}]}}