{"id":15231,"date":"2024-10-17T19:52:06","date_gmt":"2024-10-17T17:52:06","guid":{"rendered":"https:\/\/hallein-evangelisch.at\/wp\/?p=15231"},"modified":"2024-11-02T23:11:07","modified_gmt":"2024-11-02T22:11:07","slug":"friedensgebet","status":"publish","type":"post","link":"https:\/\/hallein-evangelisch.at\/wp\/?p=15231","title":{"rendered":"Halleiner Friedensgebet"},"content":{"rendered":"<p>[17.10.2024 | Update 17.10.2024 20:45 | Update 02.11.2024 23:10]<\/p>\n<p>Es war so eine Hoffnung gebende Veranstaltung inmitten einer Welt, in der die Kriege mehr und nicht weniger werden und in der Religionen gegeneinander ausgespielt und benutzt werden, um Feindschaften zwischen V\u00f6lkern zu s\u00e4en. Hoffnung machte das Friedensgebet deshalb, da dieses Gebet eben keine Demonstration f\u00fcr oder gegen eine &#8222;Seite&#8220; war, sondern das gelungen ist, was von Anfang an erhofft wurde: Dass sich Frauen und M\u00e4nner und Kinder aus Hallein aus den unterschiedlichsten Religionen friedlich und miteinander am Bayrhamerplatz versammelt haben um gemeinsam f\u00fcr den Frieden aller Menschen zu beten.<\/p>\n<p><a href=\"https:\/\/hallein-evangelisch.at\/wp\/wp-content\/uploads\/2024\/10\/IMG_8474-scaled.jpeg\"><img loading=\"lazy\" decoding=\"async\" class=\"aligncenter wp-image-15236 size-large\" src=\"https:\/\/hallein-evangelisch.at\/wp\/wp-content\/uploads\/2024\/10\/IMG_8474-1024x488.jpeg\" alt=\"\" width=\"1024\" height=\"488\" srcset=\"https:\/\/hallein-evangelisch.at\/wp\/wp-content\/uploads\/2024\/10\/IMG_8474-1024x488.jpeg 1024w, https:\/\/hallein-evangelisch.at\/wp\/wp-content\/uploads\/2024\/10\/IMG_8474-600x286.jpeg 600w, https:\/\/hallein-evangelisch.at\/wp\/wp-content\/uploads\/2024\/10\/IMG_8474-300x143.jpeg 300w, https:\/\/hallein-evangelisch.at\/wp\/wp-content\/uploads\/2024\/10\/IMG_8474-1536x732.jpeg 1536w, https:\/\/hallein-evangelisch.at\/wp\/wp-content\/uploads\/2024\/10\/IMG_8474-2048x976.jpeg 2048w\" sizes=\"auto, (max-width: 1024px) 100vw, 1024px\" \/><\/a><\/p>\n<p>Und so wurden von den Vertretern der Religionsgemeinschaften Gebete vorgetragen, die ihren Ursprung in den B\u00fcchern der jeweiligen Religionsgemeinschaften haben &#8211; welch wunderbares Zeichen f\u00fcr ein Miteinander der Religionen. In der &#8222;Interreligi\u00f6sen Plattform Hallein&#8220; treffen sich regelm\u00e4\u00dfig F\u00fchrungskr\u00e4fte aus der r\u00f6m. kath. Kirche, der evangelischen Kirche, der ALIF-Moschee, der orthodoxen Kirche und der 7-Tages-Adventisten.<\/p>\n<p>Musikalisch umrahmt wurde die Gebetsfeier von einer Bl\u00e4sergruppe des B\u00fcrgerkorps Hallein und von Sch\u00fclerinnen und Sch\u00fclern der Mittelschule Hallein-Burgfried.<\/p>\n<p><a href=\"https:\/\/hallein-evangelisch.at\/wp\/wp-content\/uploads\/2024\/10\/IMG_8476.jpeg\"><img loading=\"lazy\" decoding=\"async\" class=\"wp-image-15233 size-large\" src=\"https:\/\/hallein-evangelisch.at\/wp\/wp-content\/uploads\/2024\/10\/IMG_8476-1024x740.jpeg\" alt=\"\" width=\"1024\" height=\"740\" srcset=\"https:\/\/hallein-evangelisch.at\/wp\/wp-content\/uploads\/2024\/10\/IMG_8476-1024x740.jpeg 1024w, https:\/\/hallein-evangelisch.at\/wp\/wp-content\/uploads\/2024\/10\/IMG_8476-600x433.jpeg 600w, https:\/\/hallein-evangelisch.at\/wp\/wp-content\/uploads\/2024\/10\/IMG_8476-300x217.jpeg 300w, https:\/\/hallein-evangelisch.at\/wp\/wp-content\/uploads\/2024\/10\/IMG_8476.jpeg 1267w\" sizes=\"auto, (max-width: 1024px) 100vw, 1024px\" \/><\/a><\/p>\n<h3>Halleiner Friedenserkl\u00e4rung<\/h3>\n<p>Basierend auf der &#8222;K\u00f6lner Friedensverpflichtung&#8220; aus dem Jahr 2006 hat die &#8222;Interreligi\u00f6se Plattform Hallein&#8220; einstimmig die nachstehende Erkl\u00e4rung bzw. Selbstverpflichtung anl\u00e4sslich des Friedensgebetes ver\u00f6ffentlicht. Dieser Erkl\u00e4rung ist wohl nichts hinzuzuf\u00fcgen.<\/p>\n<p><em>T\u00e4glich werden zahllose Menschen Opfer von Fanatismus, Krieg und terroristischen Anschl\u00e4gen. Menschen werden get\u00f6tet, misshandelt und entw\u00fcrdigt. Religion wird immer wieder f\u00fcr die Anwendung von Terror instrumentalisiert und missbraucht. Die Gewalt und der Hass, der Terror und die Kriege in der Welt ersch\u00fcttern uns und fordern uns zur Besinnung und zum Handeln heraus.<\/em><\/p>\n<p><em>Wir erkl\u00e4ren heute, dass Gewalt und Terror nicht sein darf und dem authentischen Geist unserer Religionen widersprechen. Unsere Religionen zielen auf ein friedliches und konstruktives Zusammenleben aller Menschen gleich welcher Religionszugeh\u00f6rigkeit. F\u00fcr uns gilt unverr\u00fcckbar: Die W\u00fcrde eines jeden Menschen ist unantastbar: die W\u00fcrde eines jeden Kindes, jeder Frau und jedes Mannes. Als Religionsgemeinschaften verpflichten wir uns:<\/em><\/p>\n<ul>\n<li><em>jeder Verhetzung und Erniedrigung von Menschen entgegenzutreten,<\/em><\/li>\n<li><em>f\u00fcr ein friedliches Zusammenleben von Menschen unterschiedlicher Religionen, Kulturen und ethnischer Gruppen einzutreten und Menschen zusammenzuf\u00fchren, die bislang den Kontakt zu anderen gescheut haben,<\/em><\/li>\n<li><em>den anderen zuzuh\u00f6ren und die \u00c4ngste der anderen ebenso wahrzunehmen wie die eigenen,<\/em><\/li>\n<li><em>unseren Beitrag f\u00fcr eine Gesellschaft zu leisten, die nicht nur durch Toleranz, sondern von Respekt und Achtung gepr\u00e4gt ist,<\/em><\/li>\n<li><em>eine Gesellschaft mitzugestalten, in der alle Religionsgemeinschaften, die sich f\u00fcr Frieden und Gerechtigkeit einsetzen, ihren unumstrittenen Platz haben,<\/em><\/li>\n<li><em>in der Erziehung zum Abbau von Vorurteilen und zu gegenseitigem Verst\u00e4ndnis zu wirken,<\/em><\/li>\n<li><em>zur Verst\u00e4ndigung, zur Begegnung und zu einem Dialog der Religionen, der Gemeinsamkeiten entdecken hilft und Verschiedenheiten achtet.<\/em><\/li>\n<\/ul>\n<p><em>Mit unserer ganzen Kraft wollen wir dazu beitragen, dass Hass und Gewalt \u00fcberwunden werden und Menschen in unserer Stadt Hallein, im Tennengau und \u00fcberall auf der Welt in Frieden, Sicherheit, Gerechtigkeit und Freiheit leben k\u00f6nnen. Gemeinschaften und Initiativen ebenso wie einzelne Personen jeden Glaubens und jeder Weltanschauung sind eingeladen, sich dieser Erkl\u00e4rung anzuschlie\u00dfen und in ihrem Sinne zu wirken.<\/em><\/p>\n<figure id=\"attachment_15250\" aria-describedby=\"caption-attachment-15250\" style=\"width: 1024px\" class=\"wp-caption aligncenter\"><a href=\"https:\/\/hallein-evangelisch.at\/wp\/wp-content\/uploads\/2024\/10\/friedensgebet_a.jpeg\"><img loading=\"lazy\" decoding=\"async\" class=\"wp-image-15250 size-large\" src=\"https:\/\/hallein-evangelisch.at\/wp\/wp-content\/uploads\/2024\/10\/friedensgebet_a-1024x865.jpeg\" alt=\"\" width=\"1024\" height=\"865\" srcset=\"https:\/\/hallein-evangelisch.at\/wp\/wp-content\/uploads\/2024\/10\/friedensgebet_a-1024x865.jpeg 1024w, https:\/\/hallein-evangelisch.at\/wp\/wp-content\/uploads\/2024\/10\/friedensgebet_a-600x507.jpeg 600w, https:\/\/hallein-evangelisch.at\/wp\/wp-content\/uploads\/2024\/10\/friedensgebet_a-300x254.jpeg 300w, https:\/\/hallein-evangelisch.at\/wp\/wp-content\/uploads\/2024\/10\/friedensgebet_a-1536x1298.jpeg 1536w, https:\/\/hallein-evangelisch.at\/wp\/wp-content\/uploads\/2024\/10\/friedensgebet_a.jpeg 1600w\" sizes=\"auto, (max-width: 1024px) 100vw, 1024px\" \/><\/a><figcaption id=\"caption-attachment-15250\" class=\"wp-caption-text\">Im Bild (von links): M\u00fckremin Baran, Mehmet K\u0131l\u0131\u00e7 (Imam der ALIF-Moschee), Ilias Papadopoulos (orthodoxer Priester), Peter Gabriel Pfarrer (Evangelische Gemeinde Hallein), Andrea Leisinger (r.k. Pfarre Hallein), Leendert Brouwer (Pastor der 7-Tags-Adventisten), Markus Danner (Pfarrer r.k. Pfarre Hallein)<\/figcaption><\/figure>\n<h3 style=\"font-weight: 400;\"><strong>Biblischer Text<\/strong><\/h3>\n<p style=\"font-weight: 400;\">Frieden ist mehr als das Schweigen der Waffen. Frieden kann es nur geben, wenn Menschen das zum Leben Notwendige haben, wenn ihnen mit Respekt begegnet wird, wenn Gerechtigkeit herrscht.<\/p>\n<p style=\"font-weight: 400;\">Von dieser Vision eines umfassenden Friedens schreibt der Prophet Micha (4,2-4 Basisb.):<br \/>\n<em>\u201eDas Wort des Herrn geht von Jerusalem aus. Er schlichtet Streit zwischen vielen V\u00f6lkern. Er sorgt f\u00fcr das Recht unter m\u00e4chtigen Staaten, bis hin in die fernsten L\u00e4nder. Dann werden sie Pflugscharen schmieden aus den Klingen ihrer Schwerter. Und sie werden Winzermesser herstellen aus den Eisenspitzen ihrer Lanzen. Dann wird es kein einziges Volk mehr geben, das sein Schwert gegen ein anderes richtet. Niemand wird mehr f\u00fcr den Krieg ausgebildet. Jeder wird unter seinem Weinstock sitzen und unter seinem Feigenbaum. Niemand wird ihren Frieden st\u00f6ren. Denn der Herr Zebaot hat es so bestimmt.<\/em>\u201c<\/p>\n<p><a href=\"https:\/\/hallein-evangelisch.at\/wp\/wp-content\/uploads\/2024\/10\/IMG_8467-scaled.jpeg\"><img loading=\"lazy\" decoding=\"async\" class=\"aligncenter size-large wp-image-15251\" src=\"https:\/\/hallein-evangelisch.at\/wp\/wp-content\/uploads\/2024\/10\/IMG_8467-1024x350.jpeg\" alt=\"\" width=\"1024\" height=\"350\" srcset=\"https:\/\/hallein-evangelisch.at\/wp\/wp-content\/uploads\/2024\/10\/IMG_8467-1024x350.jpeg 1024w, https:\/\/hallein-evangelisch.at\/wp\/wp-content\/uploads\/2024\/10\/IMG_8467-600x205.jpeg 600w, https:\/\/hallein-evangelisch.at\/wp\/wp-content\/uploads\/2024\/10\/IMG_8467-300x103.jpeg 300w, https:\/\/hallein-evangelisch.at\/wp\/wp-content\/uploads\/2024\/10\/IMG_8467-1536x525.jpeg 1536w, https:\/\/hallein-evangelisch.at\/wp\/wp-content\/uploads\/2024\/10\/IMG_8467-2048x701.jpeg 2048w\" sizes=\"auto, (max-width: 1024px) 100vw, 1024px\" \/><\/a><\/p>\n<p style=\"font-weight: 400;\"><strong>Gebet\u00a0<\/strong><strong>Orthodox <\/strong>(Vers\u00f6hnung\/Vergebung)<\/p>\n<p style=\"font-weight: 400;\">\u201eAllm\u00e4chtiger Dreieiner Gott und Sch\u00f6pfer, du bist der Vater aller Menschen auf der Erde. F\u00fchre, so beten wir, alle Nationen auf den Wegen der Gerechtigkeit und des Friedens. Besch\u00fctze uns vor den \u00dcbeln der Ungerechtigkeit, Vorurteile, Ausbeutung, Konflikte und Kriege. Hilf uns, Misstrauen, Bitterkeit und Hass abzulegen.<\/p>\n<p style=\"font-weight: 400;\">Lehre uns, keine Kriegsger\u00e4te mehr aufzubewahren und zu verwenden. F\u00fchre uns, Frieden, Respekt und Freiheit zu finden. Vereinige uns in der Herstellung und Weitergabe von Werkzeugen des Friedens gegen Unwissenheit, Armut, Krankheit und Unterdr\u00fcckung. Gib uns die Kraft, dass wir als Br\u00fcder und Schwestern, die nach deinem Bild geschaffen sind, in Harmonie und Freundschaft wachsen, zu deiner Ehre und deinem Lob. Amen.\u201c<\/p>\n<p style=\"font-weight: 400;\"><strong>Gebet Evangelisch <\/strong>(Opfer von Gewalt)<\/p>\n<p style=\"font-weight: 400;\"><em>Gott, du begegnest uns mit Liebe und w\u00fcnscht dir, dass wir als Menschen respektvoll miteinander umgehen.<\/em><\/p>\n<p style=\"font-weight: 400;\"><em>Wir denken heute vor dir besonders an die Menschen, die Opfer von Gewalt werden \u2013 bei uns und \u00fcberall auf der Welt. Gewalt durch Worte, Mobbing, durch Hunger und durch Waffen und Krieg.<\/em><\/p>\n<p style=\"font-weight: 400;\"><em>\u00d6ffne unsere Augen, mach unsere Herzen weit f\u00fcr all die Menschen, die t\u00e4glich in den vielen Kriegsgebieten dieser Welt ums \u00dcberleben k\u00e4mpfen m\u00fcssen und mit dem gewaltsamen Tod ihrer Lieben zurechtkommen m\u00fcssen.<\/em><\/p>\n<p style=\"font-weight: 400;\"><em>Lass uns aufstehen gegen die, die mit Waffengewalt und Krieg ihre Interessen durchsetzen wollen. Lass uns beten und k\u00e4mpfen f\u00fcr ein friedliches Miteinander zwischen Menschen, V\u00f6lkern und Staaten!\u201c<\/em><\/p>\n<p style=\"font-weight: 400;\"><strong>Bebet ALIF<\/strong> (Gerechtigkeit)<\/p>\n<p style=\"font-weight: 400;\"><em>O ALLAH! Einer deiner Namen ist \u201eEl Adl\u201c, das hei\u00dft der Gerechte.<br \/>\n<\/em><em>Du bist der, der uns aus Nichts erschaffen hat, uns am Leben erh\u00e4lt und uns mit all deinem Segen ausgestattet hat.<br \/>\n<\/em><em>O ALLAH, erm\u00f6gliche uns, zu allen Menschen auf der Erde gerecht zu sein sowie all deine Gesch\u00f6pfe zu lieben.<br \/>\n<\/em><em>Schenke uns das Bewusstsein, dass \u00dcberlegenheit nur durch gute Moral und Gerechtigkeit erreicht wird.<br \/>\n<\/em><em>Du hast uns befohlen, gerecht zu handeln und all unsere Urteile auf einer gerechten Weise zu f\u00e4llen!<br \/>\n<\/em><em>Schenke uns die F\u00e4higkeit, sowohl den Menschen als auch allen anderen Lebewesen gegen\u00fcber, stets gerecht und freundlich zu sein.<br \/>\n<\/em><em>Lass uns immer fair und ehrlich sein, bis wir zu dir zur\u00fcckkehren.<br \/>\n<\/em><em>In einer Welt, die von so viel Ungerechtigkeit umgeben ist, sind wir alle auf deine Gnade und Barmherzigkeit angewiesen!<\/em><\/p>\n<p style=\"font-weight: 400;\"><strong>Gebet R\u00f6m.-kath.<\/strong> (Toleranz\/Respekt\/Achtung)<\/p>\n<p style=\"font-weight: 400;\"><em>Herr, mach mich zu einem Werkzeug deines Friedens,<\/em><br \/>\n<em>dass ich liebe, wo man hasst;<\/em><\/p>\n<p style=\"font-weight: 400;\"><em>dass ich verzeihe, wo man beleidigt;<\/em><br \/>\n<em>dass ich verbinde, wo Streit ist;<\/em><\/p>\n<p style=\"font-weight: 400;\"><em>dass ich die Wahrheit sage, wo Irrtum ist;<\/em><\/p>\n<p style=\"font-weight: 400;\"><em>dass ich Glauben bringe, wo Zweifel droht;<\/em><\/p>\n<p style=\"font-weight: 400;\"><em>dass ich Hoffnung wecke, wo Verzweiflung qu\u00e4lt;<\/em><br \/>\n<em>dass ich Licht entz\u00fcnde, wo Finsternis regiert;<\/em><\/p>\n<p style=\"font-weight: 400;\"><em>dass ich Freude bringe, wo der Kummer wohnt.<\/em><\/p>\n<p style=\"font-weight: 400;\"><em>Herr, lass mich trachten,<\/em><br \/>\n<em>nicht, dass ich getr\u00f6stet werde, sondern dass ich tr\u00f6ste;<\/em><br \/>\n<em>nicht, dass ich verstanden werde, sondern dass ich verstehe;<\/em><br \/>\n<em>nicht, dass ich geliebt werde, sondern dass ich liebe.<\/em><\/p>\n<p style=\"font-weight: 400;\"><em>Die Welt braucht Frieden. Aber der Frieden f\u00e4llt \u201enicht vom Himmel\u201c. Daf\u00fcr braucht es unser Zutun. Wir beten hier gemeinsam darum, dass wir unsere Hoffnung nicht aufgeben. Wir sind alle Geschwister und k\u00f6nnen einander beistehen.<\/em><\/p>\n<p style=\"font-weight: 400;\"><em>Auch wenn unsere Gebete die Kriege in der Welt nicht stoppen, beten wir f\u00fcr daf\u00fcr, dass wir stark sind und solidarisch mit denen, die unter den gewaltt\u00e4tigen Auseinandersetzungen leiden.<\/em><\/p>\n<p style=\"font-weight: 400;\"><strong>Gebet 7-Tags-Adventisten<\/strong> (Hoffnung)<\/p>\n<p style=\"font-weight: 400;\"><em>Unsere Hoffnung ist im Namen des HERRN, der Himmel und Erde gemacht hat.<br \/>\n<\/em><em>Es war Finsternis, und du sagtest: Es werde Licht.<br \/>\n<\/em><em>Du sandtest deinen Sohn, damit es Licht sei.<br \/>\n<\/em><em>Er ist das Licht, das in der Finsternis leuchtet,<br \/>\n<\/em><em>in die Welt gekommen, ohne dass die Finsternis es \u00fcberwunden hat.<br \/>\n<\/em><em>Unsere Hoffnung ist im Namen deines Sohns,<br \/>\n<\/em><em>das wahre Licht, das jedem Licht gibt.<br \/>\n<\/em><em>Er hat uns berufen, um ein Licht der Welt zu sein,<br \/>\n<\/em><em>um unser Licht vor anderen leuchten zu lassen,<br \/>\n<\/em><em>zur Ehre unseres Vaters im Himmel.<br \/>\n<\/em><em>In einer Welt, versunken in Gewalt und Hass, erbitten wir deinen Segen<br \/>\n<\/em><em>damit wir als sanftm\u00fctige, barmherzige Friedensstifter wirken k\u00f6nnen<br \/>\n<\/em><em>mit einem reinen Herzen, dich einst anschauen werden am j\u00fcngsten Tag.<\/em><\/p>\n","protected":false},"excerpt":{"rendered":"<div class=\"mh-excerpt\"><p>[17.10.2024 | Update 17.10.2024 20:45 | Update 02.11.2024 23:10] Es war so eine Hoffnung gebende Veranstaltung inmitten einer Welt, in der die Kriege mehr und nicht weniger werden und in der Religionen gegeneinander ausgespielt und <a class=\"mh-excerpt-more\" href=\"https:\/\/hallein-evangelisch.at\/wp\/?p=15231\" title=\"Halleiner Friedensgebet\">[&#8230;]<\/a><\/p>\n<\/div>","protected":false},"author":8,"featured_media":15245,"comment_status":"closed","ping_status":"closed","sticky":false,"template":"","format":"standard","meta":{"footnotes":""},"categories":[86],"tags":[],"class_list":{"0":"post-15231","1":"post","2":"type-post","3":"status-publish","4":"format-standard","5":"has-post-thumbnail","7":"category-solidarisch"},"_links":{"self":[{"href":"https:\/\/hallein-evangelisch.at\/wp\/index.php?rest_route=\/wp\/v2\/posts\/15231","targetHints":{"allow":["GET"]}}],"collection":[{"href":"https:\/\/hallein-evangelisch.at\/wp\/index.php?rest_route=\/wp\/v2\/posts"}],"about":[{"href":"https:\/\/hallein-evangelisch.at\/wp\/index.php?rest_route=\/wp\/v2\/types\/post"}],"author":[{"embeddable":true,"href":"https:\/\/hallein-evangelisch.at\/wp\/index.php?rest_route=\/wp\/v2\/users\/8"}],"replies":[{"embeddable":true,"href":"https:\/\/hallein-evangelisch.at\/wp\/index.php?rest_route=%2Fwp%2Fv2%2Fcomments&post=15231"}],"version-history":[{"count":16,"href":"https:\/\/hallein-evangelisch.at\/wp\/index.php?rest_route=\/wp\/v2\/posts\/15231\/revisions"}],"predecessor-version":[{"id":15364,"href":"https:\/\/hallein-evangelisch.at\/wp\/index.php?rest_route=\/wp\/v2\/posts\/15231\/revisions\/15364"}],"wp:featuredmedia":[{"embeddable":true,"href":"https:\/\/hallein-evangelisch.at\/wp\/index.php?rest_route=\/wp\/v2\/media\/15245"}],"wp:attachment":[{"href":"https:\/\/hallein-evangelisch.at\/wp\/index.php?rest_route=%2Fwp%2Fv2%2Fmedia&parent=15231"}],"wp:term":[{"taxonomy":"category","embeddable":true,"href":"https:\/\/hallein-evangelisch.at\/wp\/index.php?rest_route=%2Fwp%2Fv2%2Fcategories&post=15231"},{"taxonomy":"post_tag","embeddable":true,"href":"https:\/\/hallein-evangelisch.at\/wp\/index.php?rest_route=%2Fwp%2Fv2%2Ftags&post=15231"}],"curies":[{"name":"wp","href":"https:\/\/api.w.org\/{rel}","templated":true}]}}