{"id":15735,"date":"2024-12-13T14:40:25","date_gmt":"2024-12-13T13:40:25","guid":{"rendered":"https:\/\/hallein-evangelisch.at\/wp\/?p=15735"},"modified":"2024-12-16T10:33:32","modified_gmt":"2024-12-16T09:33:32","slug":"wir-suchen-begleitung-beim-spazierengehen","status":"publish","type":"post","link":"https:\/\/hallein-evangelisch.at\/wp\/?p=15735","title":{"rendered":"Wir suchen: Begleitung beim Spazierengehen"},"content":{"rendered":"<p>[13.12.2024]<\/p>\n<p>Du liebst es drau\u00dfen zu sein und bist gerne an der frischen Luft? Aber alleine macht dir das Spazierengehen nicht viel Spa\u00df? Dann haben wir eine Idee f\u00fcr dich!<\/p>\n<p>Wir suchen f\u00fcr einen Herrn (\u00dc60) eine Begleitung zum Spazieren im Raum Hallein. Egal ob du unter Woche oder am Wochenende Zeit hast, er freut sich sehr \u00fcber 2-3 Spazierg\u00e4nge pro Monat.<\/p>\n<p>Ja, ich m\u00f6chte unterst\u00fctzen!<\/p>\n<p>Wir freuen uns auf deinen Anruf oder deine Email!<br \/>\ndalete@hallein-evangelisch.at bzw. +43 699 188 77 597<\/p>\n<p>Herzlichen Dank!<\/p>\n<p>(Beitragsbild: Lotz in gemeindebrief.de)<\/p>\n","protected":false},"excerpt":{"rendered":"<div class=\"mh-excerpt\"><p>[13.12.2024] Du liebst es drau\u00dfen zu sein und bist gerne an der frischen Luft? Aber alleine macht dir das Spazierengehen nicht viel Spa\u00df? Dann haben wir eine Idee f\u00fcr dich! Wir suchen f\u00fcr einen Herrn <a class=\"mh-excerpt-more\" href=\"https:\/\/hallein-evangelisch.at\/wp\/?p=15735\" title=\"Wir suchen: Begleitung beim Spazierengehen\">[&#8230;]<\/a><\/p>\n<\/div>","protected":false},"author":8,"featured_media":15738,"comment_status":"closed","ping_status":"closed","sticky":false,"template":"","format":"standard","meta":{"footnotes":""},"categories":[107,109],"tags":[],"class_list":{"0":"post-15735","1":"post","2":"type-post","3":"status-publish","4":"format-standard","5":"has-post-thumbnail","7":"category-das-leben-teilen","8":"category-wir-suchen-wir-bieten"},"_links":{"self":[{"href":"https:\/\/hallein-evangelisch.at\/wp\/index.php?rest_route=\/wp\/v2\/posts\/15735","targetHints":{"allow":["GET"]}}],"collection":[{"href":"https:\/\/hallein-evangelisch.at\/wp\/index.php?rest_route=\/wp\/v2\/posts"}],"about":[{"href":"https:\/\/hallein-evangelisch.at\/wp\/index.php?rest_route=\/wp\/v2\/types\/post"}],"author":[{"embeddable":true,"href":"https:\/\/hallein-evangelisch.at\/wp\/index.php?rest_route=\/wp\/v2\/users\/8"}],"replies":[{"embeddable":true,"href":"https:\/\/hallein-evangelisch.at\/wp\/index.php?rest_route=%2Fwp%2Fv2%2Fcomments&post=15735"}],"version-history":[{"count":8,"href":"https:\/\/hallein-evangelisch.at\/wp\/index.php?rest_route=\/wp\/v2\/posts\/15735\/revisions"}],"predecessor-version":[{"id":15747,"href":"https:\/\/hallein-evangelisch.at\/wp\/index.php?rest_route=\/wp\/v2\/posts\/15735\/revisions\/15747"}],"wp:featuredmedia":[{"embeddable":true,"href":"https:\/\/hallein-evangelisch.at\/wp\/index.php?rest_route=\/wp\/v2\/media\/15738"}],"wp:attachment":[{"href":"https:\/\/hallein-evangelisch.at\/wp\/index.php?rest_route=%2Fwp%2Fv2%2Fmedia&parent=15735"}],"wp:term":[{"taxonomy":"category","embeddable":true,"href":"https:\/\/hallein-evangelisch.at\/wp\/index.php?rest_route=%2Fwp%2Fv2%2Fcategories&post=15735"},{"taxonomy":"post_tag","embeddable":true,"href":"https:\/\/hallein-evangelisch.at\/wp\/index.php?rest_route=%2Fwp%2Fv2%2Ftags&post=15735"}],"curies":[{"name":"wp","href":"https:\/\/api.w.org\/{rel}","templated":true}]}}