{"id":1593,"date":"2017-03-24T08:00:13","date_gmt":"2017-03-24T08:00:13","guid":{"rendered":"http:\/\/hallein-evangelisch.at\/wp\/?p=1593"},"modified":"2018-02-28T09:54:56","modified_gmt":"2018-02-28T09:54:56","slug":"meine-hoffnung-und-meine-freude","status":"publish","type":"post","link":"https:\/\/hallein-evangelisch.at\/wp\/?p=1593","title":{"rendered":"Fastenaktion am 4. April l\u00e4dt ein nach Taiz\u00e9"},"content":{"rendered":"<p>[2017-03-24]<\/p>\n<figure id=\"attachment_1614\" aria-describedby=\"caption-attachment-1614\" style=\"width: 300px\" class=\"wp-caption alignnone\"><img loading=\"lazy\" decoding=\"async\" class=\"size-medium wp-image-1614\" src=\"http:\/\/hallein-evangelisch.at\/wp\/wp-content\/uploads\/2017\/03\/fa2017-4-3038-300x169.jpg\" alt=\"Ester Handschin\" width=\"300\" height=\"169\" srcset=\"https:\/\/hallein-evangelisch.at\/wp\/wp-content\/uploads\/2017\/03\/fa2017-4-3038-300x169.jpg 300w, https:\/\/hallein-evangelisch.at\/wp\/wp-content\/uploads\/2017\/03\/fa2017-4-3038-600x337.jpg 600w, https:\/\/hallein-evangelisch.at\/wp\/wp-content\/uploads\/2017\/03\/fa2017-4-3038-678x381.jpg 678w, https:\/\/hallein-evangelisch.at\/wp\/wp-content\/uploads\/2017\/03\/fa2017-4-3038-1024x576.jpg 1024w\" sizes=\"auto, (max-width: 300px) 100vw, 300px\" \/><figcaption id=\"caption-attachment-1614\" class=\"wp-caption-text\">Ester Handschin beim vorletzten Abend der Fastenaktion im Pfarrzentrum Rif<\/figcaption><\/figure>\n<figure id=\"attachment_1616\" aria-describedby=\"caption-attachment-1616\" style=\"width: 300px\" class=\"wp-caption alignnone\"><img loading=\"lazy\" decoding=\"async\" class=\"size-medium wp-image-1616\" src=\"http:\/\/hallein-evangelisch.at\/wp\/wp-content\/uploads\/2017\/03\/fa2017-4-3021-300x169.jpg\" alt=\"Ingrid Leitner\" width=\"300\" height=\"169\" srcset=\"https:\/\/hallein-evangelisch.at\/wp\/wp-content\/uploads\/2017\/03\/fa2017-4-3021-300x169.jpg 300w, https:\/\/hallein-evangelisch.at\/wp\/wp-content\/uploads\/2017\/03\/fa2017-4-3021-600x337.jpg 600w, https:\/\/hallein-evangelisch.at\/wp\/wp-content\/uploads\/2017\/03\/fa2017-4-3021-678x381.jpg 678w, https:\/\/hallein-evangelisch.at\/wp\/wp-content\/uploads\/2017\/03\/fa2017-4-3021-1024x576.jpg 1024w\" sizes=\"auto, (max-width: 300px) 100vw, 300px\" \/><figcaption id=\"caption-attachment-1616\" class=\"wp-caption-text\">Ingrid Leitner referierte das Thema aus katholischer Sicht,<\/figcaption><\/figure>\n<h1>Letzter Abend der Fastenaktion 2017<\/h1>\n<p>Die erfolgreiche Fastenaktion 2017 bietet zum Abschluss am 4. April 2017 ab 19:30 Uhr in der r\u00f6m. kath. Kirche in Rehhof (Tuval-Stra\u00dfe 16) einen Weg nach Innen.<\/p>\n<p>Unter dem Titel &#8222;Meine Hoffnung und meine Freude&#8220; laden ein Pfarrerin Mag. Melanie Dormann von der evangelischen Kirche und Pastoralassistent Mag. Klaus Leisinger von der r\u00f6m. kath. Kirche.<\/p>\n<ul>\n<li>Taiz\u00e9 &#8211; ein kleiner Ort im Burgund in Frankreich, der jedes Jahr Tausende von zumeist jungen Menschen aus aller Welt anzieht.<\/li>\n<li>Taiz\u00e9 &#8211; eine Br\u00fcdergemeinde, gegr\u00fcndet vor rund 70 Jahren von Fr\u00e8re Roger, einem Protestanten.<\/li>\n<li>Taiz\u00e9 &#8211; eine Gemeinschaft von Br\u00fcdern verschiedener christlicher Konfessionen aus 25 L\u00e4ndern.<\/li>\n<li>Taiz\u00e9 &#8211; das ist Gemeinschaft, Einfachheit, Frieden, Glauben leben und erleben, mit Menschen aus aller Welt ins Gespr\u00e4ch kommen, Singen, Beten, die Stille genie\u00dfen.<\/li>\n<li>Taiz\u00e9 &#8211; das ist gelebte \u00d6kumene.<\/li>\n<\/ul>\n<p>An diesem Abend nehmen wir\u00a0 Sie gedanklich mit an diesen\u00a0besonderen Ort.\u00a0Nach einer Einf\u00fchrung zur Geschichte\u00a0und Entstehung der\u00a0Br\u00fcdergemeinde, pers\u00f6nlichen\u00a0Berichten \u00fcber die Jugendtreffen\u00a0und die Gebete, singen und beten\u00a0wir gemeinsam mit den Ges\u00e4ngen\u00a0aus Taiz\u00e9, h\u00f6ren Worte aus\u00a0der Bibel und lassen uns ein auf\u00a0einige Minuten der Stille.<\/p>\n<p>Fotos von den Abenden 1, 2 und 4 k\u00f6nnen unter der nachstehenden Adresse angesehen werden:<br \/>\n<a href=\"https:\/\/www.dropbox.com\/sh\/102zw8cn205qxuq\/AADas3lsdjp3rtjqzWirf6e4a?dl=0\" target=\"_blank\">Fotos Fastenaktion 2017<\/a><\/p>\n","protected":false},"excerpt":{"rendered":"<div class=\"mh-excerpt\"><p>[2017-03-24] Letzter Abend der Fastenaktion 2017 Die erfolgreiche Fastenaktion 2017 bietet zum Abschluss am 4. April 2017 ab 19:30 Uhr in der r\u00f6m. kath. Kirche in Rehhof (Tuval-Stra\u00dfe 16) einen Weg nach Innen. Unter dem <a class=\"mh-excerpt-more\" href=\"https:\/\/hallein-evangelisch.at\/wp\/?p=1593\" title=\"Fastenaktion am 4. April l\u00e4dt ein nach Taiz\u00e9\">[&#8230;]<\/a><\/p>\n<\/div>","protected":false},"author":8,"featured_media":1614,"comment_status":"closed","ping_status":"open","sticky":false,"template":"","format":"standard","meta":{"footnotes":""},"categories":[18],"tags":[8],"class_list":{"0":"post-1593","1":"post","2":"type-post","3":"status-publish","4":"format-standard","5":"has-post-thumbnail","7":"category-fastenaktion-archiv","8":"tag-fastenaktion"},"_links":{"self":[{"href":"https:\/\/hallein-evangelisch.at\/wp\/index.php?rest_route=\/wp\/v2\/posts\/1593","targetHints":{"allow":["GET"]}}],"collection":[{"href":"https:\/\/hallein-evangelisch.at\/wp\/index.php?rest_route=\/wp\/v2\/posts"}],"about":[{"href":"https:\/\/hallein-evangelisch.at\/wp\/index.php?rest_route=\/wp\/v2\/types\/post"}],"author":[{"embeddable":true,"href":"https:\/\/hallein-evangelisch.at\/wp\/index.php?rest_route=\/wp\/v2\/users\/8"}],"replies":[{"embeddable":true,"href":"https:\/\/hallein-evangelisch.at\/wp\/index.php?rest_route=%2Fwp%2Fv2%2Fcomments&post=1593"}],"version-history":[{"count":11,"href":"https:\/\/hallein-evangelisch.at\/wp\/index.php?rest_route=\/wp\/v2\/posts\/1593\/revisions"}],"predecessor-version":[{"id":1628,"href":"https:\/\/hallein-evangelisch.at\/wp\/index.php?rest_route=\/wp\/v2\/posts\/1593\/revisions\/1628"}],"wp:featuredmedia":[{"embeddable":true,"href":"https:\/\/hallein-evangelisch.at\/wp\/index.php?rest_route=\/wp\/v2\/media\/1614"}],"wp:attachment":[{"href":"https:\/\/hallein-evangelisch.at\/wp\/index.php?rest_route=%2Fwp%2Fv2%2Fmedia&parent=1593"}],"wp:term":[{"taxonomy":"category","embeddable":true,"href":"https:\/\/hallein-evangelisch.at\/wp\/index.php?rest_route=%2Fwp%2Fv2%2Fcategories&post=1593"},{"taxonomy":"post_tag","embeddable":true,"href":"https:\/\/hallein-evangelisch.at\/wp\/index.php?rest_route=%2Fwp%2Fv2%2Ftags&post=1593"}],"curies":[{"name":"wp","href":"https:\/\/api.w.org\/{rel}","templated":true}]}}