{"id":16073,"date":"2025-03-11T19:00:15","date_gmt":"2025-03-11T18:00:15","guid":{"rendered":"https:\/\/hallein-evangelisch.at\/wp\/?p=16073"},"modified":"2025-12-29T16:39:45","modified_gmt":"2025-12-29T15:39:45","slug":"fastenaktion-2025-2","status":"publish","type":"post","link":"https:\/\/hallein-evangelisch.at\/wp\/?p=16073","title":{"rendered":"Fastenaktion 2025 (2) \u2013 Armut in \u00d6sterreich"},"content":{"rendered":"<p>[11.03.2025]<\/p>\n<p><img loading=\"lazy\" decoding=\"async\" class=\"aligncenter wp-image-16079 size-large\" src=\"https:\/\/hallein-evangelisch.at\/wp\/wp-content\/uploads\/2025\/03\/fa_ankuendigung_2025-02-1024x154.png\" alt=\"\" width=\"1024\" height=\"154\" srcset=\"https:\/\/hallein-evangelisch.at\/wp\/wp-content\/uploads\/2025\/03\/fa_ankuendigung_2025-02-1024x154.png 1024w, https:\/\/hallein-evangelisch.at\/wp\/wp-content\/uploads\/2025\/03\/fa_ankuendigung_2025-02-600x90.png 600w, https:\/\/hallein-evangelisch.at\/wp\/wp-content\/uploads\/2025\/03\/fa_ankuendigung_2025-02-300x45.png 300w, https:\/\/hallein-evangelisch.at\/wp\/wp-content\/uploads\/2025\/03\/fa_ankuendigung_2025-02-1536x231.png 1536w, https:\/\/hallein-evangelisch.at\/wp\/wp-content\/uploads\/2025\/03\/fa_ankuendigung_2025-02-2048x308.png 2048w\" sizes=\"auto, (max-width: 1024px) 100vw, 1024px\" \/><\/p>\n<figure id=\"attachment_16077\" aria-describedby=\"caption-attachment-16077\" style=\"width: 300px\" class=\"wp-caption alignright\"><img loading=\"lazy\" decoding=\"async\" class=\"wp-image-16077 size-thumbnail\" src=\"https:\/\/hallein-evangelisch.at\/wp\/wp-content\/uploads\/2025\/03\/martin_schenk-300x366.png\" alt=\"\" width=\"300\" height=\"366\" srcset=\"https:\/\/hallein-evangelisch.at\/wp\/wp-content\/uploads\/2025\/03\/martin_schenk-300x366.png 300w, https:\/\/hallein-evangelisch.at\/wp\/wp-content\/uploads\/2025\/03\/martin_schenk-600x733.png 600w, https:\/\/hallein-evangelisch.at\/wp\/wp-content\/uploads\/2025\/03\/martin_schenk-839x1024.png 839w, https:\/\/hallein-evangelisch.at\/wp\/wp-content\/uploads\/2025\/03\/martin_schenk.png 1181w\" sizes=\"auto, (max-width: 300px) 100vw, 300px\" \/><figcaption id=\"caption-attachment-16077\" class=\"wp-caption-text\">Bildquelle: Wikipedia \/ Mag. Martin Schenk<\/figcaption><\/figure>\n<h3 class=\"p1\">Vom Unterschied zwischen Hungern und Fasten<\/h3>\n<p class=\"p1\">Armut setzt sich stets ins Verh\u00e4ltnis. Sie manifestiert sich in reichen L\u00e4ndern anders als in Burundi. Menschen, die hierzulande von 900 \u20ac im Monat leben m\u00fcssen, hilft es wenig, dass sie mit diesem Geld in Burundi gut auskommen k\u00f6nnten. Die Miete ist hier zu zahlen, die Heizkosten hier zu begleichen und die Kinder gehen hier zur Schule. Deshalb ist es mehr als sinnvoll, die Lebensverh\u00e4ltnisse in den konkreten Kontext zu setzen. Armut ist ein Verh\u00e4ltniswort.<\/p>\n<p class=\"p1\">Armut ist das Leben, mit dem niemand tauschen will. Hier geht es nicht um freiwillig gew\u00e4hlte Armut wie sie z.b von M\u00f6nchen oder Asketen praktiziert wird. Freiwillig gew\u00e4hlte Armut braucht einen Status, der den Verzicht zur Entscheidung erhebt. Armut ist nicht nur ein Mangel an G\u00fctern, sondern auch an M\u00f6glichkeiten. Wir alle w\u00fcnschen uns ausreichende Handlungsspielr\u00e4ume. Nur wenn wir diese Spielr\u00e4ume haben, k\u00f6nnen wir uns die Freiheit nehmen zu verzichten. Armutsbetroffene leben in einer \u201ebeengten Welt\u201c, sie ringen um den Gestaltungsraum, den sie zum \u00dcberleben brauchen. Den Unterschied zwischen Hungern und Fasten macht die Freiheit.<\/p>\n<h3>Zum Referenten des Abends<\/h3>\n<div>\n<p class=\"falterabende\"><strong>Mag. Martin Schenk:<\/strong> Sozialexperte, Stv. Direktor der Diakonie \u00d6sterreich, Psychologe. Mitinitiator von \u201eDie Armutskonferenz\u201c, \u201eHunger auf Kunst und Kultur\u201c, SozialrechtsNetz, \u201eFr\u00fche Hilfen\u201c, Autor mehrerer B\u00fccher.<\/p>\n<p><em>Beitragsbild: Mag. Brigitte L\u00e4ngle-Pollhammer<\/em><\/p>\n<\/div>\n<a href=\"https:\/\/hallein-evangelisch.at\/wp\/wp-content\/uploads\/2025\/02\/plakat_2025_v08.pdf\" class=\"pdfemb-viewer\" style=\"\" data-width=\"max\" data-height=\"max\" data-toolbar=\"bottom\" data-toolbar-fixed=\"on\">plakat_2025_v08<\/a>\n","protected":false},"excerpt":{"rendered":"<div class=\"mh-excerpt\"><p>[11.03.2025] Vom Unterschied zwischen Hungern und Fasten Armut setzt sich stets ins Verh\u00e4ltnis. Sie manifestiert sich in reichen L\u00e4ndern anders als in Burundi. Menschen, die hierzulande von 900 \u20ac im Monat leben m\u00fcssen, hilft es <a class=\"mh-excerpt-more\" href=\"https:\/\/hallein-evangelisch.at\/wp\/?p=16073\" title=\"Fastenaktion 2025 (2) \u2013 Armut in \u00d6sterreich\">[&#8230;]<\/a><\/p>\n<\/div>","protected":false},"author":8,"featured_media":15829,"comment_status":"closed","ping_status":"closed","sticky":false,"template":"","format":"standard","meta":{"footnotes":""},"categories":[18],"tags":[],"class_list":{"0":"post-16073","1":"post","2":"type-post","3":"status-publish","4":"format-standard","5":"has-post-thumbnail","7":"category-fastenaktion-archiv"},"_links":{"self":[{"href":"https:\/\/hallein-evangelisch.at\/wp\/index.php?rest_route=\/wp\/v2\/posts\/16073","targetHints":{"allow":["GET"]}}],"collection":[{"href":"https:\/\/hallein-evangelisch.at\/wp\/index.php?rest_route=\/wp\/v2\/posts"}],"about":[{"href":"https:\/\/hallein-evangelisch.at\/wp\/index.php?rest_route=\/wp\/v2\/types\/post"}],"author":[{"embeddable":true,"href":"https:\/\/hallein-evangelisch.at\/wp\/index.php?rest_route=\/wp\/v2\/users\/8"}],"replies":[{"embeddable":true,"href":"https:\/\/hallein-evangelisch.at\/wp\/index.php?rest_route=%2Fwp%2Fv2%2Fcomments&post=16073"}],"version-history":[{"count":8,"href":"https:\/\/hallein-evangelisch.at\/wp\/index.php?rest_route=\/wp\/v2\/posts\/16073\/revisions"}],"predecessor-version":[{"id":16105,"href":"https:\/\/hallein-evangelisch.at\/wp\/index.php?rest_route=\/wp\/v2\/posts\/16073\/revisions\/16105"}],"wp:featuredmedia":[{"embeddable":true,"href":"https:\/\/hallein-evangelisch.at\/wp\/index.php?rest_route=\/wp\/v2\/media\/15829"}],"wp:attachment":[{"href":"https:\/\/hallein-evangelisch.at\/wp\/index.php?rest_route=%2Fwp%2Fv2%2Fmedia&parent=16073"}],"wp:term":[{"taxonomy":"category","embeddable":true,"href":"https:\/\/hallein-evangelisch.at\/wp\/index.php?rest_route=%2Fwp%2Fv2%2Fcategories&post=16073"},{"taxonomy":"post_tag","embeddable":true,"href":"https:\/\/hallein-evangelisch.at\/wp\/index.php?rest_route=%2Fwp%2Fv2%2Ftags&post=16073"}],"curies":[{"name":"wp","href":"https:\/\/api.w.org\/{rel}","templated":true}]}}