{"id":16087,"date":"2025-03-18T19:00:06","date_gmt":"2025-03-18T18:00:06","guid":{"rendered":"https:\/\/hallein-evangelisch.at\/wp\/?p=16087"},"modified":"2025-12-29T16:39:27","modified_gmt":"2025-12-29T15:39:27","slug":"fastenaktion-2025-3-armut-verwalten-oder-bekaempfen","status":"publish","type":"post","link":"https:\/\/hallein-evangelisch.at\/wp\/?p=16087","title":{"rendered":"Fastenaktion 2025 (3) \u2013 Armut verwalten oder bek\u00e4mpfen"},"content":{"rendered":"<p>[18.03.2025]<\/p>\n<p><img loading=\"lazy\" decoding=\"async\" class=\"aligncenter wp-image-16089 size-large\" src=\"https:\/\/hallein-evangelisch.at\/wp\/wp-content\/uploads\/2025\/03\/fa_ankuendigung_2025-03-1024x153.png\" alt=\"\" width=\"1024\" height=\"153\" srcset=\"https:\/\/hallein-evangelisch.at\/wp\/wp-content\/uploads\/2025\/03\/fa_ankuendigung_2025-03-1024x153.png 1024w, https:\/\/hallein-evangelisch.at\/wp\/wp-content\/uploads\/2025\/03\/fa_ankuendigung_2025-03-600x90.png 600w, https:\/\/hallein-evangelisch.at\/wp\/wp-content\/uploads\/2025\/03\/fa_ankuendigung_2025-03-300x45.png 300w, https:\/\/hallein-evangelisch.at\/wp\/wp-content\/uploads\/2025\/03\/fa_ankuendigung_2025-03-1536x229.png 1536w, https:\/\/hallein-evangelisch.at\/wp\/wp-content\/uploads\/2025\/03\/fa_ankuendigung_2025-03-2048x306.png 2048w\" sizes=\"auto, (max-width: 1024px) 100vw, 1024px\" \/><\/p>\n<p class=\"p1\">In Krisenzeiten kommt der Verteilung verf\u00fcgbarer Mittel eine besondere Bedeutung zu. Vielfach wird \u00fcber das Ausma\u00df und die Verteilung von Armut diskutiert. So unterschiedlich die pers\u00f6nlichen Schicksale der Menschen sind, die ihren t\u00e4glichen Lebensunterhalt nicht decken k\u00f6nnen, ist auch der Blick auf die Bed\u00fcrftigkeit dieser Menschen.<\/p>\n<p class=\"p1\">Die Veranstaltung widmet sich der Frage, ob die derzeit ergriffenen sozialen Ma\u00dfnahmen die Armut lediglich lindern oder sie nachhaltig bek\u00e4mpfen k\u00f6nnen. Einblicke der drei Vortragenden in den pers\u00f6nlichen Zugang zum Thema \u201eArmut\u201c sowie in ihre t\u00e4gliche Arbeit werden Verschiedenheit und Gemeinsamkeiten sichtbar machen.<\/p>\n<p class=\"p1\">In der anschlie\u00dfenden Diskussion wollen wir den Blick dann darauf richten, welche regionalen Angebote gesetzt werden m\u00fcssen, um im Tennengau ein tragf\u00e4higes soziales Netzwerk f\u00fcr armutsgef\u00e4hrdete Menschen zu kn\u00fcpfen.<\/p>\n<h3>Zu den Referierenden des Abends<\/h3>\n<div>\n<p class=\"falterabende\"><strong>Dr.<sup>in<\/sup> Edda B\u00f6hm-Ingram:<\/strong> Diakoniebeauftragte der evangelischen Pfarrgemeinde, DALETE-Mitarbeiterin, Gleichstellungsbeauftragte der Kirche A. u. H.B. \u00d6sterreich und vormals Bereichsleitung f\u00fcr Soziale Arbeit, Caritas Salzburg<\/p>\n<p class=\"falterabende\"><strong>Torsten Bichler, BA,MA:<\/strong> Caritas Salzburg, Bereichsleiter Soziale Arbeit, Besch\u00e4ftigung &amp; Solidarit\u00e4t, Vorstand der Salzburger Armutskonferenz sowie stv. Landessprecher des \u00f6sterr. Berufsverbandes der Sozialen Arbeit<\/p>\n<p class=\"falterabende\"><strong>Mag.<sup>a<\/sup> (FH) Dr.<sup>in <\/sup>rer. soc. Angela Bayer:<\/strong> Gruppe Soziales an der Bezirkshauptmannschaft Hallein, Studium an der Fachhochschule Puch-Ursten &#8222;Soziale Arbeit&#8220; sowie Doktorat an der Universit\u00e4t Innsbruck im Bereich Sozial- und Wirtschaftswissenschaften<\/p>\n<p><em>Beitragsbild: Mag. Brigitte L\u00e4ngle-Pollhammer<\/em><\/p>\n<p class=\"falterabende\"><a href=\"https:\/\/hallein-evangelisch.at\/wp\/wp-content\/uploads\/2025\/02\/plakat_2025_v08.pdf\" class=\"pdfemb-viewer\" style=\"\" data-width=\"max\" data-height=\"max\" data-toolbar=\"bottom\" data-toolbar-fixed=\"on\">plakat_2025_v08<\/a><\/p>\n<\/div>\n","protected":false},"excerpt":{"rendered":"<div class=\"mh-excerpt\"><p>[18.03.2025] In Krisenzeiten kommt der Verteilung verf\u00fcgbarer Mittel eine besondere Bedeutung zu. Vielfach wird \u00fcber das Ausma\u00df und die Verteilung von Armut diskutiert. So unterschiedlich die pers\u00f6nlichen Schicksale der Menschen sind, die ihren t\u00e4glichen Lebensunterhalt <a class=\"mh-excerpt-more\" href=\"https:\/\/hallein-evangelisch.at\/wp\/?p=16087\" title=\"Fastenaktion 2025 (3) \u2013 Armut verwalten oder bek\u00e4mpfen\">[&#8230;]<\/a><\/p>\n<\/div>","protected":false},"author":8,"featured_media":15829,"comment_status":"closed","ping_status":"closed","sticky":false,"template":"","format":"standard","meta":{"footnotes":""},"categories":[18],"tags":[],"class_list":{"0":"post-16087","1":"post","2":"type-post","3":"status-publish","4":"format-standard","5":"has-post-thumbnail","7":"category-fastenaktion-archiv"},"_links":{"self":[{"href":"https:\/\/hallein-evangelisch.at\/wp\/index.php?rest_route=\/wp\/v2\/posts\/16087","targetHints":{"allow":["GET"]}}],"collection":[{"href":"https:\/\/hallein-evangelisch.at\/wp\/index.php?rest_route=\/wp\/v2\/posts"}],"about":[{"href":"https:\/\/hallein-evangelisch.at\/wp\/index.php?rest_route=\/wp\/v2\/types\/post"}],"author":[{"embeddable":true,"href":"https:\/\/hallein-evangelisch.at\/wp\/index.php?rest_route=\/wp\/v2\/users\/8"}],"replies":[{"embeddable":true,"href":"https:\/\/hallein-evangelisch.at\/wp\/index.php?rest_route=%2Fwp%2Fv2%2Fcomments&post=16087"}],"version-history":[{"count":9,"href":"https:\/\/hallein-evangelisch.at\/wp\/index.php?rest_route=\/wp\/v2\/posts\/16087\/revisions"}],"predecessor-version":[{"id":16374,"href":"https:\/\/hallein-evangelisch.at\/wp\/index.php?rest_route=\/wp\/v2\/posts\/16087\/revisions\/16374"}],"wp:featuredmedia":[{"embeddable":true,"href":"https:\/\/hallein-evangelisch.at\/wp\/index.php?rest_route=\/wp\/v2\/media\/15829"}],"wp:attachment":[{"href":"https:\/\/hallein-evangelisch.at\/wp\/index.php?rest_route=%2Fwp%2Fv2%2Fmedia&parent=16087"}],"wp:term":[{"taxonomy":"category","embeddable":true,"href":"https:\/\/hallein-evangelisch.at\/wp\/index.php?rest_route=%2Fwp%2Fv2%2Fcategories&post=16087"},{"taxonomy":"post_tag","embeddable":true,"href":"https:\/\/hallein-evangelisch.at\/wp\/index.php?rest_route=%2Fwp%2Fv2%2Ftags&post=16087"}],"curies":[{"name":"wp","href":"https:\/\/api.w.org\/{rel}","templated":true}]}}