{"id":16884,"date":"2025-09-01T00:00:57","date_gmt":"2025-08-31T22:00:57","guid":{"rendered":"https:\/\/hallein-evangelisch.at\/wp\/?p=16884"},"modified":"2025-08-20T17:36:09","modified_gmt":"2025-08-20T15:36:09","slug":"die-freundschaft","status":"publish","type":"post","link":"https:\/\/hallein-evangelisch.at\/wp\/?p=16884","title":{"rendered":"Die Freundschaft"},"content":{"rendered":"<p>[01.09.2025]<\/p>\n<p class=\"p1\"><b>\u00a0&#8230; ein poetischer Abend mit Mareike Tiede und Franziska Trischler<\/b><b><\/b><\/p>\n<p class=\"p1\"><b>Donnerstag, 11. September, 19.00 Uhr<\/b><b><\/b><\/p>\n<p class=\"p4\">\u201cIm Grunde sind es doch die Verbindungen mit Menschen, die dem Leben seinen Wert geben.\u201d schreibt Wilhelm von Humboldt. Recht hat er! Deshalb steht an diesem Abend die Freundschaft im Mittelpunkt. Theoretisches (u.a. von Aristoteles, Virginia Satir oder Michel Montaigne) trifft hier auf Poetisches (u.a. von Friederike Mayr\u00f6cker, Helmut Hei\u00dfenb\u00fcttel oder Friedrich Nietzsche). Ber\u00fchrende Geschichten werden abgel\u00f6st von Liedern zum Mitsummen oder Neulernen.<\/p>\n<figure id=\"attachment_16931\" aria-describedby=\"caption-attachment-16931\" style=\"width: 600px\" class=\"wp-caption aligncenter\"><img loading=\"lazy\" decoding=\"async\" class=\"wp-image-16931 size-medium\" src=\"https:\/\/hallein-evangelisch.at\/wp\/wp-content\/uploads\/2025\/09\/Mareike-Tiede-und-Franziska-Trischler-600x398.jpg\" alt=\"\" width=\"600\" height=\"398\" srcset=\"https:\/\/hallein-evangelisch.at\/wp\/wp-content\/uploads\/2025\/09\/Mareike-Tiede-und-Franziska-Trischler-600x398.jpg 600w, https:\/\/hallein-evangelisch.at\/wp\/wp-content\/uploads\/2025\/09\/Mareike-Tiede-und-Franziska-Trischler-1024x678.jpg 1024w, https:\/\/hallein-evangelisch.at\/wp\/wp-content\/uploads\/2025\/09\/Mareike-Tiede-und-Franziska-Trischler-300x199.jpg 300w, https:\/\/hallein-evangelisch.at\/wp\/wp-content\/uploads\/2025\/09\/Mareike-Tiede-und-Franziska-Trischler-1536x1018.jpg 1536w, https:\/\/hallein-evangelisch.at\/wp\/wp-content\/uploads\/2025\/09\/Mareike-Tiede-und-Franziska-Trischler-2048x1357.jpg 2048w\" sizes=\"auto, (max-width: 600px) 100vw, 600px\" \/><figcaption id=\"caption-attachment-16931\" class=\"wp-caption-text\"><b>Mareike Tiede und Franziska Trischler<\/b><\/figcaption><\/figure>\n<p class=\"p4\">Verbunden werden diese Gedanken rund um Freundschaft und Gemeinschaft durch Fragen, die zum Nachdenken einladen, sowie Anregungen und Gelegenheiten zum Austausch. Und so ist schon nach bisherigen Auftritten die eine oder andere neue Freundschaft entstanden\u2026<\/p>\n","protected":false},"excerpt":{"rendered":"<div class=\"mh-excerpt\"><p>[01.09.2025] \u00a0&#8230; ein poetischer Abend mit Mareike Tiede und Franziska Trischler Donnerstag, 11. September, 19.00 Uhr \u201cIm Grunde sind es doch die Verbindungen mit Menschen, die dem Leben seinen Wert geben.\u201d schreibt Wilhelm von Humboldt. <a class=\"mh-excerpt-more\" href=\"https:\/\/hallein-evangelisch.at\/wp\/?p=16884\" title=\"Die Freundschaft\">[&#8230;]<\/a><\/p>\n<\/div>","protected":false},"author":8,"featured_media":16931,"comment_status":"closed","ping_status":"closed","sticky":false,"template":"","format":"standard","meta":{"footnotes":""},"categories":[31],"tags":[],"class_list":{"0":"post-16884","1":"post","2":"type-post","3":"status-publish","4":"format-standard","5":"has-post-thumbnail","7":"category-kultur"},"_links":{"self":[{"href":"https:\/\/hallein-evangelisch.at\/wp\/index.php?rest_route=\/wp\/v2\/posts\/16884","targetHints":{"allow":["GET"]}}],"collection":[{"href":"https:\/\/hallein-evangelisch.at\/wp\/index.php?rest_route=\/wp\/v2\/posts"}],"about":[{"href":"https:\/\/hallein-evangelisch.at\/wp\/index.php?rest_route=\/wp\/v2\/types\/post"}],"author":[{"embeddable":true,"href":"https:\/\/hallein-evangelisch.at\/wp\/index.php?rest_route=\/wp\/v2\/users\/8"}],"replies":[{"embeddable":true,"href":"https:\/\/hallein-evangelisch.at\/wp\/index.php?rest_route=%2Fwp%2Fv2%2Fcomments&post=16884"}],"version-history":[{"count":5,"href":"https:\/\/hallein-evangelisch.at\/wp\/index.php?rest_route=\/wp\/v2\/posts\/16884\/revisions"}],"predecessor-version":[{"id":17016,"href":"https:\/\/hallein-evangelisch.at\/wp\/index.php?rest_route=\/wp\/v2\/posts\/16884\/revisions\/17016"}],"wp:featuredmedia":[{"embeddable":true,"href":"https:\/\/hallein-evangelisch.at\/wp\/index.php?rest_route=\/wp\/v2\/media\/16931"}],"wp:attachment":[{"href":"https:\/\/hallein-evangelisch.at\/wp\/index.php?rest_route=%2Fwp%2Fv2%2Fmedia&parent=16884"}],"wp:term":[{"taxonomy":"category","embeddable":true,"href":"https:\/\/hallein-evangelisch.at\/wp\/index.php?rest_route=%2Fwp%2Fv2%2Fcategories&post=16884"},{"taxonomy":"post_tag","embeddable":true,"href":"https:\/\/hallein-evangelisch.at\/wp\/index.php?rest_route=%2Fwp%2Fv2%2Ftags&post=16884"}],"curies":[{"name":"wp","href":"https:\/\/api.w.org\/{rel}","templated":true}]}}