{"id":16889,"date":"2025-08-08T00:00:30","date_gmt":"2025-08-07T22:00:30","guid":{"rendered":"https:\/\/hallein-evangelisch.at\/wp\/?p=16889"},"modified":"2025-08-01T09:57:27","modified_gmt":"2025-08-01T07:57:27","slug":"1919-vorschau-in-den-herbst","status":"publish","type":"post","link":"https:\/\/hallein-evangelisch.at\/wp\/?p=16889","title":{"rendered":"19:19 Vorschau in den Herbst"},"content":{"rendered":"<p>[08.08.2025]<\/p>\n<p class=\"p4\">Freuen Sie sich mit uns auf die Er\u00f6ffnung der 16. Saison dieser Reihe mit Musik und Texten zum Innehalten und Nachdenken am 19. September. neunzehn.neunzehn ist eine der erfolgreichsten Veranstaltungen in der Stadt Hallein! Auch die 16. Saison wird wieder gepr\u00e4gt sein von Abwechslung und Tiefgang des Programms, von hervorragenden K\u00fcnstlerinnen und K\u00fcnstlern, Humor und herausfordernden Gedanken, die zum Innehalten und Nachdenken einladen.<\/p>\n<p class=\"p4\">Am <strong>19. September<\/strong> werden Eberhard Staiger (Violine) und Markus Stepanek (Klavier\/Orgel), die zuletzt am Tag nach dem 100j\u00e4hrigen Jubil\u00e4um unserer Pfarrgemeinde ein zahlreiches Publikum begeistert haben, die neue Saison er\u00f6ffnen.<\/p>\n<p class=\"p4\">Beginn immer um 19:19 Uhr in der evangelischen Schaitbergerkirche in Hallein<\/p>\n","protected":false},"excerpt":{"rendered":"<div class=\"mh-excerpt\"><p>[08.08.2025] Freuen Sie sich mit uns auf die Er\u00f6ffnung der 16. Saison dieser Reihe mit Musik und Texten zum Innehalten und Nachdenken am 19. September. neunzehn.neunzehn ist eine der erfolgreichsten Veranstaltungen in der Stadt Hallein! <a class=\"mh-excerpt-more\" href=\"https:\/\/hallein-evangelisch.at\/wp\/?p=16889\" title=\"19:19 Vorschau in den Herbst\">[&#8230;]<\/a><\/p>\n<\/div>","protected":false},"author":8,"featured_media":14481,"comment_status":"closed","ping_status":"closed","sticky":false,"template":"","format":"standard","meta":{"footnotes":""},"categories":[31],"tags":[],"class_list":{"0":"post-16889","1":"post","2":"type-post","3":"status-publish","4":"format-standard","5":"has-post-thumbnail","7":"category-kultur"},"_links":{"self":[{"href":"https:\/\/hallein-evangelisch.at\/wp\/index.php?rest_route=\/wp\/v2\/posts\/16889","targetHints":{"allow":["GET"]}}],"collection":[{"href":"https:\/\/hallein-evangelisch.at\/wp\/index.php?rest_route=\/wp\/v2\/posts"}],"about":[{"href":"https:\/\/hallein-evangelisch.at\/wp\/index.php?rest_route=\/wp\/v2\/types\/post"}],"author":[{"embeddable":true,"href":"https:\/\/hallein-evangelisch.at\/wp\/index.php?rest_route=\/wp\/v2\/users\/8"}],"replies":[{"embeddable":true,"href":"https:\/\/hallein-evangelisch.at\/wp\/index.php?rest_route=%2Fwp%2Fv2%2Fcomments&post=16889"}],"version-history":[{"count":2,"href":"https:\/\/hallein-evangelisch.at\/wp\/index.php?rest_route=\/wp\/v2\/posts\/16889\/revisions"}],"predecessor-version":[{"id":17000,"href":"https:\/\/hallein-evangelisch.at\/wp\/index.php?rest_route=\/wp\/v2\/posts\/16889\/revisions\/17000"}],"wp:featuredmedia":[{"embeddable":true,"href":"https:\/\/hallein-evangelisch.at\/wp\/index.php?rest_route=\/wp\/v2\/media\/14481"}],"wp:attachment":[{"href":"https:\/\/hallein-evangelisch.at\/wp\/index.php?rest_route=%2Fwp%2Fv2%2Fmedia&parent=16889"}],"wp:term":[{"taxonomy":"category","embeddable":true,"href":"https:\/\/hallein-evangelisch.at\/wp\/index.php?rest_route=%2Fwp%2Fv2%2Fcategories&post=16889"},{"taxonomy":"post_tag","embeddable":true,"href":"https:\/\/hallein-evangelisch.at\/wp\/index.php?rest_route=%2Fwp%2Fv2%2Ftags&post=16889"}],"curies":[{"name":"wp","href":"https:\/\/api.w.org\/{rel}","templated":true}]}}