{"id":16984,"date":"2025-07-22T11:18:51","date_gmt":"2025-07-22T09:18:51","guid":{"rendered":"https:\/\/hallein-evangelisch.at\/wp\/?p=16984"},"modified":"2025-07-26T10:53:52","modified_gmt":"2025-07-26T08:53:52","slug":"wir-bieten-batterien-fuer-hoergeraete","status":"publish","type":"post","link":"https:\/\/hallein-evangelisch.at\/wp\/?p=16984","title":{"rendered":"Wir bieten: Batterien f\u00fcr H\u00f6rger\u00e4te"},"content":{"rendered":"<p>[22.07.2025]<\/p>\n<p class=\"default-style\">wir k\u00f6nnen H\u00f6rger\u00e4tebatterien (neu, orginalverpackt) abgeben.<\/p>\n<p>TYPE: RAYOVAC EXTRA<br \/>\nGR\u00d6SSE: 312 (PR41) (01)<br \/>\nMINDESTHALTBARKEIT: 04-2028<\/p>\n<div class=\"default-style\">\n<p><strong>Ja, ich kann diese Batterien f\u00fcr mein H\u00f6rger\u00e4t verwenden!<\/strong><\/p>\n<div class=\"default-style\">\n<p>Bei Bedarf nimm bitte Kontakt mit unserer Projektkoordination auf (<a href=\"mailto:dalete@hallein-evangelisch.at\">dalete@hallein-evangelisch.at<\/a>)<\/p>\n<p>Wir freuen uns auf \u00a0deine Email!<\/p>\n<p><em>Bildquelle Beitragsbild: <\/em><em>Pia Sch\u00fcttlohr i<\/em><em>n Pfarrbriefservice.de<\/em><\/p>\n<p>&nbsp;<\/p>\n<\/div>\n<\/div>\n<div class=\"default-style\"><\/div>\n","protected":false},"excerpt":{"rendered":"<div class=\"mh-excerpt\"><p>[22.07.2025] wir k\u00f6nnen H\u00f6rger\u00e4tebatterien (neu, orginalverpackt) abgeben. TYPE: RAYOVAC EXTRA GR\u00d6SSE: 312 (PR41) (01) MINDESTHALTBARKEIT: 04-2028 Ja, ich kann diese Batterien f\u00fcr mein H\u00f6rger\u00e4t verwenden! Bei Bedarf nimm bitte Kontakt mit unserer Projektkoordination auf (dalete@hallein-evangelisch.at) <a class=\"mh-excerpt-more\" href=\"https:\/\/hallein-evangelisch.at\/wp\/?p=16984\" title=\"Wir bieten: Batterien f\u00fcr H\u00f6rger\u00e4te\">[&#8230;]<\/a><\/p>\n<\/div>","protected":false},"author":8,"featured_media":16985,"comment_status":"closed","ping_status":"closed","sticky":false,"template":"","format":"standard","meta":{"footnotes":""},"categories":[107,109],"tags":[],"class_list":{"0":"post-16984","1":"post","2":"type-post","3":"status-publish","4":"format-standard","5":"has-post-thumbnail","7":"category-das-leben-teilen","8":"category-wir-suchen-wir-bieten"},"_links":{"self":[{"href":"https:\/\/hallein-evangelisch.at\/wp\/index.php?rest_route=\/wp\/v2\/posts\/16984","targetHints":{"allow":["GET"]}}],"collection":[{"href":"https:\/\/hallein-evangelisch.at\/wp\/index.php?rest_route=\/wp\/v2\/posts"}],"about":[{"href":"https:\/\/hallein-evangelisch.at\/wp\/index.php?rest_route=\/wp\/v2\/types\/post"}],"author":[{"embeddable":true,"href":"https:\/\/hallein-evangelisch.at\/wp\/index.php?rest_route=\/wp\/v2\/users\/8"}],"replies":[{"embeddable":true,"href":"https:\/\/hallein-evangelisch.at\/wp\/index.php?rest_route=%2Fwp%2Fv2%2Fcomments&post=16984"}],"version-history":[{"count":5,"href":"https:\/\/hallein-evangelisch.at\/wp\/index.php?rest_route=\/wp\/v2\/posts\/16984\/revisions"}],"predecessor-version":[{"id":16991,"href":"https:\/\/hallein-evangelisch.at\/wp\/index.php?rest_route=\/wp\/v2\/posts\/16984\/revisions\/16991"}],"wp:featuredmedia":[{"embeddable":true,"href":"https:\/\/hallein-evangelisch.at\/wp\/index.php?rest_route=\/wp\/v2\/media\/16985"}],"wp:attachment":[{"href":"https:\/\/hallein-evangelisch.at\/wp\/index.php?rest_route=%2Fwp%2Fv2%2Fmedia&parent=16984"}],"wp:term":[{"taxonomy":"category","embeddable":true,"href":"https:\/\/hallein-evangelisch.at\/wp\/index.php?rest_route=%2Fwp%2Fv2%2Fcategories&post=16984"},{"taxonomy":"post_tag","embeddable":true,"href":"https:\/\/hallein-evangelisch.at\/wp\/index.php?rest_route=%2Fwp%2Fv2%2Ftags&post=16984"}],"curies":[{"name":"wp","href":"https:\/\/api.w.org\/{rel}","templated":true}]}}