{"id":17078,"date":"2025-11-20T00:00:03","date_gmt":"2025-11-19T23:00:03","guid":{"rendered":"https:\/\/hallein-evangelisch.at\/wp\/?p=17078"},"modified":"2025-11-20T15:56:38","modified_gmt":"2025-11-20T14:56:38","slug":"stille-nacht-schicksalsfaeden-2","status":"publish","type":"post","link":"https:\/\/hallein-evangelisch.at\/wp\/?p=17078","title":{"rendered":"Stille Nacht \u2013 Schicksalsf\u00e4den"},"content":{"rendered":"<p>[13.10.2025]<\/p>\n<h3>Neuinszenierung des Weihnachtsst\u00fccks von 2018 von Andrea Sobieszek<\/h3>\n<p>Das ELtheater Hallein bringt im Dezember 2025 das Weihnachtsst\u00fcck von Andrea Sobieszek in einer leicht ge\u00e4nderten Fassung erneut auf die Festspielb\u00fchne der Pernerinsel Hallein.<\/p>\n<p>\u201eStille Nacht \u2013 Schicksalsf\u00e4den\u201c erz\u00e4hlt die Geschichte aus der Perspektive des alternden Franz Xaver Gruber, der bereits in Hallein als Chorleiter und Organist wirkte und f\u00fcr die Christmette eine eigene Fassung des weltber\u00fchmten Liedes schrieb.<\/p>\n<p>War es Gl\u00fcck? War es Zufall? Oder hatten die Schicksalsg\u00f6ttinnen ihre H\u00e4nde im Spiel?<br \/>\nZwei jungen Menschen gelingt \u2013 trotz widriger Umst\u00e4nde \u2013 der gesellschaftliche Aufstieg aus \u00e4rmlichen Verh\u00e4ltnissen:<\/p>\n<ul>\n<li>der eine, ein uneheliches Kind, wird Priester<\/li>\n<li>der andere, ein Weberkind, steigt zum gesch\u00e4tzten Lehrer und Organisten auf.<\/li>\n<\/ul>\n<p><img loading=\"lazy\" decoding=\"async\" class=\"aligncenter size-medium wp-image-17081\" src=\"https:\/\/hallein-evangelisch.at\/wp\/wp-content\/uploads\/2025\/08\/weihnachtsstueck2025-600x220.jpg\" alt=\"\" width=\"600\" height=\"220\" srcset=\"https:\/\/hallein-evangelisch.at\/wp\/wp-content\/uploads\/2025\/08\/weihnachtsstueck2025-600x220.jpg 600w, https:\/\/hallein-evangelisch.at\/wp\/wp-content\/uploads\/2025\/08\/weihnachtsstueck2025-1024x376.jpg 1024w, https:\/\/hallein-evangelisch.at\/wp\/wp-content\/uploads\/2025\/08\/weihnachtsstueck2025-300x110.jpg 300w, https:\/\/hallein-evangelisch.at\/wp\/wp-content\/uploads\/2025\/08\/weihnachtsstueck2025-1536x564.jpg 1536w, https:\/\/hallein-evangelisch.at\/wp\/wp-content\/uploads\/2025\/08\/weihnachtsstueck2025-2048x752.jpg 2048w\" sizes=\"auto, (max-width: 600px) 100vw, 600px\" \/><\/p>\n<p>1818 kreuzen sich ihre Lebenswege \u2013 und ein Lied entsteht, das bis heute Millionen von Menschen tief ber\u00fchrt.<\/p>\n<ul>\n<li>Regie: Silke Stein &amp; Bashir Khordahij<\/li>\n<li>Dauer: ca. 105 Minuten (+ 20 Min. Pause)<\/li>\n<li>Auff\u00fchrungsort: Festspielb\u00fchne Pernerinsel Hallein<\/li>\n<\/ul>\n<h4>Ticketpreise<\/h4>\n<ul>\n<li>Kategorie I (Reihen 1\u20134): \u20ac 30,-<\/li>\n<li>Kategorie II (Reihen 5\u20138): \u20ac 27,-<\/li>\n<li>Kategorie III (ab Reihe 9): \u20ac 25,- (f\u00fcr SAV-Mitglieder &amp; Menschen mit besonderen Bed\u00fcrfnissen)<\/li>\n<li>Jugendliche bis 16 Jahre &amp; Sch\u00fclergruppen abends: \u20ac 15,-<\/li>\n<\/ul>\n<h4>Kartenvorverkauf<\/h4>\n<p>ab Mitte Oktober online unter www.eltheater-hallein.at sowie im Keltenmuseum Hallein. Karten sind auch an der Abendkasse erh\u00e4ltlich.<\/p>\n<h4>Auff\u00fchrungstermine<\/h4>\n<ul>\n<li>Fr. 05.12.2025 \u2013 Premiere, 17:00 Uhr<\/li>\n<li>Sa. 06.12.2025 \u2013 17:00 Uhr<\/li>\n<li>So. 07.12.2025 \u2013 17:00 Uhr<\/li>\n<li>Fr. 12.12.2025 \u2013 17:00 Uhr<\/li>\n<li>Sa. 13.12.2025 \u2013 17:00 Uhr<\/li>\n<li>So. 14.12.2025 \u2013 17:00 Uhr<\/li>\n<\/ul>\n<p>Beitragsbild: epd bild in gemeindebrief.de<\/p>\n","protected":false},"excerpt":{"rendered":"<div class=\"mh-excerpt\"><p>[13.10.2025] Neuinszenierung des Weihnachtsst\u00fccks von 2018 von Andrea Sobieszek Das ELtheater Hallein bringt im Dezember 2025 das Weihnachtsst\u00fcck von Andrea Sobieszek in einer leicht ge\u00e4nderten Fassung erneut auf die Festspielb\u00fchne der Pernerinsel Hallein. \u201eStille Nacht <a class=\"mh-excerpt-more\" href=\"https:\/\/hallein-evangelisch.at\/wp\/?p=17078\" title=\"Stille Nacht \u2013 Schicksalsf\u00e4den\">[&#8230;]<\/a><\/p>\n<\/div>","protected":false},"author":8,"featured_media":17090,"comment_status":"closed","ping_status":"closed","sticky":false,"template":"","format":"standard","meta":{"footnotes":""},"categories":[31],"tags":[],"class_list":{"0":"post-17078","1":"post","2":"type-post","3":"status-publish","4":"format-standard","5":"has-post-thumbnail","7":"category-kultur"},"_links":{"self":[{"href":"https:\/\/hallein-evangelisch.at\/wp\/index.php?rest_route=\/wp\/v2\/posts\/17078","targetHints":{"allow":["GET"]}}],"collection":[{"href":"https:\/\/hallein-evangelisch.at\/wp\/index.php?rest_route=\/wp\/v2\/posts"}],"about":[{"href":"https:\/\/hallein-evangelisch.at\/wp\/index.php?rest_route=\/wp\/v2\/types\/post"}],"author":[{"embeddable":true,"href":"https:\/\/hallein-evangelisch.at\/wp\/index.php?rest_route=\/wp\/v2\/users\/8"}],"replies":[{"embeddable":true,"href":"https:\/\/hallein-evangelisch.at\/wp\/index.php?rest_route=%2Fwp%2Fv2%2Fcomments&post=17078"}],"version-history":[{"count":3,"href":"https:\/\/hallein-evangelisch.at\/wp\/index.php?rest_route=\/wp\/v2\/posts\/17078\/revisions"}],"predecessor-version":[{"id":17083,"href":"https:\/\/hallein-evangelisch.at\/wp\/index.php?rest_route=\/wp\/v2\/posts\/17078\/revisions\/17083"}],"wp:featuredmedia":[{"embeddable":true,"href":"https:\/\/hallein-evangelisch.at\/wp\/index.php?rest_route=\/wp\/v2\/media\/17090"}],"wp:attachment":[{"href":"https:\/\/hallein-evangelisch.at\/wp\/index.php?rest_route=%2Fwp%2Fv2%2Fmedia&parent=17078"}],"wp:term":[{"taxonomy":"category","embeddable":true,"href":"https:\/\/hallein-evangelisch.at\/wp\/index.php?rest_route=%2Fwp%2Fv2%2Fcategories&post=17078"},{"taxonomy":"post_tag","embeddable":true,"href":"https:\/\/hallein-evangelisch.at\/wp\/index.php?rest_route=%2Fwp%2Fv2%2Ftags&post=17078"}],"curies":[{"name":"wp","href":"https:\/\/api.w.org\/{rel}","templated":true}]}}