{"id":17110,"date":"2025-09-16T18:12:07","date_gmt":"2025-09-16T16:12:07","guid":{"rendered":"https:\/\/hallein-evangelisch.at\/wp\/?p=17110"},"modified":"2025-09-18T17:21:50","modified_gmt":"2025-09-18T15:21:50","slug":"1919-im-september-2025","status":"publish","type":"post","link":"https:\/\/hallein-evangelisch.at\/wp\/?p=17110","title":{"rendered":"19:19 im September 2025"},"content":{"rendered":"<p>[07.09.2025]<\/p>\n<p>Am 19. September er\u00f6ffnen wir die 16. Saison von neunzehnneunzehn. Seit unglaublichen 15 Jahren l\u00e4uft also diese erfolgreiche Reihe mit Musik und Texten zum Innehalten und Nachdenken mit gro\u00dfem Erfolg. Und die neue Saison beginnt mit einer Premiere: Wir begr\u00fc\u00dfen Petra Kemper, die \u00fcberaus beliebte Religionslehrerin, als Rezitatorin dieses Abends, mit Texten, in denen sie uns durch die Weiten unserer Seelenlandschaften begleitet.<\/p>\n<p>Musikalisch ist der Abend Joseph Gabriel Rheinberger gewidmet, dem aus Vaduz stammenden Meister, der in der 2. H\u00e4lfte des 19. Jahrhunderts das musikalische Leben in M\u00fcnchen nachhaltig pr\u00e4gte. Im Mittelpunkt stehen seine \u201eSechs St\u00fccke f\u00fcr Violine und Orgel Opus 150\u201c, interpretiert von zwei Musikern, die untrennbar mit neunzehnneunzehn verbunden sind, Eberhard Staiger (Violine) und Markus Stepanek (Orgel).<\/p>\n<div class=\"_df_book df-lite\" id=\"df_17161\"  _slug=\"1910-september-2025\" data-title=\"1919-september-2025\" wpoptions=\"true\" thumbtype=\"\" ><\/div><script class=\"df-shortcode-script\" nowprocket type=\"application\/javascript\">window.option_df_17161 = {\"outline\":[],\"hard\":\"cover\",\"viewerType\":\"flipbook\",\"autoEnableOutline\":\"true\",\"autoEnableThumbnail\":\"false\",\"overwritePDFOutline\":\"false\",\"direction\":\"1\",\"pageSize\":\"1\",\"pageMode\":\"1\",\"singlePageMode\":\"0\",\"source\":\"https:\\\/\\\/hallein-evangelisch.at\\\/wp\\\/wp-content\\\/uploads\\\/2025\\\/09\\\/19-September-2025.pdf\",\"wpOptions\":\"true\"}; if(window.DFLIP && window.DFLIP.parseBooks){window.DFLIP.parseBooks();}<\/script>\n","protected":false},"excerpt":{"rendered":"<div class=\"mh-excerpt\"><p>[07.09.2025] Am 19. September er\u00f6ffnen wir die 16. Saison von neunzehnneunzehn. Seit unglaublichen 15 Jahren l\u00e4uft also diese erfolgreiche Reihe mit Musik und Texten zum Innehalten und Nachdenken mit gro\u00dfem Erfolg. Und die neue Saison <a class=\"mh-excerpt-more\" href=\"https:\/\/hallein-evangelisch.at\/wp\/?p=17110\" title=\"19:19 im September 2025\">[&#8230;]<\/a><\/p>\n<\/div>","protected":false},"author":8,"featured_media":14481,"comment_status":"closed","ping_status":"closed","sticky":false,"template":"","format":"standard","meta":{"footnotes":""},"categories":[31],"tags":[],"class_list":{"0":"post-17110","1":"post","2":"type-post","3":"status-publish","4":"format-standard","5":"has-post-thumbnail","7":"category-kultur"},"_links":{"self":[{"href":"https:\/\/hallein-evangelisch.at\/wp\/index.php?rest_route=\/wp\/v2\/posts\/17110","targetHints":{"allow":["GET"]}}],"collection":[{"href":"https:\/\/hallein-evangelisch.at\/wp\/index.php?rest_route=\/wp\/v2\/posts"}],"about":[{"href":"https:\/\/hallein-evangelisch.at\/wp\/index.php?rest_route=\/wp\/v2\/types\/post"}],"author":[{"embeddable":true,"href":"https:\/\/hallein-evangelisch.at\/wp\/index.php?rest_route=\/wp\/v2\/users\/8"}],"replies":[{"embeddable":true,"href":"https:\/\/hallein-evangelisch.at\/wp\/index.php?rest_route=%2Fwp%2Fv2%2Fcomments&post=17110"}],"version-history":[{"count":4,"href":"https:\/\/hallein-evangelisch.at\/wp\/index.php?rest_route=\/wp\/v2\/posts\/17110\/revisions"}],"predecessor-version":[{"id":17164,"href":"https:\/\/hallein-evangelisch.at\/wp\/index.php?rest_route=\/wp\/v2\/posts\/17110\/revisions\/17164"}],"wp:featuredmedia":[{"embeddable":true,"href":"https:\/\/hallein-evangelisch.at\/wp\/index.php?rest_route=\/wp\/v2\/media\/14481"}],"wp:attachment":[{"href":"https:\/\/hallein-evangelisch.at\/wp\/index.php?rest_route=%2Fwp%2Fv2%2Fmedia&parent=17110"}],"wp:term":[{"taxonomy":"category","embeddable":true,"href":"https:\/\/hallein-evangelisch.at\/wp\/index.php?rest_route=%2Fwp%2Fv2%2Fcategories&post=17110"},{"taxonomy":"post_tag","embeddable":true,"href":"https:\/\/hallein-evangelisch.at\/wp\/index.php?rest_route=%2Fwp%2Fv2%2Ftags&post=17110"}],"curies":[{"name":"wp","href":"https:\/\/api.w.org\/{rel}","templated":true}]}}