{"id":17309,"date":"2025-11-18T00:00:01","date_gmt":"2025-11-17T23:00:01","guid":{"rendered":"https:\/\/hallein-evangelisch.at\/wp\/?p=17309"},"modified":"2025-10-30T23:12:07","modified_gmt":"2025-10-30T22:12:07","slug":"weihnachten-2025","status":"publish","type":"post","link":"https:\/\/hallein-evangelisch.at\/wp\/?p=17309","title":{"rendered":"Weihnachten 2025"},"content":{"rendered":"<p>[18.11.2025]<\/p>\n<p>\u201eMit dem Herzen h\u00f6ren\u201c \u2013 so haben wir unseren Weihnachtsgemeindebrief betitelt. Vorbild ist uns Maria, die auf die Worte der Hirten h\u00f6rt. Sie erz\u00e4hlen ihr weiter, was die Engel ihnen gesagt haben: \u201eEuch ist heute der Heiland geboren, welcher ist Christus der Herr in der Stadt Davids!\u201c (Lukas 2,11) Was f\u00fcr eine Botschaft \u00fcber dieses kleine Kind in der Futterkrippe.<\/p>\n<p>Das l\u00e4sst sich kaum mit dem Verstand fassen, das muss bedacht, gekaut und verdaut werden, das m\u00f6chte ich tief in mich einwirken lassen und mit dem Herzen h\u00f6ren.<\/p>\n<p>In verschiedenen Artikeln beleuchten wir, was dieses \u201eMit dem Herz h\u00f6ren\u201c bedeuten k\u00f6nnte. Wir w\u00fcnschen euch allen, dass ihr in der Advents- und Weihnachtszeit zur Ruhe kommen k\u00f6nnt, dass ihr h\u00f6ren k\u00f6nnt auf die Menschen um euch und auf das, was in euch schlummert. Dass ihr vor allem die wunderbare Weihnachtsbotschaft in euch aufnehmen und f\u00fcr euch fruchtbar machen k\u00f6nnt.<\/p>\n<p>Auch zu mir und dir ist der Retter der Welt gekommen!<\/p>\n<p>Wir w\u00fcnschen euch eine gesegnete, besinnliche Advents- und Weihnachtszeit!<\/p>\n<p><em>Euer Peter Gabriel<\/em><\/p>\n<hr \/>\n<div class=\"_df_book df-lite\" id=\"df_17312\"  _slug=\"gemeindebrief-weihnachten-2025\" data-title=\"gemeindebrief-weihnachten-2025\" wpoptions=\"true\" thumbtype=\"\" ><\/div><script class=\"df-shortcode-script\" nowprocket type=\"application\/javascript\">window.option_df_17312 = {\"outline\":[],\"hard\":\"cover\",\"viewerType\":\"reader\",\"autoEnableOutline\":\"true\",\"autoEnableThumbnail\":\"false\",\"overwritePDFOutline\":\"false\",\"direction\":\"1\",\"pageSize\":\"1\",\"pageMode\":\"1\",\"singlePageMode\":\"0\",\"source\":\"https:\\\/\\\/hallein-evangelisch.at\\\/wp\\\/wp-content\\\/uploads\\\/2025\\\/10\\\/2025_04_Gemeindebrief.pdf\",\"wpOptions\":\"true\"}; if(window.DFLIP && window.DFLIP.parseBooks){window.DFLIP.parseBooks();}<\/script>\n","protected":false},"excerpt":{"rendered":"<div class=\"mh-excerpt\"><p>[18.11.2025] \u201eMit dem Herzen h\u00f6ren\u201c \u2013 so haben wir unseren Weihnachtsgemeindebrief betitelt. Vorbild ist uns Maria, die auf die Worte der Hirten h\u00f6rt. Sie erz\u00e4hlen ihr weiter, was die Engel ihnen gesagt haben: \u201eEuch ist <a class=\"mh-excerpt-more\" href=\"https:\/\/hallein-evangelisch.at\/wp\/?p=17309\" title=\"Weihnachten 2025\">[&#8230;]<\/a><\/p>\n<\/div>","protected":false},"author":8,"featured_media":17315,"comment_status":"closed","ping_status":"closed","sticky":false,"template":"","format":"standard","meta":{"footnotes":""},"categories":[27],"tags":[],"class_list":{"0":"post-17309","1":"post","2":"type-post","3":"status-publish","4":"format-standard","5":"has-post-thumbnail","7":"category-gemeindebrief"},"_links":{"self":[{"href":"https:\/\/hallein-evangelisch.at\/wp\/index.php?rest_route=\/wp\/v2\/posts\/17309","targetHints":{"allow":["GET"]}}],"collection":[{"href":"https:\/\/hallein-evangelisch.at\/wp\/index.php?rest_route=\/wp\/v2\/posts"}],"about":[{"href":"https:\/\/hallein-evangelisch.at\/wp\/index.php?rest_route=\/wp\/v2\/types\/post"}],"author":[{"embeddable":true,"href":"https:\/\/hallein-evangelisch.at\/wp\/index.php?rest_route=\/wp\/v2\/users\/8"}],"replies":[{"embeddable":true,"href":"https:\/\/hallein-evangelisch.at\/wp\/index.php?rest_route=%2Fwp%2Fv2%2Fcomments&post=17309"}],"version-history":[{"count":2,"href":"https:\/\/hallein-evangelisch.at\/wp\/index.php?rest_route=\/wp\/v2\/posts\/17309\/revisions"}],"predecessor-version":[{"id":17314,"href":"https:\/\/hallein-evangelisch.at\/wp\/index.php?rest_route=\/wp\/v2\/posts\/17309\/revisions\/17314"}],"wp:featuredmedia":[{"embeddable":true,"href":"https:\/\/hallein-evangelisch.at\/wp\/index.php?rest_route=\/wp\/v2\/media\/17315"}],"wp:attachment":[{"href":"https:\/\/hallein-evangelisch.at\/wp\/index.php?rest_route=%2Fwp%2Fv2%2Fmedia&parent=17309"}],"wp:term":[{"taxonomy":"category","embeddable":true,"href":"https:\/\/hallein-evangelisch.at\/wp\/index.php?rest_route=%2Fwp%2Fv2%2Fcategories&post=17309"},{"taxonomy":"post_tag","embeddable":true,"href":"https:\/\/hallein-evangelisch.at\/wp\/index.php?rest_route=%2Fwp%2Fv2%2Ftags&post=17309"}],"curies":[{"name":"wp","href":"https:\/\/api.w.org\/{rel}","templated":true}]}}