{"id":17367,"date":"2025-12-09T00:00:32","date_gmt":"2025-12-08T23:00:32","guid":{"rendered":"https:\/\/hallein-evangelisch.at\/wp\/?p=17367"},"modified":"2025-12-09T10:33:57","modified_gmt":"2025-12-09T09:33:57","slug":"partnergemeinde-berchtesgaden-10","status":"publish","type":"post","link":"https:\/\/hallein-evangelisch.at\/wp\/?p=17367","title":{"rendered":"Partnergemeinde Berchtesgaden"},"content":{"rendered":"<p>[09.12.2025]<\/p>\n<h3>Mit dem Herzen h\u00f6ren<\/h3>\n<p>Liebe Nachbarn in Hallein!<\/p>\n<p>Die Redaktion des Gemeindebriefs hat sich ein wirklich sch\u00f6nes Thema ausgesucht: Mit dem Herzen h\u00f6ren.<\/p>\n<p>Ehrlich gesagt h\u00f6re ich das Meiste mit den Ohren \u2013 hohe und tiefe T\u00f6ne, laute Stimmen und leises Wispern. Durch die Ger\u00e4usche und Stimmen um mich herum bekomme ich viel von meiner Umwelt mit. Aber eben nicht alles.<\/p>\n<p>Es gibt T\u00f6ne, die tiefer dringen als nur in die Ohren, die Gef\u00fchle anregen und das Herz erf\u00fcllen.<\/p>\n<p>Einer dieser Momente war f\u00fcr mich, als ich im letzten Jahr das Weihnachtsoratorium, gespielt von Gradus Ad Parnassum, in der Christuskirche Berchtesgaden h\u00f6ren durfte.<br \/>\nEs waren nicht nur T\u00f6ne \u2013 es war eine Botschaft, die diese Musik ins Herz gesprochen hat.<\/p>\n<p>Ich glaube, es lohnt sich, offen zu sein f\u00fcr die T\u00f6ne, die wir im Herzen h\u00f6ren.<br \/>\nSie erf\u00fcllen das Herz und machen das Leben reicher.<\/p>\n<p>Deshalb m\u00f6chte ich Sie herzlich zu den n\u00e4chsten Konzerten mit Musik f\u00fcr das Herz in die Christuskirche Berchtesgaden einladen:<\/p>\n<ul>\n<li>\ud83c\udfb5 21. Dezember, 17 Uhr: Adventskonzert mit Eva Kastner (Harfe) und Sabine Schmid (Hackbrett)<\/li>\n<li>\ud83c\udfb5 5. Januar, 17 Uhr: Barocke Weihnacht mit Musik von Heinrich Sch\u00fctz, gespielt vom Ensemble Gradus Ad Parnassum unter der Leitung von Felix Thiedemann<\/li>\n<\/ul>\n<p>Der Eintritt zu beiden Konzerten ist frei, Spenden sind herzlich erbeten.<\/p>\n<p>Ich w\u00fcnsche Ihnen allen eine gesegnete Advents- und Weihnachtszeit.<\/p>\n<p>\ud83d\ude4f<br \/>\n<em>Josef H\u00f6glauer, Pfarrer in Berchtesgaden<\/em><br \/>\n\ud83d\udcde 08652 \/ 9772084<br \/>\n\ud83c\udf10 <a href=\"https:\/\/www.berchtesgaden-evangelisch.de\">www.berchtesgaden-evangelisch.de<\/a><\/p>\n","protected":false},"excerpt":{"rendered":"<div class=\"mh-excerpt\"><p>[09.12.2025] Mit dem Herzen h\u00f6ren Liebe Nachbarn in Hallein! Die Redaktion des Gemeindebriefs hat sich ein wirklich sch\u00f6nes Thema ausgesucht: Mit dem Herzen h\u00f6ren. Ehrlich gesagt h\u00f6re ich das Meiste mit den Ohren \u2013 hohe <a class=\"mh-excerpt-more\" href=\"https:\/\/hallein-evangelisch.at\/wp\/?p=17367\" title=\"Partnergemeinde Berchtesgaden\">[&#8230;]<\/a><\/p>\n<\/div>","protected":false},"author":8,"featured_media":12713,"comment_status":"closed","ping_status":"closed","sticky":false,"template":"","format":"standard","meta":{"footnotes":""},"categories":[1],"tags":[],"class_list":{"0":"post-17367","1":"post","2":"type-post","3":"status-publish","4":"format-standard","5":"has-post-thumbnail","7":"category-allgemein"},"_links":{"self":[{"href":"https:\/\/hallein-evangelisch.at\/wp\/index.php?rest_route=\/wp\/v2\/posts\/17367","targetHints":{"allow":["GET"]}}],"collection":[{"href":"https:\/\/hallein-evangelisch.at\/wp\/index.php?rest_route=\/wp\/v2\/posts"}],"about":[{"href":"https:\/\/hallein-evangelisch.at\/wp\/index.php?rest_route=\/wp\/v2\/types\/post"}],"author":[{"embeddable":true,"href":"https:\/\/hallein-evangelisch.at\/wp\/index.php?rest_route=\/wp\/v2\/users\/8"}],"replies":[{"embeddable":true,"href":"https:\/\/hallein-evangelisch.at\/wp\/index.php?rest_route=%2Fwp%2Fv2%2Fcomments&post=17367"}],"version-history":[{"count":4,"href":"https:\/\/hallein-evangelisch.at\/wp\/index.php?rest_route=\/wp\/v2\/posts\/17367\/revisions"}],"predecessor-version":[{"id":17555,"href":"https:\/\/hallein-evangelisch.at\/wp\/index.php?rest_route=\/wp\/v2\/posts\/17367\/revisions\/17555"}],"wp:featuredmedia":[{"embeddable":true,"href":"https:\/\/hallein-evangelisch.at\/wp\/index.php?rest_route=\/wp\/v2\/media\/12713"}],"wp:attachment":[{"href":"https:\/\/hallein-evangelisch.at\/wp\/index.php?rest_route=%2Fwp%2Fv2%2Fmedia&parent=17367"}],"wp:term":[{"taxonomy":"category","embeddable":true,"href":"https:\/\/hallein-evangelisch.at\/wp\/index.php?rest_route=%2Fwp%2Fv2%2Fcategories&post=17367"},{"taxonomy":"post_tag","embeddable":true,"href":"https:\/\/hallein-evangelisch.at\/wp\/index.php?rest_route=%2Fwp%2Fv2%2Ftags&post=17367"}],"curies":[{"name":"wp","href":"https:\/\/api.w.org\/{rel}","templated":true}]}}