{"id":1737,"date":"2017-05-03T05:00:27","date_gmt":"2017-05-03T05:00:27","guid":{"rendered":"http:\/\/hallein-evangelisch.at\/wp\/?p=1737"},"modified":"2017-05-03T09:30:16","modified_gmt":"2017-05-03T09:30:16","slug":"wer-lebt-stoert","status":"publish","type":"post","link":"https:\/\/hallein-evangelisch.at\/wp\/?p=1737","title":{"rendered":"Wer lebt, st\u00f6rt."},"content":{"rendered":"<p>[2017-05-03]<\/p>\n<div class=\"page\" title=\"Page 14\">\n<div class=\"layoutArea\">\n<div class=\"column\">\n<h2>Oder: <br \/>die vertrackte Frage nach dem richtigen Leben. <br \/>Sprechkunst-Performance-Abend mit<br \/> Mareike Tiede und Franziska Trischler<\/h2>\n<h3>Mittwoch, 31. Mai, 19.30 Uhr Schaitbergerkirche<\/h3>\n<p><img loading=\"lazy\" decoding=\"async\" class=\"size-full wp-image-1738 alignnone\" src=\"http:\/\/hallein-evangelisch.at\/wp\/wp-content\/uploads\/2017\/04\/A_screenshot_04.04.17-11.27.jpg\" alt=\"\" width=\"685\" height=\"398\" srcset=\"https:\/\/hallein-evangelisch.at\/wp\/wp-content\/uploads\/2017\/04\/A_screenshot_04.04.17-11.27.jpg 685w, https:\/\/hallein-evangelisch.at\/wp\/wp-content\/uploads\/2017\/04\/A_screenshot_04.04.17-11.27-600x349.jpg 600w\" sizes=\"auto, (max-width: 685px) 100vw, 685px\" \/>Franziska und Mareike wollen es richtig machen: das Leben, das Lieben und den ganzen Rest. Aber jeder Moment fordert eine Entscheidung von ihnen. Und so balancieren sie von einem Dilemma zum anderen. Und machen sich schuldig. Denn sie k\u00f6nnen immer nur einen Weg einschlagen und m\u00fcssen alle anderen links liegen lassen. An diesem Abend aber halten sie inne und hinterfragen zusammen mit dem Publikum, was es mit dem Schuldgef\u00fchl auf sich hat, wie \u201cVerantwortung \u00fcbernehmen\u201d aussehen und sich das Dilemma\u00adTorkeln zum Tanz wandeln kann.<\/p>\n<p>Ein Sprechkunst\u00adPerformance\u00adProgramm, das mit Texten, Geschichten und Aktionen die Fragen nach Schuld und Unschuld einkreist, Bewertung und Normen offenlegt und die Suche nach dem richtigen Leben hinterfragt.<\/p>\n<div class=\"page\" title=\"Page 15\">\n<div class=\"layoutArea\">\n<div class=\"column\">\n<p>Ein Abend, der zum Mitf\u00fchlen und Mitdenken einl\u00e4dt.<br \/> Es ist schon viele Jahre her, da traf Mareike auf Rilkes schwarzen Panther, der sie langsam umrundete. Er kam ihr so nah, dass sich ihre Nackenhaare aufstellten und da wusste sie, was sie wollte: mit dem gesprochenen Wort ber\u00fchren und Welten entstehen lassen!<br \/> So wurde Mareike Tiede Sprecherin und Sprechtrainerin. Sie arbeitet am Bayerischen und am \u00d6sterreichischen Rundfunk und gestaltet \u00ad meist in Wien und Salzburg \u00ad Lesungen und Sprechkunstprogramme. <a href=\"http:\/\/www.mareiketiede.de\">www.mareiketiede.de<\/a><\/p>\n<p>Franziska Trischler lebt und arbeitet f\u00fcr das Sprechen in all seinen Facetten. Seit sie lesen kann steht sie auf B\u00fchnen und Pl\u00e4tzen und l\u00e4sst Gedichte, Erz\u00e4hlungen oder Lautpoesie lebendig werden. Sie ist Mitglied und Gr\u00fcnderin mehrerer Sprech\u00ad und Theater\u00adEnsembles, die mit ungew\u00f6hnlichen Sprech\u00ad und Improvisations\u00adProjekten auf sich aufmerksam machen. Die studierte Sprechwissenschaftlerin lebt in Freiburg im Breisgau und ist dort Dozentin f\u00fcr Sprecherziehung an der P\u00e4dagogischen Hochschule Freiburg. Als freie Trainerin arbeitet sie international im Bereich Stimm\u00ad und Sprechbildung, Gespr\u00e4chsrhetorik und Sprechkunst. <a href=\"http:\/\/www.franziska\u00adtrischler.de\">www.franziska\u00adtrischler.de<\/a><\/p>\n<\/div>\n<\/div>\n<\/div>\n<\/div>\n<\/div>\n<\/div>\n","protected":false},"excerpt":{"rendered":"<div class=\"mh-excerpt\"><p>[2017-05-03] Oder: die vertrackte Frage nach dem richtigen Leben. Sprechkunst-Performance-Abend mit Mareike Tiede und Franziska Trischler Mittwoch, 31. Mai, 19.30 Uhr Schaitbergerkirche Franziska und Mareike wollen es richtig machen: das Leben, das Lieben und den <a class=\"mh-excerpt-more\" href=\"https:\/\/hallein-evangelisch.at\/wp\/?p=1737\" title=\"Wer lebt, st\u00f6rt.\">[&#8230;]<\/a><\/p>\n<\/div>","protected":false},"author":8,"featured_media":1738,"comment_status":"closed","ping_status":"open","sticky":false,"template":"","format":"standard","meta":{"footnotes":""},"categories":[1],"tags":[],"class_list":{"0":"post-1737","1":"post","2":"type-post","3":"status-publish","4":"format-standard","5":"has-post-thumbnail","7":"category-allgemein"},"_links":{"self":[{"href":"https:\/\/hallein-evangelisch.at\/wp\/index.php?rest_route=\/wp\/v2\/posts\/1737","targetHints":{"allow":["GET"]}}],"collection":[{"href":"https:\/\/hallein-evangelisch.at\/wp\/index.php?rest_route=\/wp\/v2\/posts"}],"about":[{"href":"https:\/\/hallein-evangelisch.at\/wp\/index.php?rest_route=\/wp\/v2\/types\/post"}],"author":[{"embeddable":true,"href":"https:\/\/hallein-evangelisch.at\/wp\/index.php?rest_route=\/wp\/v2\/users\/8"}],"replies":[{"embeddable":true,"href":"https:\/\/hallein-evangelisch.at\/wp\/index.php?rest_route=%2Fwp%2Fv2%2Fcomments&post=1737"}],"version-history":[{"count":1,"href":"https:\/\/hallein-evangelisch.at\/wp\/index.php?rest_route=\/wp\/v2\/posts\/1737\/revisions"}],"predecessor-version":[{"id":1739,"href":"https:\/\/hallein-evangelisch.at\/wp\/index.php?rest_route=\/wp\/v2\/posts\/1737\/revisions\/1739"}],"wp:featuredmedia":[{"embeddable":true,"href":"https:\/\/hallein-evangelisch.at\/wp\/index.php?rest_route=\/wp\/v2\/media\/1738"}],"wp:attachment":[{"href":"https:\/\/hallein-evangelisch.at\/wp\/index.php?rest_route=%2Fwp%2Fv2%2Fmedia&parent=1737"}],"wp:term":[{"taxonomy":"category","embeddable":true,"href":"https:\/\/hallein-evangelisch.at\/wp\/index.php?rest_route=%2Fwp%2Fv2%2Fcategories&post=1737"},{"taxonomy":"post_tag","embeddable":true,"href":"https:\/\/hallein-evangelisch.at\/wp\/index.php?rest_route=%2Fwp%2Fv2%2Ftags&post=1737"}],"curies":[{"name":"wp","href":"https:\/\/api.w.org\/{rel}","templated":true}]}}