{"id":17381,"date":"2025-12-01T00:00:23","date_gmt":"2025-11-30T23:00:23","guid":{"rendered":"https:\/\/hallein-evangelisch.at\/wp\/?p=17381"},"modified":"2026-01-07T15:17:02","modified_gmt":"2026-01-07T14:17:02","slug":"allianz-soziale-klimapolitik","status":"publish","type":"post","link":"https:\/\/hallein-evangelisch.at\/wp\/?p=17381","title":{"rendered":"Allianz Soziale Klimapolitik"},"content":{"rendered":"<p>[01.12.2025]<\/p>\n<h3>Allianz Soziale Klimapolitik fordert \u201evertr\u00e4gliche Ma\u00dfnahmen\u201c zum Umweltschutz<\/h3>\n<p>Ein knappes halbes Jahr nach dem Amtsantritt der aktuellen Bundesregierung f\u00e4llt die erste Beurteilung der Allianz f\u00fcr Soziale Klimapolitik eigenen Angaben zufolge \u201eern\u00fcchternd\u201c aus.<\/p>\n<p>Bei einer Pressekonferenz in Wien stellten Diakonie, Caritas, Rotes Kreuz, Volkshilfe, GLOBAL 2000 und S\u00fcdwind einen acht Punkte umfassenden Forderungskatalog f\u00fcr eine \u201edrastische Kurskorrektur\u201c vor.<br \/>\nIm ersten halben Jahr ihrer Amtszeit hat die Bundesregierung F\u00f6rderungen f\u00fcr Klimaschutz gek\u00fcrzt und damit auch eine soziale Schieflage geschaffen.<\/p>\n<p>Die Vertreter:innen der Allianz fordern von der Bundesregierung \u201eendlich wirksame Ma\u00dfnahmen\u201c, darunter mehr finanzielle Unterst\u00fctzung speziell f\u00fcr einkommensarme Haushalte.<br \/>\nZu den Forderungen z\u00e4hlen unter anderem:<\/p>\n<ul>\n<li>Beschluss eines Sozialtarifs f\u00fcr Strom f\u00fcr alle armutsgef\u00e4hrdeten Menschen<\/li>\n<li>Ausarbeitung des angek\u00fcndigten Klima-Sozialplans, der laut Allianz von 2026 bis 2032 rund 579 Millionen Euro f\u00fcr soziale Klimapolitik bereitstellen k\u00f6nnte<\/li>\n<li>Einf\u00fchrung eines klaren, verbindlichen Rechtsrahmens f\u00fcr den Umbau von \u00d6l- und Gasheizungen<\/li>\n<li>Attraktive F\u00f6rderungen f\u00fcr thermische Sanierungen mit sozial gestaffelten Unterst\u00fctzungen<\/li>\n<li>Mehr Mittel f\u00fcr eine umfassende Krisenvorsorge und gezielte Investitionen in einen modernen Katastrophenschutz<\/li>\n<li>Verankerung von Bildung f\u00fcr nachhaltige Entwicklung und Globalem Lernen in allen F\u00e4chern und Schultypen, inklusive Aus-, Fort- und Weiterbildung f\u00fcr P\u00e4dagog:innen<\/li>\n<\/ul>\n<p><em>Quelle: Evangelischer Pressedienst \u00d6sterreich, Wien<br \/>\nBeitragsbild: gemeindebrief.de<\/em><\/p>\n","protected":false},"excerpt":{"rendered":"<div class=\"mh-excerpt\"><p>[01.12.2025] Allianz Soziale Klimapolitik fordert \u201evertr\u00e4gliche Ma\u00dfnahmen\u201c zum Umweltschutz Ein knappes halbes Jahr nach dem Amtsantritt der aktuellen Bundesregierung f\u00e4llt die erste Beurteilung der Allianz f\u00fcr Soziale Klimapolitik eigenen Angaben zufolge \u201eern\u00fcchternd\u201c aus. Bei einer <a class=\"mh-excerpt-more\" href=\"https:\/\/hallein-evangelisch.at\/wp\/?p=17381\" title=\"Allianz Soziale Klimapolitik\">[&#8230;]<\/a><\/p>\n<\/div>","protected":false},"author":8,"featured_media":17377,"comment_status":"closed","ping_status":"closed","sticky":false,"template":"","format":"standard","meta":{"footnotes":""},"categories":[113],"tags":[],"class_list":{"0":"post-17381","1":"post","2":"type-post","3":"status-publish","4":"format-standard","5":"has-post-thumbnail","7":"category-presse"},"_links":{"self":[{"href":"https:\/\/hallein-evangelisch.at\/wp\/index.php?rest_route=\/wp\/v2\/posts\/17381","targetHints":{"allow":["GET"]}}],"collection":[{"href":"https:\/\/hallein-evangelisch.at\/wp\/index.php?rest_route=\/wp\/v2\/posts"}],"about":[{"href":"https:\/\/hallein-evangelisch.at\/wp\/index.php?rest_route=\/wp\/v2\/types\/post"}],"author":[{"embeddable":true,"href":"https:\/\/hallein-evangelisch.at\/wp\/index.php?rest_route=\/wp\/v2\/users\/8"}],"replies":[{"embeddable":true,"href":"https:\/\/hallein-evangelisch.at\/wp\/index.php?rest_route=%2Fwp%2Fv2%2Fcomments&post=17381"}],"version-history":[{"count":1,"href":"https:\/\/hallein-evangelisch.at\/wp\/index.php?rest_route=\/wp\/v2\/posts\/17381\/revisions"}],"predecessor-version":[{"id":17382,"href":"https:\/\/hallein-evangelisch.at\/wp\/index.php?rest_route=\/wp\/v2\/posts\/17381\/revisions\/17382"}],"wp:featuredmedia":[{"embeddable":true,"href":"https:\/\/hallein-evangelisch.at\/wp\/index.php?rest_route=\/wp\/v2\/media\/17377"}],"wp:attachment":[{"href":"https:\/\/hallein-evangelisch.at\/wp\/index.php?rest_route=%2Fwp%2Fv2%2Fmedia&parent=17381"}],"wp:term":[{"taxonomy":"category","embeddable":true,"href":"https:\/\/hallein-evangelisch.at\/wp\/index.php?rest_route=%2Fwp%2Fv2%2Fcategories&post=17381"},{"taxonomy":"post_tag","embeddable":true,"href":"https:\/\/hallein-evangelisch.at\/wp\/index.php?rest_route=%2Fwp%2Fv2%2Ftags&post=17381"}],"curies":[{"name":"wp","href":"https:\/\/api.w.org\/{rel}","templated":true}]}}