{"id":1746,"date":"2017-04-04T21:00:11","date_gmt":"2017-04-04T21:00:11","guid":{"rendered":"http:\/\/hallein-evangelisch.at\/wp\/?p=1746"},"modified":"2020-05-01T15:47:49","modified_gmt":"2020-05-01T13:47:49","slug":"besinnlicher-abschluss","status":"publish","type":"post","link":"https:\/\/hallein-evangelisch.at\/wp\/?p=1746","title":{"rendered":"Besinnlicher Abschluss der Fastenaktion 2017"},"content":{"rendered":"<p>[2017-04-04]<\/p>\n<h3>Einen gro\u00dfartigen Besuchererfolg konnte die diesj\u00e4hrige Fastenaktion verzeichnen.<\/h3>\n<p>Wie schon bei den 4 vorhergehendenen Abenden war auch dem 5. und letzten Abend der Fastenaktion 2017 der Halleiner Pfarrgemeinden ein voller Erfolg beschieden.<\/p>\n<figure id=\"attachment_1753\" aria-describedby=\"caption-attachment-1753\" style=\"width: 4136px\" class=\"wp-caption alignnone\"><a href=\"http:\/\/hallein-evangelisch.at\/wp\/?attachment_id=1753\" rel=\"attachment wp-att-1753\"><img loading=\"lazy\" decoding=\"async\" class=\"size-full wp-image-1753\" src=\"http:\/\/hallein-evangelisch.at\/wp\/wp-content\/uploads\/2017\/04\/fa2017-5HP-3052.jpg\" alt=\"\" width=\"4136\" height=\"2127\" srcset=\"https:\/\/hallein-evangelisch.at\/wp\/wp-content\/uploads\/2017\/04\/fa2017-5HP-3052.jpg 4136w, https:\/\/hallein-evangelisch.at\/wp\/wp-content\/uploads\/2017\/04\/fa2017-5HP-3052-600x309.jpg 600w, https:\/\/hallein-evangelisch.at\/wp\/wp-content\/uploads\/2017\/04\/fa2017-5HP-3052-1024x527.jpg 1024w\" sizes=\"auto, (max-width: 4136px) 100vw, 4136px\" \/><\/a><figcaption id=\"caption-attachment-1753\" class=\"wp-caption-text\">Die Besucher am letzten Abend der Fastenaktion wurden von Maria Hadwiger in der Rehofer Kirche begr\u00fc\u00dft.<\/figcaption><\/figure>\n<p>Nach der Begr\u00fc\u00dfung f\u00fchrte Mag. Klaus Leisinger mit einem geschichtlichen \u00dcberblick in das Geheimis der franz\u00f6sischen Ortes Taiz\u00e9 ein. An diesem Ort wurde schon sehr fr\u00fch \u00d6kumene nicht nur gepredigt, sondern ummittelbar gelebt. Das Vorbild Taiz\u00e9 hatte wohl auch einen besonderen Anteil daran, dass die katholische Kirche beim II. Vatikanischen Konzil begann, \u00d6kumene ernsthaft leben zu wollen.<\/p>\n<figure id=\"attachment_1752\" aria-describedby=\"caption-attachment-1752\" style=\"width: 4107px\" class=\"wp-caption alignnone\"><a href=\"http:\/\/hallein-evangelisch.at\/wp\/?attachment_id=1752\" rel=\"attachment wp-att-1752\"><img loading=\"lazy\" decoding=\"async\" class=\"size-full wp-image-1752\" src=\"http:\/\/hallein-evangelisch.at\/wp\/wp-content\/uploads\/2017\/04\/fa2017-5HP-3055.jpg\" alt=\"\" width=\"4107\" height=\"2092\" srcset=\"https:\/\/hallein-evangelisch.at\/wp\/wp-content\/uploads\/2017\/04\/fa2017-5HP-3055.jpg 4107w, https:\/\/hallein-evangelisch.at\/wp\/wp-content\/uploads\/2017\/04\/fa2017-5HP-3055-600x306.jpg 600w, https:\/\/hallein-evangelisch.at\/wp\/wp-content\/uploads\/2017\/04\/fa2017-5HP-3055-1024x522.jpg 1024w\" sizes=\"auto, (max-width: 4107px) 100vw, 4107px\" \/><\/a><figcaption id=\"caption-attachment-1752\" class=\"wp-caption-text\">Was geschah in Taiz\u00e9 seit der Gr\u00fcndung bis heute. Klaus Leisinger wartete mit einer F\u00fclle an Informationen auf.<\/figcaption><\/figure>\n<p>Mit sehr pers\u00f6nlichen und begeisternden Worten erz\u00e4hlte die junge evangelische Pfarrerin Melanie Dormann von ihren pers\u00f6nlichen Aufenthalten in Taiz\u00e9, von der besonderen Stimmung unter den oft sehr vielen Jugendlichen aus aller Welt und dem an sich sehr einfachen Leben an diesem Kraftort.<\/p>\n<figure id=\"attachment_1751\" aria-describedby=\"caption-attachment-1751\" style=\"width: 4614px\" class=\"wp-caption alignnone\"><a href=\"http:\/\/hallein-evangelisch.at\/wp\/?attachment_id=1751\" rel=\"attachment wp-att-1751\"><img loading=\"lazy\" decoding=\"async\" class=\"size-full wp-image-1751\" src=\"http:\/\/hallein-evangelisch.at\/wp\/wp-content\/uploads\/2017\/04\/fa2017-5HP-3069.jpg\" alt=\"\" width=\"4614\" height=\"2768\" srcset=\"https:\/\/hallein-evangelisch.at\/wp\/wp-content\/uploads\/2017\/04\/fa2017-5HP-3069.jpg 4614w, https:\/\/hallein-evangelisch.at\/wp\/wp-content\/uploads\/2017\/04\/fa2017-5HP-3069-600x360.jpg 600w, https:\/\/hallein-evangelisch.at\/wp\/wp-content\/uploads\/2017\/04\/fa2017-5HP-3069-1024x614.jpg 1024w\" sizes=\"auto, (max-width: 4614px) 100vw, 4614px\" \/><\/a><figcaption id=\"caption-attachment-1751\" class=\"wp-caption-text\">Pfarrerin Mag. Melanie Dormann war selbst in Taiz\u00e9 und konnte die Stimmung an diesem Ort bestens vermitteln.<\/figcaption><\/figure>\n<p>Der zweite Teil des Abends war gekennzeichnet durch eine Feier, so wie sie auch in Taiz\u00e9 sein k\u00f6nnte. Gebete und f\u00fcr Taiz\u00e9 typische Ges\u00e4nge konnten die Stimmung in diesem franz\u00f6sichen Ort sp\u00fcrbar machen.<\/p>\n<figure id=\"attachment_1755\" aria-describedby=\"caption-attachment-1755\" style=\"width: 4960px\" class=\"wp-caption alignnone\"><a href=\"http:\/\/hallein-evangelisch.at\/wp\/?attachment_id=1755\" rel=\"attachment wp-att-1755\"><img loading=\"lazy\" decoding=\"async\" class=\"size-full wp-image-1755\" src=\"http:\/\/hallein-evangelisch.at\/wp\/wp-content\/uploads\/2017\/04\/fa2017-5HP-3070-2.jpg\" alt=\"\" width=\"4960\" height=\"3076\" srcset=\"https:\/\/hallein-evangelisch.at\/wp\/wp-content\/uploads\/2017\/04\/fa2017-5HP-3070-2.jpg 4960w, https:\/\/hallein-evangelisch.at\/wp\/wp-content\/uploads\/2017\/04\/fa2017-5HP-3070-2-600x372.jpg 600w, https:\/\/hallein-evangelisch.at\/wp\/wp-content\/uploads\/2017\/04\/fa2017-5HP-3070-2-1024x635.jpg 1024w\" sizes=\"auto, (max-width: 4960px) 100vw, 4960px\" \/><\/a><figcaption id=\"caption-attachment-1755\" class=\"wp-caption-text\">Der Chor der evangelischen Pfarrgemeinde von Hallein sang gemeinsam mit den vielen Besuchern<\/figcaption><\/figure>\n<p>Nach einem sehr sch\u00f6nen, ins Herz gehenden Abend in der Kirche von Rehof bot eine kleine Agape im Pfarrsaal noch Gelegenheit \u00fcber das gerade Erlebte mit Gleichgesinnten zu diskutieren.<\/p>\n<figure id=\"attachment_1748\" aria-describedby=\"caption-attachment-1748\" style=\"width: 3264px\" class=\"wp-caption alignnone\"><a href=\"http:\/\/hallein-evangelisch.at\/wp\/?attachment_id=1748\" rel=\"attachment wp-att-1748\"><img loading=\"lazy\" decoding=\"async\" class=\"size-full wp-image-1748\" src=\"http:\/\/hallein-evangelisch.at\/wp\/wp-content\/uploads\/2017\/04\/fa2017-5HP-7255.jpg\" alt=\"\" width=\"3264\" height=\"2448\" srcset=\"https:\/\/hallein-evangelisch.at\/wp\/wp-content\/uploads\/2017\/04\/fa2017-5HP-7255.jpg 3264w, https:\/\/hallein-evangelisch.at\/wp\/wp-content\/uploads\/2017\/04\/fa2017-5HP-7255-678x509.jpg 678w, https:\/\/hallein-evangelisch.at\/wp\/wp-content\/uploads\/2017\/04\/fa2017-5HP-7255-326x245.jpg 326w, https:\/\/hallein-evangelisch.at\/wp\/wp-content\/uploads\/2017\/04\/fa2017-5HP-7255-80x60.jpg 80w, https:\/\/hallein-evangelisch.at\/wp\/wp-content\/uploads\/2017\/04\/fa2017-5HP-7255-600x450.jpg 600w, https:\/\/hallein-evangelisch.at\/wp\/wp-content\/uploads\/2017\/04\/fa2017-5HP-7255-1024x768.jpg 1024w\" sizes=\"auto, (max-width: 3264px) 100vw, 3264px\" \/><\/a><figcaption id=\"caption-attachment-1748\" class=\"wp-caption-text\">Agape nach einem gelungenen Abend.<\/figcaption><\/figure>\n","protected":false},"excerpt":{"rendered":"<div class=\"mh-excerpt\"><p>[2017-04-04] Einen gro\u00dfartigen Besuchererfolg konnte die diesj\u00e4hrige Fastenaktion verzeichnen. Wie schon bei den 4 vorhergehendenen Abenden war auch dem 5. und letzten Abend der Fastenaktion 2017 der Halleiner Pfarrgemeinden ein voller Erfolg beschieden. Nach der <a class=\"mh-excerpt-more\" href=\"https:\/\/hallein-evangelisch.at\/wp\/?p=1746\" title=\"Besinnlicher Abschluss der Fastenaktion 2017\">[&#8230;]<\/a><\/p>\n<\/div>","protected":false},"author":8,"featured_media":0,"comment_status":"closed","ping_status":"open","sticky":false,"template":"","format":"standard","meta":{"footnotes":""},"categories":[18],"tags":[],"class_list":{"0":"post-1746","1":"post","2":"type-post","3":"status-publish","4":"format-standard","6":"category-fastenaktion-archiv"},"_links":{"self":[{"href":"https:\/\/hallein-evangelisch.at\/wp\/index.php?rest_route=\/wp\/v2\/posts\/1746","targetHints":{"allow":["GET"]}}],"collection":[{"href":"https:\/\/hallein-evangelisch.at\/wp\/index.php?rest_route=\/wp\/v2\/posts"}],"about":[{"href":"https:\/\/hallein-evangelisch.at\/wp\/index.php?rest_route=\/wp\/v2\/types\/post"}],"author":[{"embeddable":true,"href":"https:\/\/hallein-evangelisch.at\/wp\/index.php?rest_route=\/wp\/v2\/users\/8"}],"replies":[{"embeddable":true,"href":"https:\/\/hallein-evangelisch.at\/wp\/index.php?rest_route=%2Fwp%2Fv2%2Fcomments&post=1746"}],"version-history":[{"count":19,"href":"https:\/\/hallein-evangelisch.at\/wp\/index.php?rest_route=\/wp\/v2\/posts\/1746\/revisions"}],"predecessor-version":[{"id":7646,"href":"https:\/\/hallein-evangelisch.at\/wp\/index.php?rest_route=\/wp\/v2\/posts\/1746\/revisions\/7646"}],"wp:attachment":[{"href":"https:\/\/hallein-evangelisch.at\/wp\/index.php?rest_route=%2Fwp%2Fv2%2Fmedia&parent=1746"}],"wp:term":[{"taxonomy":"category","embeddable":true,"href":"https:\/\/hallein-evangelisch.at\/wp\/index.php?rest_route=%2Fwp%2Fv2%2Fcategories&post=1746"},{"taxonomy":"post_tag","embeddable":true,"href":"https:\/\/hallein-evangelisch.at\/wp\/index.php?rest_route=%2Fwp%2Fv2%2Ftags&post=1746"}],"curies":[{"name":"wp","href":"https:\/\/api.w.org\/{rel}","templated":true}]}}