{"id":17542,"date":"2025-12-05T00:00:53","date_gmt":"2025-12-04T23:00:53","guid":{"rendered":"https:\/\/hallein-evangelisch.at\/wp\/?p=17542"},"modified":"2025-12-04T23:04:02","modified_gmt":"2025-12-04T22:04:02","slug":"sonntagsgruss-zum-7-dezember-2025","status":"publish","type":"post","link":"https:\/\/hallein-evangelisch.at\/wp\/?p=17542","title":{"rendered":"Sonntagsgru\u00df zum 7. Dezember 2025"},"content":{"rendered":"<p>[05.12.2025]<\/p>\n<p>Liebe Mitglieder und Freunde unserer Gemeinde!<\/p>\n<figure id=\"attachment_13368\" aria-describedby=\"caption-attachment-13368\" style=\"width: 300px\" class=\"wp-caption alignright\"><img loading=\"lazy\" decoding=\"async\" class=\"size-thumbnail wp-image-13368\" src=\"https:\/\/hallein-evangelisch.at\/wp\/wp-content\/uploads\/2023\/06\/Peter-Gabriel-300x350.jpg\" alt=\"\" width=\"300\" height=\"350\" srcset=\"https:\/\/hallein-evangelisch.at\/wp\/wp-content\/uploads\/2023\/06\/Peter-Gabriel-300x350.jpg 300w, https:\/\/hallein-evangelisch.at\/wp\/wp-content\/uploads\/2023\/06\/Peter-Gabriel.jpg 600w\" sizes=\"auto, (max-width: 300px) 100vw, 300px\" \/><figcaption id=\"caption-attachment-13368\" class=\"wp-caption-text\">Peter Gabriel<\/figcaption><\/figure>\n<p><i>&#8222;Seht auf und erhebt eure H\u00e4upter, weil sich eure Erl\u00f6sung naht.&#8220; <\/i>(Lukas 21,28) &#8211; so lautet das biblische Motto f\u00fcr den zweiten Advents-Sonntag.<br \/>\nDarauf vertrauen wir: durch die Geburt des Jesuskindes wird mir von Gott Erl\u00f6sung und Rettung geschenkt.<br \/>\nDas ver\u00e4ndert mich, l\u00e4sst mich aufrecht, mit erhobenem Haupt gehen, denn ich bin Gottes Kind.<br \/>\nDie Adventszeit fordert mich auf: Nimm wahr, was Gott dir schenkt, schau genau hin, lausch in dich hinein und h\u00f6re auf Gottes wundervolle Zusagen.<\/p>\n<p>Der <b>angeh\u00e4ngte Sonntagsgru\u00df<\/b> dreht sich um Nachrichten, die meinen Alltag durchbrechen, die mein Leben ver\u00e4ndern.<\/p>\n<p>Gottes wunderbare Zusagen, seine Worte d\u00fcrfen wir in jedem <b>Gottesdienst h\u00f6ren &#8211; kommt also und feiert mit uns!<\/b><\/p>\n<ul>\n<li>Freitag, 5. Dezember, 12.00 Uhr Mittagsgebet<\/li>\n<li><b>Sonntag, 7. Dezember, 09.30 Uhr Gottesdienst f\u00fcr dich &amp; mich &#8222;Breaking News&#8220;<\/b> (Lukas 21,28) &#8211; <i>Plakat im Anhang<\/i><\/li>\n<li><i>Sonntag, 7. Dezember, 18.00 Uhr Abendandacht<\/i><\/li>\n<li><b>Dienstag, 9. Dezember, 15.00 Uhr Seniorenkreis-Adventfeier<\/b><\/li>\n<\/ul>\n<p>Nele Kaiser schreibt<br \/>\n<i>Der Retter kommt. Der Weg ist nicht mehr weit.<br \/>\nAutos versperren den Weg, bildet Rettungsgassen, der Retter kommt.<br \/>\nAlso: Passt auf, macht euch bereit und macht Platz.<br \/>\n&#8222;Bereitet dem Herrn den Weg, denn siehe, der Herr kommt gewaltig.&#8220;<br \/>\nJesus kommt, um zu retten. Menschennah. Liebevoll und einsatzbereit.<\/i><\/p>\n<p>Gott sei mit euch &#8211; mit seinem Wort, seiner Liebe, seinem Trost, seiner Freude und seinem Segen!<br \/>\n<i>Euer Pfarrer Peter<\/i><\/p>\n<p><b>Noch einmal der Hinweis auf das Weihnachtsst\u00fcck &#8222;Stille Nacht &#8211; Schicksalsf\u00e4den&#8220; unseres EL-Theaters auf der Pernerinsel am 2. und 3. Advents-Wochenende!<\/b> Weitere Infos im angeh\u00e4ngten Plakat!<\/p>\n<a href=\"https:\/\/hallein-evangelisch.at\/newsletter\/beilagen\/Sonntagsgru20251207-20251204122642.pdf\" class=\"pdfemb-viewer\" style=\"\" data-width=\"max\" data-height=\"max\" data-toolbar=\"bottom\" data-toolbar-fixed=\"on\">Sonntagsgru20251207-20251204122642<\/a>\n<hr \/>\n<a href=\"https:\/\/hallein-evangelisch.at\/newsletter\/beilagen\/Plakat20251207-20251129121017.pdf\" class=\"pdfemb-viewer\" style=\"\" data-width=\"max\" data-height=\"max\" data-toolbar=\"bottom\" data-toolbar-fixed=\"on\">Plakat20251207-20251129121017<\/a>\n<hr \/>\n<a href=\"https:\/\/hallein-evangelisch.at\/newsletter\/beilagen\/StilleNacht-20251124150707.pdf\" class=\"pdfemb-viewer\" style=\"\" data-width=\"max\" data-height=\"max\" data-toolbar=\"bottom\" data-toolbar-fixed=\"on\">StilleNacht-20251124150707<\/a>\n","protected":false},"excerpt":{"rendered":"<div class=\"mh-excerpt\"><p>[05.12.2025] Liebe Mitglieder und Freunde unserer Gemeinde! &#8222;Seht auf und erhebt eure H\u00e4upter, weil sich eure Erl\u00f6sung naht.&#8220; (Lukas 21,28) &#8211; so lautet das biblische Motto f\u00fcr den zweiten Advents-Sonntag. Darauf vertrauen wir: durch die <a class=\"mh-excerpt-more\" href=\"https:\/\/hallein-evangelisch.at\/wp\/?p=17542\" title=\"Sonntagsgru\u00df zum 7. Dezember 2025\">[&#8230;]<\/a><\/p>\n<\/div>","protected":false},"author":8,"featured_media":15648,"comment_status":"closed","ping_status":"closed","sticky":false,"template":"","format":"standard","meta":{"footnotes":""},"categories":[84,102],"tags":[],"class_list":{"0":"post-17542","1":"post","2":"type-post","3":"status-publish","4":"format-standard","5":"has-post-thumbnail","7":"category-hauskirche","8":"category-sonntagsgruss"},"_links":{"self":[{"href":"https:\/\/hallein-evangelisch.at\/wp\/index.php?rest_route=\/wp\/v2\/posts\/17542","targetHints":{"allow":["GET"]}}],"collection":[{"href":"https:\/\/hallein-evangelisch.at\/wp\/index.php?rest_route=\/wp\/v2\/posts"}],"about":[{"href":"https:\/\/hallein-evangelisch.at\/wp\/index.php?rest_route=\/wp\/v2\/types\/post"}],"author":[{"embeddable":true,"href":"https:\/\/hallein-evangelisch.at\/wp\/index.php?rest_route=\/wp\/v2\/users\/8"}],"replies":[{"embeddable":true,"href":"https:\/\/hallein-evangelisch.at\/wp\/index.php?rest_route=%2Fwp%2Fv2%2Fcomments&post=17542"}],"version-history":[{"count":5,"href":"https:\/\/hallein-evangelisch.at\/wp\/index.php?rest_route=\/wp\/v2\/posts\/17542\/revisions"}],"predecessor-version":[{"id":17548,"href":"https:\/\/hallein-evangelisch.at\/wp\/index.php?rest_route=\/wp\/v2\/posts\/17542\/revisions\/17548"}],"wp:featuredmedia":[{"embeddable":true,"href":"https:\/\/hallein-evangelisch.at\/wp\/index.php?rest_route=\/wp\/v2\/media\/15648"}],"wp:attachment":[{"href":"https:\/\/hallein-evangelisch.at\/wp\/index.php?rest_route=%2Fwp%2Fv2%2Fmedia&parent=17542"}],"wp:term":[{"taxonomy":"category","embeddable":true,"href":"https:\/\/hallein-evangelisch.at\/wp\/index.php?rest_route=%2Fwp%2Fv2%2Fcategories&post=17542"},{"taxonomy":"post_tag","embeddable":true,"href":"https:\/\/hallein-evangelisch.at\/wp\/index.php?rest_route=%2Fwp%2Fv2%2Ftags&post=17542"}],"curies":[{"name":"wp","href":"https:\/\/api.w.org\/{rel}","templated":true}]}}