{"id":17562,"date":"2025-12-12T08:08:40","date_gmt":"2025-12-12T07:08:40","guid":{"rendered":"https:\/\/hallein-evangelisch.at\/wp\/?p=17562"},"modified":"2025-12-10T18:26:25","modified_gmt":"2025-12-10T17:26:25","slug":"sonntagsgruss-zum-14-dezember-2025","status":"publish","type":"post","link":"https:\/\/hallein-evangelisch.at\/wp\/?p=17562","title":{"rendered":"Sonntagsgru\u00df zum 14. Dezember 2025"},"content":{"rendered":"<p>[12.12.2025]<\/p>\n<p>Liebe Mitglieder und Freunde unserer Gemeinde!<\/p>\n<p><img loading=\"lazy\" decoding=\"async\" class=\"alignright size-thumbnail wp-image-14215\" src=\"https:\/\/hallein-evangelisch.at\/wp\/wp-content\/uploads\/2024\/02\/foto_gabriel-300x363.png\" alt=\"\" width=\"300\" height=\"363\" srcset=\"https:\/\/hallein-evangelisch.at\/wp\/wp-content\/uploads\/2024\/02\/foto_gabriel-300x363.png 300w, https:\/\/hallein-evangelisch.at\/wp\/wp-content\/uploads\/2024\/02\/foto_gabriel-600x727.png 600w, https:\/\/hallein-evangelisch.at\/wp\/wp-content\/uploads\/2024\/02\/foto_gabriel.png 777w\" sizes=\"auto, (max-width: 300px) 100vw, 300px\" \/>Der 3. Adventssonntag stellt Johannes den T\u00e4ufer in der Mittelpunkt. Er ist der, der auf Jesus hinweist, der mit seiner Botschaft und seiner Vergebungstaufe das Wirken Jesu vorbereitet. Damit erf\u00fcllt sich die Weissagung des Propheten Jesaja (Jes. 40,3.10): <i>Bereitet dem Herrn den Weg; denn siehe, der Herr kommt gewaltig.<\/i><br \/>\nAuch die Adventszeit dient der Vorbereitung auf das Christfest &#8211; nicht nur \u00e4u\u00dferlich, sondern auch innerlich. Ich will mich einstimmen und einlassen auf das wunderbare Geschehen des Kommens Gottes. Beide Bewegungen geh\u00f6ren zusammen: Mein Bereitsein &#8211; und Gottes Kommen!<\/p>\n<p>Der <b>angeh\u00e4ngte Sonntagsgru\u00df<\/b> beleuchtet anhand eines traditionellen Adventliedes die Bedeutung des Lichtes in dieser Zeit.<\/p>\n<p><b>Gottes Kommen zu uns feiern wir in jedem Gottesdienst &#8211; herzliche Einladung!<\/b><\/p>\n<ul>\n<li>Freitag, 12. Dezember, 12.00 Uhr Mittagsgebet<\/li>\n<li><b>Sonntag, 14. Dezember, 09.30 Uhr Gottesdienst mit Taufe und Mottete &#8222;Saget der Tochter Zion&#8220; (G.Ph. Telemann)<\/b> (Lukas 1,67-79 &#8211; Gabriel\/Safari,Chor,Pr\u00f6glh\u00f6f)<\/li>\n<li><i>Sonntag, 14. Dezember, 18.00 Uhr Salzburg-Christuskirche BachWerkVokal &#8222;Wie sch\u00f6n leuchtet der Morgenstern&#8220;<\/i> (Plakat im Anhang)<\/li>\n<li>Sonntag, 14. Dezember, 17.00 Uhr Friedhof Hallein Sternenkinder Gedenkfeier (partei- und konfessions\u00fcbergreifend) &#8211; Plakat im Anhang<\/li>\n<li><b>Freitag, 19. Dezember, 19.19 Uhr neunzehn.neunzehn<\/b> &#8222;Warten &#8211; Wunder &#8211; Weihnachten. Musik und Texte zum Ankommen im Advent&#8220;, Stephan Pollhammer, Orgel, Elisabeth Costa und Gudrun Kleinberger, Rezitation (Plakat im Anhang)<\/li>\n<\/ul>\n<p><i>Gott, du hast verhei\u00dfen: Du wirst uns besuchen mit deiner herzlichen Barmherzigkeit, mit deinem aufgehenden Licht aus der H\u00f6he. Gott, wie sch\u00f6n! Wir bitten dich: Komm mit deiner Barmherzigkeit auch zu uns! Lass dein Licht aufleuchten in unseren Lichtern im Advent! Amen!<\/i><\/p>\n<p>Ich w\u00fcnsche euch das Vertrauen: Gottes Licht leuchtet auch in eure Dunkelheit, er kommt mit seinem Segen auch zu euch!<\/p>\n<p><i>Euer Pfarrer Peter<\/i><\/p>\n<hr \/>\n<a href=\"https:\/\/hallein-evangelisch.at\/newsletter\/beilagen\/sonntagsgruss202512143Advent-20251208182424.pdf\" class=\"pdfemb-viewer\" style=\"\" data-width=\"max\" data-height=\"max\" data-toolbar=\"bottom\" data-toolbar-fixed=\"on\">sonntagsgruss202512143Advent-20251208182424<\/a>\n<hr \/>\n<a href=\"https:\/\/hallein-evangelisch.at\/newsletter\/beilagen\/Morgenstern-20251210153607.pdf\" class=\"pdfemb-viewer\" style=\"\" data-width=\"max\" data-height=\"max\" data-toolbar=\"bottom\" data-toolbar-fixed=\"on\">Morgenstern-20251210153607<\/a>\n<hr \/>\n<a href=\"https:\/\/hallein-evangelisch.at\/newsletter\/beilagen\/Sternenkinder-20251210153246.pdf\" class=\"pdfemb-viewer\" style=\"\" data-width=\"max\" data-height=\"max\" data-toolbar=\"bottom\" data-toolbar-fixed=\"on\">Sternenkinder-20251210153246<\/a>\n<hr \/>\n<a href=\"https:\/\/hallein-evangelisch.at\/newsletter\/beilagen\/19Dezember2025-20251210153339.pdf\" class=\"pdfemb-viewer\" style=\"\" data-width=\"max\" data-height=\"max\" data-toolbar=\"bottom\" data-toolbar-fixed=\"on\">19Dezember2025-20251210153339<\/a>\n","protected":false},"excerpt":{"rendered":"<div class=\"mh-excerpt\"><p>[12.12.2025] Liebe Mitglieder und Freunde unserer Gemeinde! Der 3. Adventssonntag stellt Johannes den T\u00e4ufer in der Mittelpunkt. Er ist der, der auf Jesus hinweist, der mit seiner Botschaft und seiner Vergebungstaufe das Wirken Jesu vorbereitet. <a class=\"mh-excerpt-more\" href=\"https:\/\/hallein-evangelisch.at\/wp\/?p=17562\" title=\"Sonntagsgru\u00df zum 14. Dezember 2025\">[&#8230;]<\/a><\/p>\n<\/div>","protected":false},"author":8,"featured_media":15649,"comment_status":"closed","ping_status":"closed","sticky":false,"template":"","format":"standard","meta":{"footnotes":""},"categories":[84,102],"tags":[],"class_list":{"0":"post-17562","1":"post","2":"type-post","3":"status-publish","4":"format-standard","5":"has-post-thumbnail","7":"category-hauskirche","8":"category-sonntagsgruss"},"_links":{"self":[{"href":"https:\/\/hallein-evangelisch.at\/wp\/index.php?rest_route=\/wp\/v2\/posts\/17562","targetHints":{"allow":["GET"]}}],"collection":[{"href":"https:\/\/hallein-evangelisch.at\/wp\/index.php?rest_route=\/wp\/v2\/posts"}],"about":[{"href":"https:\/\/hallein-evangelisch.at\/wp\/index.php?rest_route=\/wp\/v2\/types\/post"}],"author":[{"embeddable":true,"href":"https:\/\/hallein-evangelisch.at\/wp\/index.php?rest_route=\/wp\/v2\/users\/8"}],"replies":[{"embeddable":true,"href":"https:\/\/hallein-evangelisch.at\/wp\/index.php?rest_route=%2Fwp%2Fv2%2Fcomments&post=17562"}],"version-history":[{"count":4,"href":"https:\/\/hallein-evangelisch.at\/wp\/index.php?rest_route=\/wp\/v2\/posts\/17562\/revisions"}],"predecessor-version":[{"id":17566,"href":"https:\/\/hallein-evangelisch.at\/wp\/index.php?rest_route=\/wp\/v2\/posts\/17562\/revisions\/17566"}],"wp:featuredmedia":[{"embeddable":true,"href":"https:\/\/hallein-evangelisch.at\/wp\/index.php?rest_route=\/wp\/v2\/media\/15649"}],"wp:attachment":[{"href":"https:\/\/hallein-evangelisch.at\/wp\/index.php?rest_route=%2Fwp%2Fv2%2Fmedia&parent=17562"}],"wp:term":[{"taxonomy":"category","embeddable":true,"href":"https:\/\/hallein-evangelisch.at\/wp\/index.php?rest_route=%2Fwp%2Fv2%2Fcategories&post=17562"},{"taxonomy":"post_tag","embeddable":true,"href":"https:\/\/hallein-evangelisch.at\/wp\/index.php?rest_route=%2Fwp%2Fv2%2Ftags&post=17562"}],"curies":[{"name":"wp","href":"https:\/\/api.w.org\/{rel}","templated":true}]}}