{"id":17567,"date":"2025-12-11T19:32:42","date_gmt":"2025-12-11T18:32:42","guid":{"rendered":"https:\/\/hallein-evangelisch.at\/wp\/?p=17567"},"modified":"2025-12-11T19:32:42","modified_gmt":"2025-12-11T18:32:42","slug":"das-letzte-wort","status":"publish","type":"post","link":"https:\/\/hallein-evangelisch.at\/wp\/?p=17567","title":{"rendered":"Das letzte Wort"},"content":{"rendered":"<p>[11.12.2025]<\/p>\n<p>Viele Jahre gab es in der <em>Tennengauer Woche<\/em> (vormals <em>Tennengauer Nachrichten<\/em>) eine Kolumne unter dem Titel &#8222;Gr\u00fc\u00df Gott&#8220;. Darin wurden w\u00f6chentlich Beitr\u00e4ge von M\u00e4nnern und Frauen ver\u00f6ffentlicht, die in einer der kirchlichen Institutionen offizielle \u00c4mter bekleiden. Vielen Leserinnen und Lesern boten diese Zeilen eine h\u00e4ufig etwas andere Sicht auf das Geschehen in der nahen und fernen Welt. Mit Jahreswechsel wird diese Kolumne nun aufgelassen. Einer der letzten Beitr\u00e4ge in der Ausgabe vom 11. Dezember 2025 stammt von Peter Pr\u00f6glh\u00f6f, diesen wollen wir den Leseren der Homepage nicht vorenthalten und besonders ans Herz legen.<\/p>\n<h3>Das letzte Wort<\/h3>\n<figure id=\"attachment_13491\" aria-describedby=\"caption-attachment-13491\" style=\"width: 300px\" class=\"wp-caption alignright\"><img loading=\"lazy\" decoding=\"async\" class=\"size-thumbnail wp-image-13491\" src=\"https:\/\/hallein-evangelisch.at\/wp\/wp-content\/uploads\/2023\/09\/Peter-Proeglhoef-300x296.png\" alt=\"\" width=\"300\" height=\"296\" srcset=\"https:\/\/hallein-evangelisch.at\/wp\/wp-content\/uploads\/2023\/09\/Peter-Proeglhoef-300x296.png 300w, https:\/\/hallein-evangelisch.at\/wp\/wp-content\/uploads\/2023\/09\/Peter-Proeglhoef.png 596w\" sizes=\"auto, (max-width: 300px) 100vw, 300px\" \/><figcaption id=\"caption-attachment-13491\" class=\"wp-caption-text\">Peter Pr\u00f6glh\u00f6f<\/figcaption><\/figure>\n<p><em>In den vergangenen sieben Jahren habe ich in dieser Kolumne immer wieder das Wort zum Thema Frieden und Gewaltlosigkeit ergriffen. Ich halte das f\u00fcr einen der wichtigsten Beitr\u00e4ge, den die Kirchen in unserer Zeit leisten k\u00f6nnen. Da den Autoren mitgeteilt wurde, dass \u201eGr\u00fc\u00df Gott\u201d mit Ende des Jahres eingestellt wird, setze ich heute auch genau da meinen Schlusspunkt: Es f\u00fchlt sich geradezu tragisch an, recht zu behalten.<\/em><\/p>\n<p><em>Die Kriege der letzten Jahre haben nichts, aber auch gar nichts gebracht au\u00dfer Tod, Zerst\u00f6rung, Hass, verw\u00fcstetem Land, traumatisierten Menschen und katastrophalen Auswirkungen f\u00fcr das Weltklima. Nirgendwo gibt es einen Sieg, dem ein dauerhafter Friede folgen w\u00fcrde.<\/em><\/p>\n<p><em>Es ist v\u00f6llig absurd, dass uns fast t\u00e4glich \u2013 auch von einer der gr\u00f6\u00dften Tageszeitungen im Land Salzburg \u2013 eingeh\u00e4mmert wird, dass jetzt aufger\u00fcstet werden muss und dass daf\u00fcr Hunderte Milliarden Euro bereitgestellt werden m\u00fcssen, im Wissen, dass sie \u00fcberall, vor allem im Sozialbereich und in der Bildung, aber auch in der Abwendung der Klimakatastrophe, fehlen werden.<\/em><\/p>\n<p><em>Das Lernen des Friedens, das Ein\u00fcben der Gewaltlosigkeit, w\u00e4re jetzt eines der wichtigsten Ziele internationaler Politik.<\/em><\/p>\n<p><em>Und auch wenn das offenbar kaum jemand h\u00f6ren will: Das letzte Wort wird der behalten, auf dessen Kommen wir uns im Advent vorbereiten sollten: Der Frieden gebietet, den Waffen ein Ende bereitet, sodass die Menschen \u201enicht mehr lernen, Krieg zu f\u00fchren\u201d (Der Prophet Micha 4,4).<\/em><\/p>\n<p><em>Peter Pr\u00f6glh\u00f6f<\/em><\/p>\n","protected":false},"excerpt":{"rendered":"<div class=\"mh-excerpt\"><p>[11.12.2025] Viele Jahre gab es in der Tennengauer Woche (vormals Tennengauer Nachrichten) eine Kolumne unter dem Titel &#8222;Gr\u00fc\u00df Gott&#8220;. Darin wurden w\u00f6chentlich Beitr\u00e4ge von M\u00e4nnern und Frauen ver\u00f6ffentlicht, die in einer der kirchlichen Institutionen offizielle <a class=\"mh-excerpt-more\" href=\"https:\/\/hallein-evangelisch.at\/wp\/?p=17567\" title=\"Das letzte Wort\">[&#8230;]<\/a><\/p>\n<\/div>","protected":false},"author":8,"featured_media":13491,"comment_status":"closed","ping_status":"closed","sticky":false,"template":"","format":"standard","meta":{"footnotes":""},"categories":[113],"tags":[],"class_list":{"0":"post-17567","1":"post","2":"type-post","3":"status-publish","4":"format-standard","5":"has-post-thumbnail","7":"category-presse"},"_links":{"self":[{"href":"https:\/\/hallein-evangelisch.at\/wp\/index.php?rest_route=\/wp\/v2\/posts\/17567","targetHints":{"allow":["GET"]}}],"collection":[{"href":"https:\/\/hallein-evangelisch.at\/wp\/index.php?rest_route=\/wp\/v2\/posts"}],"about":[{"href":"https:\/\/hallein-evangelisch.at\/wp\/index.php?rest_route=\/wp\/v2\/types\/post"}],"author":[{"embeddable":true,"href":"https:\/\/hallein-evangelisch.at\/wp\/index.php?rest_route=\/wp\/v2\/users\/8"}],"replies":[{"embeddable":true,"href":"https:\/\/hallein-evangelisch.at\/wp\/index.php?rest_route=%2Fwp%2Fv2%2Fcomments&post=17567"}],"version-history":[{"count":2,"href":"https:\/\/hallein-evangelisch.at\/wp\/index.php?rest_route=\/wp\/v2\/posts\/17567\/revisions"}],"predecessor-version":[{"id":17569,"href":"https:\/\/hallein-evangelisch.at\/wp\/index.php?rest_route=\/wp\/v2\/posts\/17567\/revisions\/17569"}],"wp:featuredmedia":[{"embeddable":true,"href":"https:\/\/hallein-evangelisch.at\/wp\/index.php?rest_route=\/wp\/v2\/media\/13491"}],"wp:attachment":[{"href":"https:\/\/hallein-evangelisch.at\/wp\/index.php?rest_route=%2Fwp%2Fv2%2Fmedia&parent=17567"}],"wp:term":[{"taxonomy":"category","embeddable":true,"href":"https:\/\/hallein-evangelisch.at\/wp\/index.php?rest_route=%2Fwp%2Fv2%2Fcategories&post=17567"},{"taxonomy":"post_tag","embeddable":true,"href":"https:\/\/hallein-evangelisch.at\/wp\/index.php?rest_route=%2Fwp%2Fv2%2Ftags&post=17567"}],"curies":[{"name":"wp","href":"https:\/\/api.w.org\/{rel}","templated":true}]}}