{"id":17729,"date":"2026-01-16T08:00:31","date_gmt":"2026-01-16T07:00:31","guid":{"rendered":"https:\/\/hallein-evangelisch.at\/wp\/?p=17729"},"modified":"2026-03-07T17:05:58","modified_gmt":"2026-03-07T16:05:58","slug":"sonntagsgruss-zu-18-jaenner-2026","status":"publish","type":"post","link":"https:\/\/hallein-evangelisch.at\/wp\/?p=17729","title":{"rendered":"Sonntagsgru\u00df zum 18. J\u00e4nner 2026"},"content":{"rendered":"<p>[16.01.2026]<\/p>\n<p>Liebe Mitglieder und Freunde unserer Gemeinde!<\/p>\n<figure id=\"attachment_13368\" aria-describedby=\"caption-attachment-13368\" style=\"width: 300px\" class=\"wp-caption alignright\"><img loading=\"lazy\" decoding=\"async\" class=\"size-thumbnail wp-image-13368\" src=\"https:\/\/hallein-evangelisch.at\/wp\/wp-content\/uploads\/2023\/06\/Peter-Gabriel-300x350.jpg\" alt=\"\" width=\"300\" height=\"350\" srcset=\"https:\/\/hallein-evangelisch.at\/wp\/wp-content\/uploads\/2023\/06\/Peter-Gabriel-300x350.jpg 300w, https:\/\/hallein-evangelisch.at\/wp\/wp-content\/uploads\/2023\/06\/Peter-Gabriel.jpg 600w\" sizes=\"auto, (max-width: 300px) 100vw, 300px\" \/><figcaption id=\"caption-attachment-13368\" class=\"wp-caption-text\">Peter Gabriel<\/figcaption><\/figure>\n<p><i>&#8222;Jesus ist kommen, Grund ewiger Freuden; A und O, Anfang und Ende steht da.<br \/>\nGottheit und Menschheit vereinen sich beiden; Sch\u00f6pfer, wie kommst du uns Menschen so nah!&#8220; <\/i>(EG 66,1)<br \/>\n&#8211; so beginnt das wohl bekannteste Lied f\u00fcr die Epiphaniaszeit.<br \/>\nWeihnachten ist vorbei, aber in den Wochen danach bedenken und feiern wir, was das f\u00fcr uns konkret bedeutet:<br \/>\nIn Jesus ist Gott Mensch geworden und zu uns auf die Erde gekommen. Das erf\u00fcllt mich mit Freude, das ver\u00e4ndert mich und l\u00e4sst mich anders leben.<\/p>\n<p>Diese Gedanken pr\u00e4gen auch den <b>angeh\u00e4ngte Sonntagsgru\u00df<\/b>.<\/p>\n<p><b>Herzlich laden wir euch ein zu den n\u00e4chsten Gottesdiensten und Veranstaltungen:<\/b><\/p>\n<ul>\n<li>Freitag, 16. J\u00e4nner, 12.00 Uhr Mittagsgebet<\/li>\n<li><i>Samstag, 17. J\u00e4nner, 09.30 Uhr Salzburg Christuskirche Frauenfr\u00fchst\u00fcck &#8222;Einblicke in die j\u00fcdische Kulturgeschichte&#8220;<\/i> (mit Anmeldung &#8211; Plakat im Anhang)<\/li>\n<li><b>Sonntag, 18. J\u00e4nner, 09.30 Uhr Gottesdienst mit Abendmahl<\/b> (Jeremia 14 &#8211; Mayr\/Weber)<\/li>\n<li><i>Sonntag, 18. J\u00e4nner, 11.00 Uhr KINDERKIRCHE &#8222;Gott begleitet mich ins neue Jahr&#8220;<\/i> (Plakat im Anhang)<\/li>\n<li><b>Montag, 19. J\u00e4nner, 19.19 Uhr Neunzehn.neunzehn &#8222;Kein Licht ohne Liebe&#8220;, Familie Plasse, Yvonne Ennsmann<\/b> (Plakat im Anhang)<\/li>\n<li><i>Dienstag, 20. J\u00e4nner, 14.30 Uhr Spielenachmittag<\/i> (Plakat im Anhang)<\/li>\n<\/ul>\n<p>Peter Strauch dichtet:<br \/>\n<i>Kommt, atmet auf, ihr sollt leben.<br \/>\nIhr m\u00fcsst nicht mehr verzweifeln, nicht l\u00e4nger mutlos sein.<br \/>\nGott hat uns seinen Sohn gegeben. Mit ihm kehrt neues Leben bei uns ein.<br \/>\nNoch ist nichts verloren, noch ist Rettung nah.<br \/>\nNoch ist Gottes Liebe f\u00fcr uns Menschen da.<br \/>\nNoch wird Leben finden, wer an Jesus glaubt.<br \/>\nNoch wird angenommen, wer ihm fest vertraut.<\/i><\/p>\n<p>Lebt im Vertrauen auf die N\u00e4he, die Begleitung und den Segen Gottes!<br \/>\n<i>Euer Pfarrer Peter<\/i><\/p>\n<p>P.S. Derzeit erreichen uns viele Anfragen von Menschen, die Begleitung ben\u00f6tigen. Doch leider haben wir zu wenige Freiwillige, die daf\u00fcr Zeit haben. Wenn das etwas f\u00fcr Sie\/Dich w\u00e4re &#8211; bitte bei unserer <b>DaLeTe-Koordinatorin Lisa Ertl (0699\/18877597)<\/b> melden!<\/p>\n<hr \/>\n<a href=\"https:\/\/hallein-evangelisch.at\/newsletter\/beilagen\/Sonntagsgruss202601182nEpiphanias-20260113205339.pdf\" class=\"pdfemb-viewer\" style=\"\" data-width=\"max\" data-height=\"max\" data-toolbar=\"bottom\" data-toolbar-fixed=\"on\">Sonntagsgruss202601182nEpiphanias-20260113205339<\/a>\n<hr \/>\n<a href=\"https:\/\/hallein-evangelisch.at\/newsletter\/beilagen\/2601Frauenfrhstck-20260110134021.pdf\" class=\"pdfemb-viewer\" style=\"\" data-width=\"max\" data-height=\"max\" data-toolbar=\"bottom\" data-toolbar-fixed=\"on\">2601Frauenfrhstck-20260110134021<\/a>\n<hr \/>\n<a href=\"https:\/\/hallein-evangelisch.at\/newsletter\/beilagen\/KinderkircheJn26-20260110133433.pdf\" class=\"pdfemb-viewer\" style=\"\" data-width=\"max\" data-height=\"max\" data-toolbar=\"bottom\" data-toolbar-fixed=\"on\">KinderkircheJn26-20260110133433<\/a>\n<hr \/>\n<a href=\"https:\/\/hallein-evangelisch.at\/newsletter\/beilagen\/19Jan2026-20260110133403.pdf\" class=\"pdfemb-viewer\" style=\"\" data-width=\"max\" data-height=\"max\" data-toolbar=\"bottom\" data-toolbar-fixed=\"on\">19Jan2026-20260110133403<\/a>\n<hr \/>\n<a href=\"https:\/\/hallein-evangelisch.at\/newsletter\/beilagen\/SpielenachmittagDaLeTePlakat20012026-20260110134305.pdf\" class=\"pdfemb-viewer\" style=\"\" data-width=\"max\" data-height=\"max\" data-toolbar=\"bottom\" data-toolbar-fixed=\"on\">SpielenachmittagDaLeTePlakat20012026-20260110134305<\/a>\n<hr \/>\n<p>&nbsp;<\/p>\n","protected":false},"excerpt":{"rendered":"<div class=\"mh-excerpt\"><p>[16.01.2026] Liebe Mitglieder und Freunde unserer Gemeinde! &#8222;Jesus ist kommen, Grund ewiger Freuden; A und O, Anfang und Ende steht da. Gottheit und Menschheit vereinen sich beiden; Sch\u00f6pfer, wie kommst du uns Menschen so nah!&#8220; <a class=\"mh-excerpt-more\" href=\"https:\/\/hallein-evangelisch.at\/wp\/?p=17729\" title=\"Sonntagsgru\u00df zum 18. J\u00e4nner 2026\">[&#8230;]<\/a><\/p>\n<\/div>","protected":false},"author":8,"featured_media":17463,"comment_status":"closed","ping_status":"closed","sticky":false,"template":"","format":"standard","meta":{"footnotes":""},"categories":[84,102],"tags":[],"class_list":{"0":"post-17729","1":"post","2":"type-post","3":"status-publish","4":"format-standard","5":"has-post-thumbnail","7":"category-hauskirche","8":"category-sonntagsgruss"},"_links":{"self":[{"href":"https:\/\/hallein-evangelisch.at\/wp\/index.php?rest_route=\/wp\/v2\/posts\/17729","targetHints":{"allow":["GET"]}}],"collection":[{"href":"https:\/\/hallein-evangelisch.at\/wp\/index.php?rest_route=\/wp\/v2\/posts"}],"about":[{"href":"https:\/\/hallein-evangelisch.at\/wp\/index.php?rest_route=\/wp\/v2\/types\/post"}],"author":[{"embeddable":true,"href":"https:\/\/hallein-evangelisch.at\/wp\/index.php?rest_route=\/wp\/v2\/users\/8"}],"replies":[{"embeddable":true,"href":"https:\/\/hallein-evangelisch.at\/wp\/index.php?rest_route=%2Fwp%2Fv2%2Fcomments&post=17729"}],"version-history":[{"count":4,"href":"https:\/\/hallein-evangelisch.at\/wp\/index.php?rest_route=\/wp\/v2\/posts\/17729\/revisions"}],"predecessor-version":[{"id":17733,"href":"https:\/\/hallein-evangelisch.at\/wp\/index.php?rest_route=\/wp\/v2\/posts\/17729\/revisions\/17733"}],"wp:featuredmedia":[{"embeddable":true,"href":"https:\/\/hallein-evangelisch.at\/wp\/index.php?rest_route=\/wp\/v2\/media\/17463"}],"wp:attachment":[{"href":"https:\/\/hallein-evangelisch.at\/wp\/index.php?rest_route=%2Fwp%2Fv2%2Fmedia&parent=17729"}],"wp:term":[{"taxonomy":"category","embeddable":true,"href":"https:\/\/hallein-evangelisch.at\/wp\/index.php?rest_route=%2Fwp%2Fv2%2Fcategories&post=17729"},{"taxonomy":"post_tag","embeddable":true,"href":"https:\/\/hallein-evangelisch.at\/wp\/index.php?rest_route=%2Fwp%2Fv2%2Ftags&post=17729"}],"curies":[{"name":"wp","href":"https:\/\/api.w.org\/{rel}","templated":true}]}}