{"id":17741,"date":"2026-01-23T08:00:20","date_gmt":"2026-01-23T07:00:20","guid":{"rendered":"https:\/\/hallein-evangelisch.at\/wp\/?p=17741"},"modified":"2026-01-22T09:07:14","modified_gmt":"2026-01-22T08:07:14","slug":"sonntagsgruss-zum-25-jaenner-2026","status":"publish","type":"post","link":"https:\/\/hallein-evangelisch.at\/wp\/?p=17741","title":{"rendered":"Sonntagsgru\u00df zum 25. J\u00e4nner 2026"},"content":{"rendered":"<p>[23.01.2026]<\/p>\n<p>Liebe Mitglieder und Freunde unserer Gemeinde!<\/p>\n<figure id=\"attachment_13368\" aria-describedby=\"caption-attachment-13368\" style=\"width: 300px\" class=\"wp-caption alignright\"><img loading=\"lazy\" decoding=\"async\" class=\"size-thumbnail wp-image-13368\" src=\"https:\/\/hallein-evangelisch.at\/wp\/wp-content\/uploads\/2023\/06\/Peter-Gabriel-300x350.jpg\" alt=\"\" width=\"300\" height=\"350\" srcset=\"https:\/\/hallein-evangelisch.at\/wp\/wp-content\/uploads\/2023\/06\/Peter-Gabriel-300x350.jpg 300w, https:\/\/hallein-evangelisch.at\/wp\/wp-content\/uploads\/2023\/06\/Peter-Gabriel.jpg 600w\" sizes=\"auto, (max-width: 300px) 100vw, 300px\" \/><figcaption id=\"caption-attachment-13368\" class=\"wp-caption-text\">Peter Gabriel<\/figcaption><\/figure>\n<p><i>&#8222;Es werden kommen von Osten und von Westen, von Norden und von S\u00fcden, die zu Tisch sitzen werden im Reich Gottes.&#8220;<\/i> (Lukas 13,29)<br \/>\nAuf diese Verhei\u00dfung will ich vertrauen und mich daran festhalten!<br \/>\nGottes Reich, in dem ausnahmslos alle Menschen willkommen sind und in gegenseitiger Achtung und Frieden sich um einen Tisch versammeln, hat schon begonnen, ist schon Teil meiner Wirklichkeit.<br \/>\nAuch gegen das, was ich wahrnehme, gilt: Gottes Herrschaft ist mitten unter uns!<\/p>\n<p>Das ist auch der Kern der Botschaft Jesu &#8211; davon handelt der <b>angeh\u00e4ngte Sonntagsgru\u00df<\/b>.<\/p>\n<p>Erfahrbar wird f\u00fcr mich dieses Dasein Gottes in den <b>Gottesdiensten unserer Gemeinde &#8211; herzliche Einladung dazu!<\/b><\/p>\n<ul>\n<li>Freitag, 23. J\u00e4nner, 12.00 Uhr Mittagsgebet<\/li>\n<li><i>Samstag, 24. J\u00e4nner, 16.00 Uhr Abendmahlsgottesdienst, Seniorenresidenz Kahlsperg<\/i><\/li>\n<li><b>Sonntag, 25. J\u00e4nner, 10.00 Uhr (!) \u00f6kumenischer Gottesdienst in der r\u00f6m.-kath. Stadtpfarrkirche<\/b> (Plakat im Anhang)<br \/>\nWer Lust hat, kann um 09.30 Uhr gemeinsam von unserer Kirche aus dorthin spazieren!<\/li>\n<li><i>Sonntag, 25. J\u00e4nner, 19.00 Uhr \u00f6kumenischer Gottesdienst, r\u00f6m.-kath. Kirche Kuchl<\/i><\/li>\n<\/ul>\n<p>Michael Salewski sagt uns zu:<br \/>\n<i>Weil Jesus uns zusammenstellt, uns Br\u00fcder und Schwestern nennt,<br \/>\nliebt niemand einsam in der Welt, der die Gemeinde kennt.<\/i><\/p>\n<p>Von Herzen w\u00fcnsche ich euch diese Erfahrung, dass euch die christliche Gemeinschaft tr\u00e4gt, und dass ihr Gottes N\u00e4he sp\u00fcren d\u00fcrft!<\/p>\n<p><i>Euer Pfarrer Peter<\/i><\/p>\n<p>P.S. Wenn ihr als Freiwillige bei DaLeTe mitarbeiten m\u00f6gt, meldet euch doch bitte bei unserer <b>Koordinatorin Lisa Ertl: 0699\/18877597!<\/b><\/p>\n<hr \/>\n<a href=\"https:\/\/hallein-evangelisch.at\/newsletter\/beilagen\/sonntagsgruss202601253nEpiphanias-20260121210118.pdf\" class=\"pdfemb-viewer\" style=\"\" data-width=\"max\" data-height=\"max\" data-toolbar=\"bottom\" data-toolbar-fixed=\"on\">sonntagsgruss202601253nEpiphanias-20260121210118<\/a>\n<hr \/>\n<a href=\"https:\/\/hallein-evangelisch.at\/newsletter\/beilagen\/kumenischerGottesdienst26-20260116131723.pdf\" class=\"pdfemb-viewer\" style=\"\" data-width=\"max\" data-height=\"max\" data-toolbar=\"bottom\" data-toolbar-fixed=\"on\">kumenischerGottesdienst26-20260116131723<\/a>\n<hr \/>\n<p>&nbsp;<\/p>\n","protected":false},"excerpt":{"rendered":"<div class=\"mh-excerpt\"><p>[23.01.2026] Liebe Mitglieder und Freunde unserer Gemeinde! &#8222;Es werden kommen von Osten und von Westen, von Norden und von S\u00fcden, die zu Tisch sitzen werden im Reich Gottes.&#8220; (Lukas 13,29) Auf diese Verhei\u00dfung will ich <a class=\"mh-excerpt-more\" href=\"https:\/\/hallein-evangelisch.at\/wp\/?p=17741\" title=\"Sonntagsgru\u00df zum 25. J\u00e4nner 2026\">[&#8230;]<\/a><\/p>\n<\/div>","protected":false},"author":8,"featured_media":17464,"comment_status":"closed","ping_status":"closed","sticky":false,"template":"","format":"standard","meta":{"footnotes":""},"categories":[84,102],"tags":[],"class_list":{"0":"post-17741","1":"post","2":"type-post","3":"status-publish","4":"format-standard","5":"has-post-thumbnail","7":"category-hauskirche","8":"category-sonntagsgruss"},"_links":{"self":[{"href":"https:\/\/hallein-evangelisch.at\/wp\/index.php?rest_route=\/wp\/v2\/posts\/17741","targetHints":{"allow":["GET"]}}],"collection":[{"href":"https:\/\/hallein-evangelisch.at\/wp\/index.php?rest_route=\/wp\/v2\/posts"}],"about":[{"href":"https:\/\/hallein-evangelisch.at\/wp\/index.php?rest_route=\/wp\/v2\/types\/post"}],"author":[{"embeddable":true,"href":"https:\/\/hallein-evangelisch.at\/wp\/index.php?rest_route=\/wp\/v2\/users\/8"}],"replies":[{"embeddable":true,"href":"https:\/\/hallein-evangelisch.at\/wp\/index.php?rest_route=%2Fwp%2Fv2%2Fcomments&post=17741"}],"version-history":[{"count":4,"href":"https:\/\/hallein-evangelisch.at\/wp\/index.php?rest_route=\/wp\/v2\/posts\/17741\/revisions"}],"predecessor-version":[{"id":17745,"href":"https:\/\/hallein-evangelisch.at\/wp\/index.php?rest_route=\/wp\/v2\/posts\/17741\/revisions\/17745"}],"wp:featuredmedia":[{"embeddable":true,"href":"https:\/\/hallein-evangelisch.at\/wp\/index.php?rest_route=\/wp\/v2\/media\/17464"}],"wp:attachment":[{"href":"https:\/\/hallein-evangelisch.at\/wp\/index.php?rest_route=%2Fwp%2Fv2%2Fmedia&parent=17741"}],"wp:term":[{"taxonomy":"category","embeddable":true,"href":"https:\/\/hallein-evangelisch.at\/wp\/index.php?rest_route=%2Fwp%2Fv2%2Fcategories&post=17741"},{"taxonomy":"post_tag","embeddable":true,"href":"https:\/\/hallein-evangelisch.at\/wp\/index.php?rest_route=%2Fwp%2Fv2%2Ftags&post=17741"}],"curies":[{"name":"wp","href":"https:\/\/api.w.org\/{rel}","templated":true}]}}