{"id":17764,"date":"2026-01-30T08:00:04","date_gmt":"2026-01-30T07:00:04","guid":{"rendered":"https:\/\/hallein-evangelisch.at\/wp\/?p=17764"},"modified":"2026-03-07T17:05:48","modified_gmt":"2026-03-07T16:05:48","slug":"sonntagsgruss-zum-1-februar-2026","status":"publish","type":"post","link":"https:\/\/hallein-evangelisch.at\/wp\/?p=17764","title":{"rendered":"Sonntagsgru\u00df zum 1. Februar 2026"},"content":{"rendered":"<p>[30.01.2026]<\/p>\n<p>Liebe Mitglieder und Freunde unserer Gemeinde!<\/p>\n<figure id=\"attachment_13368\" aria-describedby=\"caption-attachment-13368\" style=\"width: 300px\" class=\"wp-caption alignright\"><img loading=\"lazy\" decoding=\"async\" class=\"size-thumbnail wp-image-13368\" src=\"https:\/\/hallein-evangelisch.at\/wp\/wp-content\/uploads\/2023\/06\/Peter-Gabriel-300x350.jpg\" alt=\"\" width=\"300\" height=\"350\" srcset=\"https:\/\/hallein-evangelisch.at\/wp\/wp-content\/uploads\/2023\/06\/Peter-Gabriel-300x350.jpg 300w, https:\/\/hallein-evangelisch.at\/wp\/wp-content\/uploads\/2023\/06\/Peter-Gabriel.jpg 600w\" sizes=\"auto, (max-width: 300px) 100vw, 300px\" \/><figcaption id=\"caption-attachment-13368\" class=\"wp-caption-text\">Peter Gabriel<\/figcaption><\/figure>\n<p><i>&#8222;Du sollst fr\u00f6hlich sein und dich freuen \u00fcber alles Gute, das der Herr, dein Gott, dir und deiner Familie gegeben hat.&#8220;<\/i> (5.Mose 26,11) &#8211; so lautet der Monatsspruch f\u00fcr Februar.<br \/>\nDiese Zusage Gottes an das Volk Israel will ich mir zu Herzen nehmen. Gott macht mir Mut, nicht auf das zu schauen, was nicht gut l\u00e4uft, sondern mich an dem zu freuen, was mir (oder anderen) gelingt, vor allem an dem, was Gott mir und Menschen, mit denen ich vertraut bin, schenkt.<br \/>\nWenn das Glas also halbvoll ist, l\u00e4sst es sich besser leben &#8211; getragen im Vertrauen auf Gott, seine Liebe und Gnade.<\/p>\n<p>Der <b>angeh\u00e4ngte Sonntagsgru\u00df<\/b> bedenkt das Thema des Gottesdienstes &#8222;Gekommen, um zu bleiben&#8220;.<\/p>\n<p>Dankbar bin ich, dass wir jeden Sonntag Gottesdienst feiern d\u00fcrfen, um uns durch Gottes Wort und die Gemeinschaft der Gl\u00e4ubigen st\u00e4rken zu lassen.<br \/>\n<b>Herzliche Einladung zu unseren Gottesdiensten:<\/b><\/p>\n<ul>\n<li>Freitag, 30. J\u00e4nner, 12.00 Uhr Mittagsgebet<\/li>\n<li><b>Sonntag, 1. Februar, 09.30 Uhr Gottesdienst f\u00fcr dich &amp; mich &#8222;Gekommen um zu bleiben&#8220;<\/b> (Matth\u00e4us 17,1-9 &#8211; Team\/Sapperlot), anschl. Saftladen (Plakat im Anhang)<\/li>\n<li><i>Sonntag, 1. Februar, 18.00 Uhr Abendandacht<\/i><\/li>\n<\/ul>\n<p>Johann Gottfried Herder dichtet (EG 74,1-2)<br \/>\n<i>Du Morgenstern, du Licht vom Licht, das durch die Finsternisse bricht,<br \/>\ndu gingst vor aller Zeiten Lauf in unerschaffner Klarheit auf.<br \/>\nDu Lebensquell, wir danken dir, auf dich, Lebend&#8217;ger hoffen wir;<br \/>\ndenn du durchdrangst des Todes Nacht, hast Sieg und Leben uns gebrach.<\/i><\/p>\n<p>Gottes Licht, dass in Jesus Christus unter uns aufgeleuchtet ist, schenke euch viel Fr\u00f6hlichkeit und Kraft!<br \/>\n<i>Euer Pfarrer Peter<\/i><\/p>\n<p>P.S. Wenn ihr als Freiwillige bei DaLeTe mitarbeiten m\u00f6gt, meldet euch doch bitte bei unserer <b>Koordinatorin Lisa Ertl: 0699\/18877597!<\/b><\/p>\n<hr \/>\n<a href=\"https:\/\/hallein-evangelisch.at\/newsletter\/beilagen\/Sonntagsgruss20260201letzternEpiphanias-20260125165317.pdf\" class=\"pdfemb-viewer\" style=\"\" data-width=\"max\" data-height=\"max\" data-toolbar=\"bottom\" data-toolbar-fixed=\"on\">Sonntagsgruss20260201letzternEpiphanias-20260125165317<\/a>\n<hr \/>\n<a href=\"https:\/\/hallein-evangelisch.at\/newsletter\/beilagen\/Plakat20260201Variante-20260124133421.pdf\" class=\"pdfemb-viewer\" style=\"\" data-width=\"max\" data-height=\"max\" data-toolbar=\"bottom\" data-toolbar-fixed=\"on\">Plakat20260201Variante-20260124133421<\/a>\n<hr \/>\n<p>&nbsp;<\/p>\n","protected":false},"excerpt":{"rendered":"<div class=\"mh-excerpt\"><p>[30.01.2026] Liebe Mitglieder und Freunde unserer Gemeinde! &#8222;Du sollst fr\u00f6hlich sein und dich freuen \u00fcber alles Gute, das der Herr, dein Gott, dir und deiner Familie gegeben hat.&#8220; (5.Mose 26,11) &#8211; so lautet der Monatsspruch <a class=\"mh-excerpt-more\" href=\"https:\/\/hallein-evangelisch.at\/wp\/?p=17764\" title=\"Sonntagsgru\u00df zum 1. Februar 2026\">[&#8230;]<\/a><\/p>\n<\/div>","protected":false},"author":8,"featured_media":17465,"comment_status":"closed","ping_status":"closed","sticky":false,"template":"","format":"standard","meta":{"footnotes":""},"categories":[84,102],"tags":[],"class_list":{"0":"post-17764","1":"post","2":"type-post","3":"status-publish","4":"format-standard","5":"has-post-thumbnail","7":"category-hauskirche","8":"category-sonntagsgruss"},"_links":{"self":[{"href":"https:\/\/hallein-evangelisch.at\/wp\/index.php?rest_route=\/wp\/v2\/posts\/17764","targetHints":{"allow":["GET"]}}],"collection":[{"href":"https:\/\/hallein-evangelisch.at\/wp\/index.php?rest_route=\/wp\/v2\/posts"}],"about":[{"href":"https:\/\/hallein-evangelisch.at\/wp\/index.php?rest_route=\/wp\/v2\/types\/post"}],"author":[{"embeddable":true,"href":"https:\/\/hallein-evangelisch.at\/wp\/index.php?rest_route=\/wp\/v2\/users\/8"}],"replies":[{"embeddable":true,"href":"https:\/\/hallein-evangelisch.at\/wp\/index.php?rest_route=%2Fwp%2Fv2%2Fcomments&post=17764"}],"version-history":[{"count":4,"href":"https:\/\/hallein-evangelisch.at\/wp\/index.php?rest_route=\/wp\/v2\/posts\/17764\/revisions"}],"predecessor-version":[{"id":17768,"href":"https:\/\/hallein-evangelisch.at\/wp\/index.php?rest_route=\/wp\/v2\/posts\/17764\/revisions\/17768"}],"wp:featuredmedia":[{"embeddable":true,"href":"https:\/\/hallein-evangelisch.at\/wp\/index.php?rest_route=\/wp\/v2\/media\/17465"}],"wp:attachment":[{"href":"https:\/\/hallein-evangelisch.at\/wp\/index.php?rest_route=%2Fwp%2Fv2%2Fmedia&parent=17764"}],"wp:term":[{"taxonomy":"category","embeddable":true,"href":"https:\/\/hallein-evangelisch.at\/wp\/index.php?rest_route=%2Fwp%2Fv2%2Fcategories&post=17764"},{"taxonomy":"post_tag","embeddable":true,"href":"https:\/\/hallein-evangelisch.at\/wp\/index.php?rest_route=%2Fwp%2Fv2%2Ftags&post=17764"}],"curies":[{"name":"wp","href":"https:\/\/api.w.org\/{rel}","templated":true}]}}