{"id":17769,"date":"2026-01-29T00:00:25","date_gmt":"2026-01-28T23:00:25","guid":{"rendered":"https:\/\/hallein-evangelisch.at\/wp\/?p=17769"},"modified":"2026-01-29T00:00:25","modified_gmt":"2026-01-28T23:00:25","slug":"fuer-dich-mich","status":"publish","type":"post","link":"https:\/\/hallein-evangelisch.at\/wp\/?p=17769","title":{"rendered":"F\u00fcr Dich &#038; Mich"},"content":{"rendered":"<p>[29.01.2026]<\/p>\n<p>Der Gottesdienst f\u00fcr dich und mich ist f\u00fcr Menschen, die eine zeitgem\u00e4\u00dfe Sprache besser verstehen, die allein, alt, jung oder einfach nur mittendrin sind; f\u00fcr Familien, Kinder, Jugendliche, Kinderlose, Elternlose, Suchende und Gefundene \u2026 F\u00dcR ALLE EBEN!<\/p>\n<p><img loading=\"lazy\" decoding=\"async\" class=\"aligncenter wp-image-17770 size-full\" src=\"https:\/\/hallein-evangelisch.at\/wp\/wp-content\/uploads\/2026\/01\/Plakat20260201Variante-20260124133421.png\" alt=\"\" width=\"595\" height=\"841\" srcset=\"https:\/\/hallein-evangelisch.at\/wp\/wp-content\/uploads\/2026\/01\/Plakat20260201Variante-20260124133421.png 595w, https:\/\/hallein-evangelisch.at\/wp\/wp-content\/uploads\/2026\/01\/Plakat20260201Variante-20260124133421-300x424.png 300w\" sizes=\"auto, (max-width: 595px) 100vw, 595px\" \/><\/p>\n","protected":false},"excerpt":{"rendered":"<div class=\"mh-excerpt\"><p>[29.01.2026] Der Gottesdienst f\u00fcr dich und mich ist f\u00fcr Menschen, die eine zeitgem\u00e4\u00dfe Sprache besser verstehen, die allein, alt, jung oder einfach nur mittendrin sind; f\u00fcr Familien, Kinder, Jugendliche, Kinderlose, Elternlose, Suchende und Gefundene \u2026 <a class=\"mh-excerpt-more\" href=\"https:\/\/hallein-evangelisch.at\/wp\/?p=17769\" title=\"F\u00fcr Dich &#038; Mich\">[&#8230;]<\/a><\/p>\n<\/div>","protected":false},"author":8,"featured_media":17771,"comment_status":"closed","ping_status":"closed","sticky":false,"template":"","format":"standard","meta":{"footnotes":""},"categories":[1],"tags":[],"class_list":{"0":"post-17769","1":"post","2":"type-post","3":"status-publish","4":"format-standard","5":"has-post-thumbnail","7":"category-allgemein"},"_links":{"self":[{"href":"https:\/\/hallein-evangelisch.at\/wp\/index.php?rest_route=\/wp\/v2\/posts\/17769","targetHints":{"allow":["GET"]}}],"collection":[{"href":"https:\/\/hallein-evangelisch.at\/wp\/index.php?rest_route=\/wp\/v2\/posts"}],"about":[{"href":"https:\/\/hallein-evangelisch.at\/wp\/index.php?rest_route=\/wp\/v2\/types\/post"}],"author":[{"embeddable":true,"href":"https:\/\/hallein-evangelisch.at\/wp\/index.php?rest_route=\/wp\/v2\/users\/8"}],"replies":[{"embeddable":true,"href":"https:\/\/hallein-evangelisch.at\/wp\/index.php?rest_route=%2Fwp%2Fv2%2Fcomments&post=17769"}],"version-history":[{"count":1,"href":"https:\/\/hallein-evangelisch.at\/wp\/index.php?rest_route=\/wp\/v2\/posts\/17769\/revisions"}],"predecessor-version":[{"id":17772,"href":"https:\/\/hallein-evangelisch.at\/wp\/index.php?rest_route=\/wp\/v2\/posts\/17769\/revisions\/17772"}],"wp:featuredmedia":[{"embeddable":true,"href":"https:\/\/hallein-evangelisch.at\/wp\/index.php?rest_route=\/wp\/v2\/media\/17771"}],"wp:attachment":[{"href":"https:\/\/hallein-evangelisch.at\/wp\/index.php?rest_route=%2Fwp%2Fv2%2Fmedia&parent=17769"}],"wp:term":[{"taxonomy":"category","embeddable":true,"href":"https:\/\/hallein-evangelisch.at\/wp\/index.php?rest_route=%2Fwp%2Fv2%2Fcategories&post=17769"},{"taxonomy":"post_tag","embeddable":true,"href":"https:\/\/hallein-evangelisch.at\/wp\/index.php?rest_route=%2Fwp%2Fv2%2Ftags&post=17769"}],"curies":[{"name":"wp","href":"https:\/\/api.w.org\/{rel}","templated":true}]}}