{"id":17781,"date":"2026-02-01T13:05:18","date_gmt":"2026-02-01T12:05:18","guid":{"rendered":"https:\/\/hallein-evangelisch.at\/wp\/?p=17781"},"modified":"2026-02-01T13:05:18","modified_gmt":"2026-02-01T12:05:18","slug":"die-kerze-der-hoffnung-brennt-4","status":"publish","type":"post","link":"https:\/\/hallein-evangelisch.at\/wp\/?p=17781","title":{"rendered":"Die Kerze der Hoffnung brennt"},"content":{"rendered":"<p>[01.02.2026]<\/p>\n<p>\u2026f\u00fcr Y Krec Bya (Vietnam). Der evangelische Christ aus der Montagnard-Minderheit sitzt seit April 2023 im Gef\u00e4ngnis \u2013 weil er seinen Glauben praktizierte und sich weigerte, die Gebetstreffen seiner nicht registrierten Kirche aufzugeben. Lokale Beh\u00f6rden hatten ihn zuvor mehrfach unter Druck gesetzt, sich von seiner Gemeinschaft zu distanzieren.<\/p>\n<p>Am 28. M\u00e4rz 2024 verurteilte ein Gericht in Dak Lak Y Krec Bya zu 13 Jahren Haft und weiterer f\u00fcnf Jahre Bew\u00e4hrung. Die Anklage lautete \u201eUntergrabung der Solidarit\u00e4tspolitik\u201c \u2013 ein Vorwurf, der laut Menschenrechtsbeobachtern h\u00e4ufig genutzt wird, um Angeh\u00f6rige unabh\u00e4ngiger Kirchen mundtot zu machen.<br \/>\nBya wurde zudem vorgeworfen, Falschinformationen verbreitet und Kontakt zu einem Kirchenleiter im Ausland gehabt zu haben.<br \/>\nBya hatte bereits 2004 eine achtj\u00e4hrige Haftstrafe verb\u00fc\u00dft. Seine Gemeinde geh\u00f6rt zu den nicht registrierten christlichen Gruppen, die in Vietnam zunehmend stark unter Druck kommen. (IGFM \/IDEA)<\/p>\n<h3>Wie helfen?<\/h3>\n<p><a href=\"https:\/\/christeninnot.com\/y-krec-bya-vietnam\/\" target=\"_blank\" rel=\"noopener\">Unterst\u00fctzen sie diese Petition<\/a> an Mr. Luong Cuong, President of the Socialist Rep. of Vietnam.<\/p>\n<p><em>Exzellenz,<\/em><br \/>\n<em>ich wende mich in gro\u00dfer Sorge an Sie wegen Y Krec Bya, eines vietnamesischen Christen, der sich seit April 2023 in Haft befindet. Er geh\u00f6rt einer nicht registrierten Kirche in der Provinz Dak Lak an, deren Mitglieder wiederholt unter Druck gesetzt wurden, ihre Gebetstreffen einzustellen. Da er sein Recht auf freie Religionsaus\u00fcbung weiterhin wahrnahm, wurde er der \u201eUntergrabung der Solidarit\u00e4tspolitik\u201c beschuldigt. Am 28. M\u00e4rz 2024 verurteilte ihn ein Gericht in Dak Lak zu 13 Jahren Gef\u00e4ngnis sowie f\u00fcnf Jahren Bew\u00e4hrung. Bereits zuvor war er mehrfach festgenommen worden; 2004 erhielt er eine achtj\u00e4hrige Haftstrafe. Seine aktuelle Verurteilung steht offenbar im Zusammenhang mit friedlichen religi\u00f6sen Aktivit\u00e4ten und angeblichen Kontakten zu einem Kirchenleiter im Ausland.<\/em><br \/>\n<em>Vietnam ist Vertragsstaat des Internationalen Pakts \u00fcber b\u00fcrgerliche und politische Rechte, der in Artikel 18 die Religionsfreiheit garantiert. Ich bitte Sie eindringlich, sich f\u00fcr die Freilassung von Y Krec Bya einzusetzen und sicherzustellen, dass alle B\u00fcrgerinnen und B\u00fcrger Vietnams ihren Glauben ohne Angst vor Repression aus\u00fcben k\u00f6nnen.<\/em><\/p>\n<p>&nbsp;<\/p>\n","protected":false},"excerpt":{"rendered":"<div class=\"mh-excerpt\"><p>[01.02.2026] \u2026f\u00fcr Y Krec Bya (Vietnam). Der evangelische Christ aus der Montagnard-Minderheit sitzt seit April 2023 im Gef\u00e4ngnis \u2013 weil er seinen Glauben praktizierte und sich weigerte, die Gebetstreffen seiner nicht registrierten Kirche aufzugeben. Lokale <a class=\"mh-excerpt-more\" href=\"https:\/\/hallein-evangelisch.at\/wp\/?p=17781\" title=\"Die Kerze der Hoffnung brennt\">[&#8230;]<\/a><\/p>\n<\/div>","protected":false},"author":8,"featured_media":8381,"comment_status":"closed","ping_status":"closed","sticky":false,"template":"","format":"standard","meta":{"footnotes":""},"categories":[1],"tags":[],"class_list":{"0":"post-17781","1":"post","2":"type-post","3":"status-publish","4":"format-standard","5":"has-post-thumbnail","7":"category-allgemein"},"_links":{"self":[{"href":"https:\/\/hallein-evangelisch.at\/wp\/index.php?rest_route=\/wp\/v2\/posts\/17781","targetHints":{"allow":["GET"]}}],"collection":[{"href":"https:\/\/hallein-evangelisch.at\/wp\/index.php?rest_route=\/wp\/v2\/posts"}],"about":[{"href":"https:\/\/hallein-evangelisch.at\/wp\/index.php?rest_route=\/wp\/v2\/types\/post"}],"author":[{"embeddable":true,"href":"https:\/\/hallein-evangelisch.at\/wp\/index.php?rest_route=\/wp\/v2\/users\/8"}],"replies":[{"embeddable":true,"href":"https:\/\/hallein-evangelisch.at\/wp\/index.php?rest_route=%2Fwp%2Fv2%2Fcomments&post=17781"}],"version-history":[{"count":3,"href":"https:\/\/hallein-evangelisch.at\/wp\/index.php?rest_route=\/wp\/v2\/posts\/17781\/revisions"}],"predecessor-version":[{"id":17785,"href":"https:\/\/hallein-evangelisch.at\/wp\/index.php?rest_route=\/wp\/v2\/posts\/17781\/revisions\/17785"}],"wp:featuredmedia":[{"embeddable":true,"href":"https:\/\/hallein-evangelisch.at\/wp\/index.php?rest_route=\/wp\/v2\/media\/8381"}],"wp:attachment":[{"href":"https:\/\/hallein-evangelisch.at\/wp\/index.php?rest_route=%2Fwp%2Fv2%2Fmedia&parent=17781"}],"wp:term":[{"taxonomy":"category","embeddable":true,"href":"https:\/\/hallein-evangelisch.at\/wp\/index.php?rest_route=%2Fwp%2Fv2%2Fcategories&post=17781"},{"taxonomy":"post_tag","embeddable":true,"href":"https:\/\/hallein-evangelisch.at\/wp\/index.php?rest_route=%2Fwp%2Fv2%2Ftags&post=17781"}],"curies":[{"name":"wp","href":"https:\/\/api.w.org\/{rel}","templated":true}]}}