{"id":17976,"date":"2026-03-06T08:00:06","date_gmt":"2026-03-06T07:00:06","guid":{"rendered":"https:\/\/hallein-evangelisch.at\/wp\/?p=17976"},"modified":"2026-02-28T16:27:24","modified_gmt":"2026-02-28T15:27:24","slug":"sonntagsgruss-zum-8-maerz-2026","status":"publish","type":"post","link":"https:\/\/hallein-evangelisch.at\/wp\/?p=17976","title":{"rendered":"Sonntagsgru\u00df zum 8. M\u00e4rz 2026"},"content":{"rendered":"<p>[06.03.2026]<\/p>\n<p>Liebe Mitglieder und Freunde unserer Gemeinde!<\/p>\n<p><b><img loading=\"lazy\" decoding=\"async\" class=\"alignright size-full wp-image-2443\" src=\"https:\/\/hallein-evangelisch.at\/wp\/wp-content\/uploads\/2017\/09\/Gabriel-1.jpg\" alt=\"\" width=\"300\" height=\"225\" srcset=\"https:\/\/hallein-evangelisch.at\/wp\/wp-content\/uploads\/2017\/09\/Gabriel-1.jpg 300w, https:\/\/hallein-evangelisch.at\/wp\/wp-content\/uploads\/2017\/09\/Gabriel-1-80x60.jpg 80w\" sizes=\"auto, (max-width: 300px) 100vw, 300px\" \/>Okuli<\/b>, auf deutsch meine Augen &#8211; der Name dieses Sonntags stammt aus Psalm 25,15:<br \/>\n&#8222;Meine Augen sehen stets auf den Herrn; denn er wird meinen Fu\u00df aus dem Netze ziehen.&#8220;<br \/>\nDie Beterin ist getragen von der Zuversicht, dass Gott rettet, mich befreit von den Fallstricken, die andere mir stellen.<br \/>\nDer Psalmvers passt aber auch zu den biblischen Texten dieses Sonntags: worauf richte ich meinen Blick, was ist mir wichtig? Ich bekomme Mut: Schau nicht zur\u00fcck, schau nicht nur auf dich selbst, sondern richte deinen Blick immer wieder auf Gott aus, schau auf Jesus und die Herrschaft Gottes, die in ihm anbricht!<\/p>\n<p>Der <b>angeh\u00e4ngte Sonntagsgru\u00df<\/b> bedenkt auf Grundlage des Wochenspruches das Thema Nachfolge.<\/p>\n<p>Gott im Blick haben und St\u00e4rkung erfahren &#8211; das darf ich im <b>Gottesdienst: herzliche Einladung!<\/b><\/p>\n<ul>\n<li>Freitag, 6. M\u00e4rz, 12.00 Uhr Mittagsgebet<\/li>\n<li><b>Sonntag, 8. M\u00e4rz, 09.30 Uhr Gottesdienst mit Bisch\u00f6fin Cornelia Richter<\/b> <i>(Plakat im Anhang)<\/i> &#8211; im Anschluss <b>Kirchenkaffee im Gemeindesaal<\/b> <i>(wer kann einen Kuchen bringen?)<\/i><\/li>\n<\/ul>\n<p><b>Herzliche Einladung zu unseren weiteren Veranstaltungen:<\/b><\/p>\n<ul>\n<li><i>Freitag, 6. M\u00e4rz, 19.00 Uhr r\u00f6misch-katholische Pfarrkirche Kuchl, \u00d6kumenischer Weltgebetstag &#8211; Frauen aus Nigeria laden ein (Plakat im Anhang)<\/i><\/li>\n<li><b>Dienstag, 8. M\u00e4rz, 19.00 Uhr, Vortrag Bisch\u00f6fin Richter &#8222;F\u00fcrchte dich nicht! Die biblische Tradition im Lichte der j\u00fcngsten Resilienzforschung&#8220;, 3.Abend der \u00f6kumenischen Fastenaktion &#8222;Herausforderung Leben &#8211; Ermutigungen&#8220;<\/b><\/li>\n<li>Dienstag, 10. M\u00e4rz, 15.00 Uhr Seniorenkreis mit Abendmahlsandacht zur Passionszeit<\/li>\n<li><i>Donnerstag, 12. M\u00e4rz, 18.00 Uhr Lust am Singen?<\/i> &#8211; gemeinsames Singen mit dem neuen Gesangbuch und Auswertung der Erprobung <i>(Plakat im Anhang)<\/i><\/li>\n<li><b>Freitag, 13. M\u00e4rz, 16.00 Uhr F\u00fchrung mit Wolfgang Wintersteller durch die Ausstellung der Halleiner Papierfabrik<\/b> &#8211; Teilnahme nur mit Anmeldung m\u00f6glich! <i>(Plakat im Anhang)<\/i><\/li>\n<\/ul>\n<p>Ein Gebet zum Thema des Sonntags<br \/>\n<i>Sehen und nicht werten \u2013<br \/>\nhinschauen und aushalten \u2013<br \/>\nansehen und nicht beobachten \u2013<br \/>\ndas f\u00e4llt uns oft schwer, Gott.<br \/>\nAber wir merken:<br \/>\nEin liebevoller Blick, der auf uns ruht, tut gut.<br \/>\nDer \u00e4ndert uns.<br \/>\nGott, sieh uns an.<br \/>\nDann k\u00f6nnen wir uns \u00e4ndern.<br \/>\nDas bitten wir dich durch Jesus Christus, deinen Sohn.<\/i><\/p>\n<p>Sp\u00fcrt, wie Gott euch liebevoll anschaut, und erlangt dadurch Kraft f\u00fcr euer Leben und das Dasein f\u00fcr andere!<br \/>\nEuer Pfarrer Peter<\/p>\n<hr \/>\n<p class=\"p1\"><a href=\"https:\/\/hallein-evangelisch.at\/newsletter\/beilagen\/Sonntagsgruss20260308Okuli-20260227184915.pdf\" class=\"pdfemb-viewer\" style=\"\" data-width=\"max\" data-height=\"max\" data-toolbar=\"bottom\" data-toolbar-fixed=\"on\">Sonntagsgruss20260308Okuli-20260227184915<\/a><\/p>\n<hr \/>\n<p class=\"p1\"><a href=\"https:\/\/hallein-evangelisch.at\/newsletter\/beilagen\/GDBischfin-20260221141244.pdf\" class=\"pdfemb-viewer\" style=\"\" data-width=\"max\" data-height=\"max\" data-toolbar=\"bottom\" data-toolbar-fixed=\"on\">GDBischfin-20260221141244<\/a><\/p>\n<hr \/>\n<p class=\"p1\"><a href=\"https:\/\/hallein-evangelisch.at\/newsletter\/beilagen\/Papierfabrik-20260221143348.pdf\" class=\"pdfemb-viewer\" style=\"\" data-width=\"max\" data-height=\"max\" data-toolbar=\"bottom\" data-toolbar-fixed=\"on\">Papierfabrik-20260221143348<\/a><\/p>\n<hr \/>\n<p class=\"p1\"><a href=\"https:\/\/hallein-evangelisch.at\/newsletter\/beilagen\/PlakatErprobungGesangbuch-20260218165440.pdf\" class=\"pdfemb-viewer\" style=\"\" data-width=\"max\" data-height=\"max\" data-toolbar=\"bottom\" data-toolbar-fixed=\"on\">PlakatErprobungGesangbuch-20260218165440<\/a><\/p>\n<hr \/>\n<p class=\"p1\"><a href=\"https:\/\/hallein-evangelisch.at\/newsletter\/beilagen\/FA2026komplett1-20260228102505.pdf\" class=\"pdfemb-viewer\" style=\"\" data-width=\"max\" data-height=\"max\" data-toolbar=\"bottom\" data-toolbar-fixed=\"on\">FA2026komplett1-20260228102505<\/a><\/p>\n<hr \/>\n<a href=\"https:\/\/hallein-evangelisch.at\/newsletter\/beilagen\/Weltgebetstag-20260221141307.pdf\" class=\"pdfemb-viewer\" style=\"\" data-width=\"max\" data-height=\"max\" data-toolbar=\"bottom\" data-toolbar-fixed=\"on\">Weltgebetstag-20260221141307<\/a>\n<hr \/>\n<p>&nbsp;<\/p>\n","protected":false},"excerpt":{"rendered":"<div class=\"mh-excerpt\"><p>[06.03.2026] Liebe Mitglieder und Freunde unserer Gemeinde! Okuli, auf deutsch meine Augen &#8211; der Name dieses Sonntags stammt aus Psalm 25,15: &#8222;Meine Augen sehen stets auf den Herrn; denn er wird meinen Fu\u00df aus dem <a class=\"mh-excerpt-more\" href=\"https:\/\/hallein-evangelisch.at\/wp\/?p=17976\" title=\"Sonntagsgru\u00df zum 8. M\u00e4rz 2026\">[&#8230;]<\/a><\/p>\n<\/div>","protected":false},"author":8,"featured_media":17470,"comment_status":"closed","ping_status":"closed","sticky":false,"template":"","format":"standard","meta":{"footnotes":""},"categories":[84,102],"tags":[],"class_list":{"0":"post-17976","1":"post","2":"type-post","3":"status-publish","4":"format-standard","5":"has-post-thumbnail","7":"category-hauskirche","8":"category-sonntagsgruss"},"_links":{"self":[{"href":"https:\/\/hallein-evangelisch.at\/wp\/index.php?rest_route=\/wp\/v2\/posts\/17976","targetHints":{"allow":["GET"]}}],"collection":[{"href":"https:\/\/hallein-evangelisch.at\/wp\/index.php?rest_route=\/wp\/v2\/posts"}],"about":[{"href":"https:\/\/hallein-evangelisch.at\/wp\/index.php?rest_route=\/wp\/v2\/types\/post"}],"author":[{"embeddable":true,"href":"https:\/\/hallein-evangelisch.at\/wp\/index.php?rest_route=\/wp\/v2\/users\/8"}],"replies":[{"embeddable":true,"href":"https:\/\/hallein-evangelisch.at\/wp\/index.php?rest_route=%2Fwp%2Fv2%2Fcomments&post=17976"}],"version-history":[{"count":3,"href":"https:\/\/hallein-evangelisch.at\/wp\/index.php?rest_route=\/wp\/v2\/posts\/17976\/revisions"}],"predecessor-version":[{"id":17979,"href":"https:\/\/hallein-evangelisch.at\/wp\/index.php?rest_route=\/wp\/v2\/posts\/17976\/revisions\/17979"}],"wp:featuredmedia":[{"embeddable":true,"href":"https:\/\/hallein-evangelisch.at\/wp\/index.php?rest_route=\/wp\/v2\/media\/17470"}],"wp:attachment":[{"href":"https:\/\/hallein-evangelisch.at\/wp\/index.php?rest_route=%2Fwp%2Fv2%2Fmedia&parent=17976"}],"wp:term":[{"taxonomy":"category","embeddable":true,"href":"https:\/\/hallein-evangelisch.at\/wp\/index.php?rest_route=%2Fwp%2Fv2%2Fcategories&post=17976"},{"taxonomy":"post_tag","embeddable":true,"href":"https:\/\/hallein-evangelisch.at\/wp\/index.php?rest_route=%2Fwp%2Fv2%2Ftags&post=17976"}],"curies":[{"name":"wp","href":"https:\/\/api.w.org\/{rel}","templated":true}]}}