{"id":17982,"date":"2026-03-10T19:00:29","date_gmt":"2026-03-10T18:00:29","guid":{"rendered":"https:\/\/hallein-evangelisch.at\/wp\/?p=17982"},"modified":"2026-03-01T11:22:43","modified_gmt":"2026-03-01T10:22:43","slug":"4-meine-lebenskraft-bringt-er-zurueck","status":"publish","type":"post","link":"https:\/\/hallein-evangelisch.at\/wp\/?p=17982","title":{"rendered":"(4) Meine Lebenskraft bringt er zur\u00fcck"},"content":{"rendered":"<p>[10.03.2026]<\/p>\n<ul>\n<li><strong>17. M\u00e4rz 2026 19 Uhr<\/strong><\/li>\n<li><strong>Pfarrsaal Oberalm, Kirchen-Stra\u00dfe 1<\/strong><\/li>\n<li><strong>Mag.<sup>a<\/sup> Angelika Gassner<\/strong><\/li>\n<\/ul>\n<h3>Psalm 23 als spirituelle Kraftquelle und Resilienzfaktor<\/h3>\n<p><img loading=\"lazy\" decoding=\"async\" class=\"alignright wp-image-17818 size-full\" src=\"https:\/\/hallein-evangelisch.at\/wp\/wp-content\/uploads\/2026\/02\/balken04-scaled.png\" alt=\"\" width=\"2560\" height=\"393\" srcset=\"https:\/\/hallein-evangelisch.at\/wp\/wp-content\/uploads\/2026\/02\/balken04-scaled.png 2560w, https:\/\/hallein-evangelisch.at\/wp\/wp-content\/uploads\/2026\/02\/balken04-600x92.png 600w, https:\/\/hallein-evangelisch.at\/wp\/wp-content\/uploads\/2026\/02\/balken04-1024x157.png 1024w, https:\/\/hallein-evangelisch.at\/wp\/wp-content\/uploads\/2026\/02\/balken04-300x46.png 300w, https:\/\/hallein-evangelisch.at\/wp\/wp-content\/uploads\/2026\/02\/balken04-1536x236.png 1536w, https:\/\/hallein-evangelisch.at\/wp\/wp-content\/uploads\/2026\/02\/balken04-2048x314.png 2048w\" sizes=\"auto, (max-width: 2560px) 100vw, 2560px\" \/><\/p>\n<p>Psalm 23 aus dem Alten Testament n\u00e4hrt die Seele mit vielen positiven Bildern, die einer krisenhaften Herausforderung gegen\u00fcberstehen. Diese st\u00e4rkenden Bilder sprechen von F\u00fcrsorge, von Furchtlosigkeit und Zuversicht auch in st\u00fcrmischen Zeiten. Sie vermitteln Ruhe, Zuwendung und F\u00fclle auch unter schweren Bedingungen.<\/p>\n<p>All dies bringt positive Lebenskraft ins Schwingen, macht Mut und bringt Trost.<\/p>\n<p>Was kann es denn Besseres geben als einen guten Hirten, eine liebevolle Hirtin an unserer Seite, die uns auch zur Selbstf\u00fcrsorge aufrufen. Denn, wenn wir unsere (spirituellen) Kraftquellen erkennen und auch gezielt nutzen, st\u00e4rken wir unsere Abwehrkr\u00e4fte und unsere Resilienz. Mit Zuversicht und Optimismus, mit einem Erfahrungsschatz an \u00fcberwundenen Hindernissen, l\u00e4sst sich so manche Stresssituation meistern. Dadurch verbessern wir unsere Selbstwirksamkeit in Zeiten von Krisen.<\/p>\n<p>Mithilfe des biblischen Textes schauen wir auf das, was uns st\u00e4rken kann und unsere Zuversicht n\u00e4hrt. Dabei entdecken wir, dass unser pers\u00f6nlicher Glaube an eine st\u00e4rkende g\u00f6ttliche Kraft, Quelle ist, bei der wir jederzeit auftanken k\u00f6nnen.<\/p>\n<p>(Mag<sup>a<\/sup> Angelika Gassner, Theologin, psychosoziale Beraterin, spirituelle Autorin)<\/p>\n<hr \/>\n<h3>Infos zur Referentin<\/h3>\n<ul>\n<li>LINK:\u00a0<a href=\"https:\/\/onecdn.io\/media\/heilsamerwerdegang-0ab91cd3-0eb1-40df-9e59-4f88f101c5ba.pdf\" target=\"_blank\" rel=\"noopener\">Werdegang der Referentin<\/a><\/li>\n<li>LINK:\u00a0<a href=\"https:\/\/www.youtube.com\/watch?v=SFKa8pKGBIY\" target=\"_blank\" rel=\"noopener\">Video auf Youtube<\/a><\/li>\n<li>LINK:\u00a0<a href=\"https:\/\/www.google.com\/search?q=cornelia+richter+bisch%C3%B6fin+buch&amp;oq=cornelia+richter+bisch%C3%B6fin+buch&amp;gs_lcrp=EgZjaHJvbWUyBggAEEUYOTIHCAEQIRigATIHCAIQIRigAdIBCDY3MzhqMGo0qAIAsAIA&amp;sourceid=chrome&amp;ie=UTF-8\" target=\"_blank\" rel=\"noopener\">Google-Suche<\/a><\/li>\n<\/ul>\n<a href=\"https:\/\/hallein-evangelisch.at\/wp\/wp-content\/uploads\/2026\/02\/FA2026_innenseite.pdf\" class=\"pdfemb-viewer\" style=\"\" data-width=\"max\" data-height=\"max\" data-toolbar=\"bottom\" data-toolbar-fixed=\"on\">FA2026_innenseite<\/a>\n","protected":false},"excerpt":{"rendered":"<div class=\"mh-excerpt\"><p>[10.03.2026] 17. M\u00e4rz 2026 19 Uhr Pfarrsaal Oberalm, Kirchen-Stra\u00dfe 1 Mag.a Angelika Gassner Psalm 23 als spirituelle Kraftquelle und Resilienzfaktor Psalm 23 aus dem Alten Testament n\u00e4hrt die Seele mit vielen positiven Bildern, die einer <a class=\"mh-excerpt-more\" href=\"https:\/\/hallein-evangelisch.at\/wp\/?p=17982\" title=\"(4) Meine Lebenskraft bringt er zur\u00fcck\">[&#8230;]<\/a><\/p>\n<\/div>","protected":false},"author":8,"featured_media":17833,"comment_status":"closed","ping_status":"closed","sticky":false,"template":"","format":"standard","meta":{"footnotes":""},"categories":[15],"tags":[],"class_list":{"0":"post-17982","1":"post","2":"type-post","3":"status-publish","4":"format-standard","5":"has-post-thumbnail","7":"category-fastenaktion"},"_links":{"self":[{"href":"https:\/\/hallein-evangelisch.at\/wp\/index.php?rest_route=\/wp\/v2\/posts\/17982","targetHints":{"allow":["GET"]}}],"collection":[{"href":"https:\/\/hallein-evangelisch.at\/wp\/index.php?rest_route=\/wp\/v2\/posts"}],"about":[{"href":"https:\/\/hallein-evangelisch.at\/wp\/index.php?rest_route=\/wp\/v2\/types\/post"}],"author":[{"embeddable":true,"href":"https:\/\/hallein-evangelisch.at\/wp\/index.php?rest_route=\/wp\/v2\/users\/8"}],"replies":[{"embeddable":true,"href":"https:\/\/hallein-evangelisch.at\/wp\/index.php?rest_route=%2Fwp%2Fv2%2Fcomments&post=17982"}],"version-history":[{"count":5,"href":"https:\/\/hallein-evangelisch.at\/wp\/index.php?rest_route=\/wp\/v2\/posts\/17982\/revisions"}],"predecessor-version":[{"id":17987,"href":"https:\/\/hallein-evangelisch.at\/wp\/index.php?rest_route=\/wp\/v2\/posts\/17982\/revisions\/17987"}],"wp:featuredmedia":[{"embeddable":true,"href":"https:\/\/hallein-evangelisch.at\/wp\/index.php?rest_route=\/wp\/v2\/media\/17833"}],"wp:attachment":[{"href":"https:\/\/hallein-evangelisch.at\/wp\/index.php?rest_route=%2Fwp%2Fv2%2Fmedia&parent=17982"}],"wp:term":[{"taxonomy":"category","embeddable":true,"href":"https:\/\/hallein-evangelisch.at\/wp\/index.php?rest_route=%2Fwp%2Fv2%2Fcategories&post=17982"},{"taxonomy":"post_tag","embeddable":true,"href":"https:\/\/hallein-evangelisch.at\/wp\/index.php?rest_route=%2Fwp%2Fv2%2Ftags&post=17982"}],"curies":[{"name":"wp","href":"https:\/\/api.w.org\/{rel}","templated":true}]}}