{"id":18105,"date":"2026-03-13T08:00:42","date_gmt":"2026-03-13T07:00:42","guid":{"rendered":"https:\/\/hallein-evangelisch.at\/wp\/?p=18105"},"modified":"2026-03-13T08:40:45","modified_gmt":"2026-03-13T07:40:45","slug":"sonntagsgruss-zum-15-03-2026","status":"publish","type":"post","link":"https:\/\/hallein-evangelisch.at\/wp\/?p=18105","title":{"rendered":"Sonntagsgru\u00df zum 15. M\u00e4rz 2026"},"content":{"rendered":"<p>[13.03.2026]<\/p>\n<p>Liebe Mitglieder und Freunde unserer Gemeinde!<\/p>\n<p><i><img loading=\"lazy\" decoding=\"async\" class=\"alignright size-thumbnail wp-image-18108\" src=\"https:\/\/hallein-evangelisch.at\/wp\/wp-content\/uploads\/2026\/03\/peter_gabriel_2026-300x411.jpg\" alt=\"\" width=\"300\" height=\"411\" srcset=\"https:\/\/hallein-evangelisch.at\/wp\/wp-content\/uploads\/2026\/03\/peter_gabriel_2026-300x411.jpg 300w, https:\/\/hallein-evangelisch.at\/wp\/wp-content\/uploads\/2026\/03\/peter_gabriel_2026-600x821.jpg 600w, https:\/\/hallein-evangelisch.at\/wp\/wp-content\/uploads\/2026\/03\/peter_gabriel_2026-748x1024.jpg 748w, https:\/\/hallein-evangelisch.at\/wp\/wp-content\/uploads\/2026\/03\/peter_gabriel_2026.jpg 947w\" sizes=\"auto, (max-width: 300px) 100vw, 300px\" \/>&#8222;Wenn das Weizenkorn nicht in die Erde f\u00e4llt und erstirbt, bleibt es allein; wenn es aber erstirbt, bringt es viel Frucht.&#8220;<\/i> (Johannes 12,24)<br \/>\nMit einem Bild aus der Natur deutet Jesus sein Sterben: Es ist nicht umsonst, sondern es dient mir und uns, verbindet neu mit Gott.<br \/>\nSo ist Jesu Tod am Kreuz ein gutes, Fruchtbringendes Ereignis.<br \/>\nAm Sonntag L\u00e4tare (Freut euch!) haben wir den halben Weg vom Aschermittwoch bis zum Ostersonntag schon geschafft &#8211; deshalb ist dieser Sonntag von tr\u00f6stlichen, mutmachenden Bildern gepr\u00e4gt, aufgehellt durch die Auferstehungshoffnung.<\/p>\n<p>Der <b>nachstehende Sonntagsgru\u00df<\/b> bedenkt den Kernsatz des Predigttextes zum Thema Trost!<\/p>\n<p><b>Trost, St\u00e4rkung und Ermutigung d\u00fcrfen wir im Gottesdienst erleben &#8211; herzliche Einladung dazu:<\/b><\/p>\n<ul>\n<li>Freitag, 13. M\u00e4rz, 12.00 Uhr Mittagsgebet<\/li>\n<li><b>Sonntag, 15. M\u00e4rz, 09.30 Uhr Gottesdienst mit Abendmahl<\/b> (Jesaja 66,10-14 &#8211; Gabriel + Ennsmann\/Korntner)<\/li>\n<\/ul>\n<p><b>Herzliche Einladung zu unseren weiteren Veranstaltungen:<\/b><\/p>\n<ul>\n<li><b>Dienstag, 17. M\u00e4rz, 19.00 Uhr, Pfarrsaal Oberalm 4.Abend der \u00d6kumenischen Fastenaktion mit Vortrag von Angelika Gassner<\/b> <i>(Plakat im Anhang)<\/i><\/li>\n<li><b>Donnerstag, 19. M\u00e4rz, 19.19 Uhr Neunzehn.neunzehn &#8222;Der Weg zur Vollkommenheit&#8220; mit BachWerkVokal und Gordon Safari<\/b>, u.a. Telemann-Kantate &#8222;Seele, lerne dich zu erkennen <i>(Plakat im Anhang)<\/i><\/li>\n<\/ul>\n<p>Gebet zum Sonntag<br \/>\n<i>Lebendiger Gott, du kannst Trauer in Freude verwandeln und d\u00fcrre T\u00e4ler in sprudelnde Quellen.<br \/>\nZeig uns, wo du nahe bist ins unserem Leben &#8211; und in unserer Welt.<br \/>\nLass uns Kraft gewinnen durch dein Wort und dein Mahl.<br \/>\nHalte uns in deinem Frieden &#8211; durch Jesus Christus, unseren Bruder und Herrn. Amen!<\/i><\/p>\n<p>Gottes Frieden erf\u00fclle euch, Gottes Liebe umgebe euch, Gottes Segen tr\u00f6ste euch!<br \/>\nEuer Pfarrer Peter<\/p>\n<hr \/>\n<h3>Gru\u00df zum Sonntag L\u00e4tare, 15. M\u00e4rz 2026<\/h3>\n<p class=\"p1\">Liebe Mitglieder, Freundinnen und Freunde unserer Halleiner Pfarrgemeinde!<\/p>\n<p class=\"p1\"><em>\u201eIch will euch tr\u00f6sten, wie einen seine Mutter tr\u00f6stet.\u201c<\/em> (Jesaja 66,13) \u2013 so lautet der Kernsatz des Predigttextes dieses Sonntags. Das Wort Trost spricht mich unmittelbar an! Wie gut tut es, wenn mich jemand tr\u00f6stet, wenn ich traurig bin. Traurig, weil ich etwas nicht geschafft habe, mir etwas versagt bleibt, wenn meine Kr\u00e4fte weniger werden. Traurig vor allem, wenn Beziehungen zerbrechen, wenn ein mir lieber Mensch oder auch ein Haustier stirbt. Was hilft mir dann? Was tr\u00f6stet mich?<\/p>\n<p class=\"p1\">Vor allem, wenn sich mir jemand zuwendet, mich in meiner Traurigkeit wahrnimmt, nachfragt und den Grund meiner Trauer ernstnimmt. Mir tut es gut, wenn ich erz\u00e4hlen kann, was mich traurig macht, wenn jemand mir zuh\u00f6rt.<\/p>\n<p class=\"p1\">Zum Tr\u00f6sten geh\u00f6ren weniger \u201egescheite\u201c Worte als vielmehr aktives Zuh\u00f6ren, eine Umarmung, eine Geste, eine kleine Aufmerksamkeit. Wichtig ist, dass ich mich ernst genommen f\u00fchle, und der andere meine Trauer nicht kleinredet. S\u00e4tze wie \u201eIst doch nicht so schlimm!\u201c, \u201eDas wird schon wieder!\u201c oder \u201eBist du immer noch traurig?\u201c sind wenig hilfreich.<\/p>\n<p class=\"p1\">Als Tr\u00f6stender muss ich nicht allen Schmerz, alle Traurigkeit beseitigen, denn es geht eher um ein Aushalten, ein Zurecht-Kommen mit der traurigen Situation. Vor allem, Trauer braucht Zeit und Raum. Oft fehlen mir die Worte, manchmal f\u00fchle ich mich auch \u00fcberfordert, mit der Trauer eines anderen umzugehen \u2013 gut ist, das offen auszusprechen und dennoch da zu sein.<\/p>\n<p class=\"p1\">Als kleines Kind hat mich vor allem meine Mama getr\u00f6stet. Sie hat mich in den Arm genommen, gestreichelt, mir gut zugeredet, sich Zeit f\u00fcr mich genommen, mir zugeh\u00f6rt. Sie hat gut ausgehalten, wenn ich geweint habe, wenn ich mich vor Trauer verkriechen wollte. Kleinkinder finden Trost, wenn sie an der Brust der Mutter s\u00e4ugen oder sich einfach an die Brust ankuscheln k\u00f6nnen.<\/p>\n<p class=\"p1\">Das ist das zweite, was mich am Predigttext fasziniert: Der Prophet Jesaja w\u00e4hlt ein eher untypisches Bild f\u00fcr Gott und beschreibt es sehr ausf\u00fchrlich.<\/p>\n<p class=\"p1\">Die meisten Vorstellungen in der Bibel von Gott sind m\u00e4nnlich \u2013 ohne damit sagen zu wollen, dass Gott ein Mann ist. \u201eDu sollst dir kein Bild von Gott machen\u201c, bedeutet ja, Gott nicht auf eine Vorstellung festzulegen.<\/p>\n<p class=\"p1\">Doch Jesaja beschreibt Gott wie eine tr\u00f6stende Mutter. Die Menschen, die ins zerst\u00f6rte Jerusalem zur\u00fcckgekehrt sind, traurig dar\u00fcber, dass alles so anders ist, die sich mit der neuen Situation nicht zurechtfinden, werden sogar ermutigt, wie Kleinkinder an der Brust Jerusalems sich zu s\u00e4ttigen, sie d\u00fcrfen sich wie Kleinkinder in Gottes Armen bergen. Was f\u00fcr ein Angebot!<\/p>\n<p class=\"p1\">Wie und wo erlebe ich diesen Trost Gottes? Sicher im tr\u00f6stenden Dasein anderer Menschen, aber auch im Wort Gottes, das mich aufbaut und st\u00e4rkt, in der Feier des Christusmahles \u2013 Essen und Trinken k\u00f6nnen sehr st\u00e4rkend und tr\u00f6stlich sein \u2013 im Gebet, in der Stille.<\/p>\n<p class=\"p1\">Ich w\u00fcnsche mir und uns, dass ich in diesen \u201eGott allen Trostes\u201c (2.Korinther 1,3) immer wieder erleben darf, dass ich nie trostlos bin!<\/p>\n<p class=\"p1\"><em>Euer Pfarrer Peter Gabriel<\/em><\/p>\n<hr \/>\n<p class=\"p1\">\n<p class=\"p1\"><a href=\"https:\/\/hallein-evangelisch.at\/newsletter\/beilagen\/FA2026komplett1-20260309122956.pdf\" class=\"pdfemb-viewer\" style=\"\" data-width=\"max\" data-height=\"max\" data-toolbar=\"bottom\" data-toolbar-fixed=\"on\">FA2026komplett1-20260309122956<\/a><\/p>\n<hr \/>\n<p class=\"p1\"><a href=\"https:\/\/hallein-evangelisch.at\/newsletter\/beilagen\/19Mrz2026-20260312075904.pdf\" class=\"pdfemb-viewer\" style=\"\" data-width=\"max\" data-height=\"max\" data-toolbar=\"bottom\" data-toolbar-fixed=\"on\">19Mrz2026-20260312075904<\/a><\/p>\n","protected":false},"excerpt":{"rendered":"<div class=\"mh-excerpt\"><p>[13.03.2026] Liebe Mitglieder und Freunde unserer Gemeinde! &#8222;Wenn das Weizenkorn nicht in die Erde f\u00e4llt und erstirbt, bleibt es allein; wenn es aber erstirbt, bringt es viel Frucht.&#8220; (Johannes 12,24) Mit einem Bild aus der <a class=\"mh-excerpt-more\" href=\"https:\/\/hallein-evangelisch.at\/wp\/?p=18105\" title=\"Sonntagsgru\u00df zum 15. M\u00e4rz 2026\">[&#8230;]<\/a><\/p>\n<\/div>","protected":false},"author":8,"featured_media":17471,"comment_status":"closed","ping_status":"closed","sticky":false,"template":"","format":"standard","meta":{"footnotes":""},"categories":[84,102],"tags":[],"class_list":{"0":"post-18105","1":"post","2":"type-post","3":"status-publish","4":"format-standard","5":"has-post-thumbnail","7":"category-hauskirche","8":"category-sonntagsgruss"},"_links":{"self":[{"href":"https:\/\/hallein-evangelisch.at\/wp\/index.php?rest_route=\/wp\/v2\/posts\/18105","targetHints":{"allow":["GET"]}}],"collection":[{"href":"https:\/\/hallein-evangelisch.at\/wp\/index.php?rest_route=\/wp\/v2\/posts"}],"about":[{"href":"https:\/\/hallein-evangelisch.at\/wp\/index.php?rest_route=\/wp\/v2\/types\/post"}],"author":[{"embeddable":true,"href":"https:\/\/hallein-evangelisch.at\/wp\/index.php?rest_route=\/wp\/v2\/users\/8"}],"replies":[{"embeddable":true,"href":"https:\/\/hallein-evangelisch.at\/wp\/index.php?rest_route=%2Fwp%2Fv2%2Fcomments&post=18105"}],"version-history":[{"count":7,"href":"https:\/\/hallein-evangelisch.at\/wp\/index.php?rest_route=\/wp\/v2\/posts\/18105\/revisions"}],"predecessor-version":[{"id":18126,"href":"https:\/\/hallein-evangelisch.at\/wp\/index.php?rest_route=\/wp\/v2\/posts\/18105\/revisions\/18126"}],"wp:featuredmedia":[{"embeddable":true,"href":"https:\/\/hallein-evangelisch.at\/wp\/index.php?rest_route=\/wp\/v2\/media\/17471"}],"wp:attachment":[{"href":"https:\/\/hallein-evangelisch.at\/wp\/index.php?rest_route=%2Fwp%2Fv2%2Fmedia&parent=18105"}],"wp:term":[{"taxonomy":"category","embeddable":true,"href":"https:\/\/hallein-evangelisch.at\/wp\/index.php?rest_route=%2Fwp%2Fv2%2Fcategories&post=18105"},{"taxonomy":"post_tag","embeddable":true,"href":"https:\/\/hallein-evangelisch.at\/wp\/index.php?rest_route=%2Fwp%2Fv2%2Ftags&post=18105"}],"curies":[{"name":"wp","href":"https:\/\/api.w.org\/{rel}","templated":true}]}}