{"id":18114,"date":"2026-03-12T09:37:36","date_gmt":"2026-03-12T08:37:36","guid":{"rendered":"https:\/\/hallein-evangelisch.at\/wp\/?p=18114"},"modified":"2026-03-17T16:03:28","modified_gmt":"2026-03-17T15:03:28","slug":"1919-im-maerz-2026","status":"publish","type":"post","link":"https:\/\/hallein-evangelisch.at\/wp\/?p=18114","title":{"rendered":"19:19 im M\u00e4rz 2026"},"content":{"rendered":"<p>[12.03.2026 Update 17.03.2026]<\/p>\n<p>\u201eNun aber bleiben Glaube, Hoffnung, Liebe, diese drei; aber die Liebe ist die Gr\u00f6\u00dfte unter ihnen.\u201c<\/p>\n<p>Vielleicht ist das ja einer der bekanntesten S\u00e4tze aus dem Neuen Testament (1. Kor 13,13).<\/p>\n<p>Es ist also allerh\u00f6chste Zeit, ihn einmal ins Zentrum eines Abends unserer Reihe neunzehn.neunzehn zu stellen! Am kommenden Donnerstag ist es soweit. Die ber\u00fchmten Worte des Apostels Paulus bilden den thematischen Hintergrund der Kantate \u201eSeele, lerne dich erkennen\u201c von Georg Philipp Telemann (1681-1767, Cantata TVWV 1:1258), die uns Mitglieder des Ensembles BachWerkVokal zu Geh\u00f6r bringen werden. Dazu weitere ausgew\u00e4hlte Barockmusik von Bach, Gabrielli, Vivaldi und H\u00e4ndel.<\/p>\n<p>Was viele nicht wissen: Den Weg der Liebe stellt uns Paulus als den Weg zur Vollkommenheit vor. So wird Peter Gabriel in seinen Texten der Frage Raum geben, was Vollkommenheit eigentlich meint.<\/p>\n<p><img loading=\"lazy\" decoding=\"async\" class=\"aligncenter wp-image-18113 size-large\" src=\"https:\/\/hallein-evangelisch.at\/wp\/wp-content\/uploads\/2026\/03\/1919_2026-03-728x1024.png\" alt=\"\" width=\"728\" height=\"1024\" srcset=\"https:\/\/hallein-evangelisch.at\/wp\/wp-content\/uploads\/2026\/03\/1919_2026-03-728x1024.png 728w, https:\/\/hallein-evangelisch.at\/wp\/wp-content\/uploads\/2026\/03\/1919_2026-03-600x843.png 600w, https:\/\/hallein-evangelisch.at\/wp\/wp-content\/uploads\/2026\/03\/1919_2026-03-300x422.png 300w, https:\/\/hallein-evangelisch.at\/wp\/wp-content\/uploads\/2026\/03\/1919_2026-03-1093x1536.png 1093w, https:\/\/hallein-evangelisch.at\/wp\/wp-content\/uploads\/2026\/03\/1919_2026-03.png 1252w\" sizes=\"auto, (max-width: 728px) 100vw, 728px\" \/><\/p>\n","protected":false},"excerpt":{"rendered":"<div class=\"mh-excerpt\"><p>[12.03.2026 Update 17.03.2026] \u201eNun aber bleiben Glaube, Hoffnung, Liebe, diese drei; aber die Liebe ist die Gr\u00f6\u00dfte unter ihnen.\u201c Vielleicht ist das ja einer der bekanntesten S\u00e4tze aus dem Neuen Testament (1. Kor 13,13). Es <a class=\"mh-excerpt-more\" href=\"https:\/\/hallein-evangelisch.at\/wp\/?p=18114\" title=\"19:19 im M\u00e4rz 2026\">[&#8230;]<\/a><\/p>\n<\/div>","protected":false},"author":8,"featured_media":14481,"comment_status":"closed","ping_status":"closed","sticky":false,"template":"","format":"standard","meta":{"footnotes":""},"categories":[31],"tags":[],"class_list":{"0":"post-18114","1":"post","2":"type-post","3":"status-publish","4":"format-standard","5":"has-post-thumbnail","7":"category-kultur"},"_links":{"self":[{"href":"https:\/\/hallein-evangelisch.at\/wp\/index.php?rest_route=\/wp\/v2\/posts\/18114","targetHints":{"allow":["GET"]}}],"collection":[{"href":"https:\/\/hallein-evangelisch.at\/wp\/index.php?rest_route=\/wp\/v2\/posts"}],"about":[{"href":"https:\/\/hallein-evangelisch.at\/wp\/index.php?rest_route=\/wp\/v2\/types\/post"}],"author":[{"embeddable":true,"href":"https:\/\/hallein-evangelisch.at\/wp\/index.php?rest_route=\/wp\/v2\/users\/8"}],"replies":[{"embeddable":true,"href":"https:\/\/hallein-evangelisch.at\/wp\/index.php?rest_route=%2Fwp%2Fv2%2Fcomments&post=18114"}],"version-history":[{"count":4,"href":"https:\/\/hallein-evangelisch.at\/wp\/index.php?rest_route=\/wp\/v2\/posts\/18114\/revisions"}],"predecessor-version":[{"id":18206,"href":"https:\/\/hallein-evangelisch.at\/wp\/index.php?rest_route=\/wp\/v2\/posts\/18114\/revisions\/18206"}],"wp:featuredmedia":[{"embeddable":true,"href":"https:\/\/hallein-evangelisch.at\/wp\/index.php?rest_route=\/wp\/v2\/media\/14481"}],"wp:attachment":[{"href":"https:\/\/hallein-evangelisch.at\/wp\/index.php?rest_route=%2Fwp%2Fv2%2Fmedia&parent=18114"}],"wp:term":[{"taxonomy":"category","embeddable":true,"href":"https:\/\/hallein-evangelisch.at\/wp\/index.php?rest_route=%2Fwp%2Fv2%2Fcategories&post=18114"},{"taxonomy":"post_tag","embeddable":true,"href":"https:\/\/hallein-evangelisch.at\/wp\/index.php?rest_route=%2Fwp%2Fv2%2Ftags&post=18114"}],"curies":[{"name":"wp","href":"https:\/\/api.w.org\/{rel}","templated":true}]}}