{"id":18118,"date":"2026-03-12T09:45:42","date_gmt":"2026-03-12T08:45:42","guid":{"rendered":"https:\/\/hallein-evangelisch.at\/wp\/?p=18118"},"modified":"2026-03-19T14:05:44","modified_gmt":"2026-03-19T13:05:44","slug":"unser-leitbild-2","status":"publish","type":"post","link":"https:\/\/hallein-evangelisch.at\/wp\/?p=18118","title":{"rendered":"Unser Leitbild"},"content":{"rendered":"<p>[2026-03-12]<\/p>\n<p>Das Leitbild der Gemeinde wurde Ende J\u00e4nner 2026 in einigen Bereichen ge\u00e4ndert zw. angepasst. Nachstehend die aktuelle Version.<\/p>\n<div id=\"model-response-message-contentr_7ca4d450bdbccf43\" class=\"markdown markdown-main-panel enable-updated-hr-color\" dir=\"ltr\" aria-live=\"polite\" aria-busy=\"false\">\n<h2 data-path-to-node=\"2\">Leitbild der Evangelischen Pfarrgemeinde A.u.H.B. Hallein<\/h2>\n<p>Es sind verschiedene Gaben; aber es ist ein Geist.<br \/>\nEs sind verschiedene \u00c4mter; aber es ist ein Herr.<br \/>\nUnd es sind verschiedene Kr\u00e4fte; aber es ist ein Gott, der da wirkt alles in allen.<br \/>\n(1. Korintherbrief 12,4-6)<\/p>\n<h3 data-path-to-node=\"4\">1. Darauf gr\u00fcnden wir uns<\/h3>\n<ul>\n<li id=\"p-rc_e0f177583eb50984-37\" data-path-to-node=\"5,0,0\"><span class=\"citation-1594 citation-1595 citation-end-1595\">Wir geh\u00f6ren als evangelische Pfarrgemeinde Hallein zur Evangelischen Kirche Augsburgischen Bekenntnisses in \u00d6sterreich und verstehen uns als Teil der weltweiten Kirche Jesu Christi.<\/span><\/li>\n<li id=\"p-rc_e0f177583eb50984-37\" data-path-to-node=\"5,0,0\"><span class=\"citation-1592 citation-1593 citation-end-1593\">Grundlage unseres Denkens und<\/span><span class=\"citation-1592 citation-end-1592\"> Handelns sind die Bibel Alten und Neuen Testamentes, die Bekenntnisse der Kirche und die Entscheidungen unserer Synod<\/span>e. Unser Leitgedanke ist dabei, was auf Jesus Christus hinf\u00fchrt.<\/li>\n<li id=\"p-rc_e0f177583eb50984-37\" data-path-to-node=\"5,0,0\">In Taufe und Abendmahl erfahren wir auf besondere Weise Gottes N\u00e4he, seine Vergebung und Liebe und werden verbunden zur Gemeinschaft von Schwestern und Br\u00fcdern. Dazu sind alle eingeladen.<\/li>\n<\/ul>\n<h3 data-path-to-node=\"6\">2. Das bedeutet f\u00fcr uns<\/h3>\n<ul>\n<li id=\"p-rc_e0f177583eb50984-39\" data-path-to-node=\"7,0,0\"><span class=\"citation-1591 citation-end-1591\">F\u00fcr uns gilt: Jeder Mensch ist gottgewollt, einmalig, gleichberechtigt und in seiner W\u00fcrde unantastbar, unabh\u00e4ngig von Geschlecht, Herkunft, geistiger und k\u00f6rperlicher Leistungsf\u00e4higkeit, sexueller Orientierun<\/span>g und Identit\u00e4t, <span class=\"citation-1589 citation-1590 citation-end-1590\">ethnischer und religi\u00f6ser Zugeh\u00f6rigkeit. Respekt und Toleranz bestimmen den Umgang miteinander.<\/span><\/li>\n<li id=\"p-rc_e0f177583eb50984-39\" data-path-to-node=\"7,0,0\"><span class=\"citation-1587 citation-1588 citation-end-1588\">Wir f\u00fchlen uns mit Menschen anderer Kirchen und Religionen verbunden und setzen uns f\u00fcr ein friedliches Miteinander ein. \u00d6ku<\/span><span class=\"citation-1587 citation-end-1587\">menisches und interreligi\u00f6ses Handeln sind uns wichtig.<\/span><\/li>\n<li id=\"p-rc_e0f177583eb50984-39\" data-path-to-node=\"7,0,0\"><span class=\"citation-1586 citation-end-1586\">Wir bringen uns in \u00f6ffentliche Diskussionen ein und erheben unsere Stimme f\u00fcr Schwache u<\/span>nd Benachteiligte.<\/li>\n<li id=\"p-rc_e0f177583eb50984-39\" data-path-to-node=\"7,0,0\">Wir treten ein f\u00fcr einen bewussten Umgang mit der Sch\u00f6pfung und ihren Ressourcen, machen auf Missst\u00e4nde aufmerksam und achten auf umweltschonendes Handeln.<\/li>\n<\/ul>\n<h3 data-path-to-node=\"8\">3. Daraus leiten wir unser Handeln ab<\/h3>\n<ul>\n<li id=\"p-rc_e0f177583eb50984-42\" data-path-to-node=\"9,0,0\">Unser Auftrag ist die Verk\u00fcndigung der Frohen Botschaft. Wir tun es in zeitgem\u00e4\u00dfer und in f\u00fcr alle Menschen ansprechender Form. Wir versuchen, <span class=\"citation-1585 citation-end-1585\">unseren Glauben auch im Alltag danach auszurichten.<\/span><\/li>\n<li id=\"p-rc_e0f177583eb50984-42\" data-path-to-node=\"9,0,0\"><span class=\"citation-1584 citation-end-1584\">Wir leben Diakonie: Wir sind Ansprechpartner in allen Lebensphasen und Lebensbereichen. Wir bieten Menschen in existentiellen Krisen Hilfe, Beistand und Trost. Wir machen uns stark f\u00fcr soziale<\/span> Gerechtigkeit.<\/li>\n<li id=\"p-rc_e0f177583eb50984-42\" data-path-to-node=\"9,0,0\">Durch die Kraft des Heiligen Geistes gest\u00e4rkt wollen wir eine lebendige, engagierte und offene Gemeinde sein.<\/li>\n<li id=\"p-rc_e0f177583eb50984-42\" data-path-to-node=\"9,0,0\"><span class=\"citation-1582 citation-end-1582\">Unser gemeinsames Leben \u00e4u\u00dfert sich in vielf\u00e4ltigen Gottesdienstangeboten f\u00fcr alle Altersgruppen. Tradition und Moderne w\u00fcrdigen wir dabei in gleicher Wei<\/span>se \u2013 auch im Hinblick auf die Musik.<\/li>\n<li id=\"p-rc_e0f177583eb50984-42\" data-path-to-node=\"9,0,0\">Vielfalt ist unsere St\u00e4rke: Wir setzen Schwerpunkte bei Angeboten f\u00fcr Kinder, Familien, Jugendliche und Senioren, in der Diakonie, <span class=\"citation-1581 citation-end-1581\">der Erwachsenenbildung sowie im kulturellen Bereich.<\/span><\/li>\n<li id=\"p-rc_e0f177583eb50984-42\" data-path-to-node=\"9,0,0\">Unterschiedlichste Begabungen und Talente der Mitarbeiterinnen und Mitarbeiter gestalten, bereichern und beleben unser Gemeindeleben.<\/li>\n<li id=\"p-rc_e0f177583eb50984-42\" data-path-to-node=\"9,0,0\"><span class=\"citation-1579 citation-end-1579\">Geschwisterliches Miteinander <\/span>und gegenseitige Wertsch\u00e4tzung <span class=\"citation-1578 citation-end-1578\">sind uns wichtig.<\/span><\/li>\n<li id=\"p-rc_e0f177583eb50984-42\" data-path-to-node=\"9,0,0\">Transparente Entscheidungen, Kritikf\u00e4higkeit und ein auf unseren Werten basierendes Konfliktmanagement sollen Ausdruck der Achtung vor dem N\u00e4chsten sein.<\/li>\n<li id=\"p-rc_e0f177583eb50984-42\" data-path-to-node=\"9,0,0\">Feste und Feiern sind ein fester Bestandteil unseres Gemeindelebens.<\/li>\n<li>Wir wollen als werbende und wachsende Kirche in Hallein und im Bezirk Tennengau \u201esichtbar evangelisch\u201c sein.<\/li>\n<\/ul>\n<p data-path-to-node=\"11\"><i data-path-to-node=\"11\" data-index-in-node=\"0\">Auf Grundlage des Leitbildes vom M\u00e4rz 2013 einstimmig beschlossene Ver\u00e4nderungen von der Gemeindevertretung der Evangelischen Pfarrgemeinde A.u.H.B. Hallein am 31. J\u00e4nner 2026.<\/i><\/p>\n<hr data-path-to-node=\"12\" \/>\n<h3 data-path-to-node=\"13\">Glossar<\/h3>\n<ul>\n<li id=\"p-rc_e0f177583eb50984-51\" data-path-to-node=\"14,0,0\"><b data-path-to-node=\"14,0,0\" data-index-in-node=\"0\">Augsburger Bekenntnis (A.B.):<\/b> <span class=\"citation-1573 citation-1574 citation-1575 citation-end-1575\">F\u00fcr den Augsburger Reichstag 1530 verfasste Philipp Melanchthon diesen Text, der die Grundlage des evangelischen Glaubens darlegt. In \u00d6sterreich und im Bereich des ehemaligen Habsburger Herrschaftsgebietes bezeichnet man die evangelisch-lutherische Kirche als \u201eevangelisch A.B.\u201c \u2013 im Gegensatz zu \u201eeva<\/span><span class=\"citation-1573 citation-1574 citation-end-1574\">ngelisch H.B.\u201c, dem Helvetischen Bekenntnis f\u00fcr den Zweig der Reformation, der sich in der Schweiz entwickelt hat (Ulric<\/span><span class=\"citation-1573 citation-end-1573\">h Zwingli, Johannes C<\/span>alvin).<\/li>\n<li data-path-to-node=\"14,0,0\"><b data-path-to-node=\"14,1,0\" data-index-in-node=\"0\">Bekenntnisse der Kirche:<\/b> <span class=\"citation-1571 citation-1572 citation-end-1572\">Damit sind die Lehrentscheidungen der christlichen Kirche in den ersten Jahrhunderten gemeint, z.B. das Apostolische Glaubensbekenntnis, das wir in fast jedem Gottesdienst sprechen, aber auch Grundeinsichten der Reformation (Augsburger Bekenntnis, Gro\u00dfer und Kleiner Katechismus) und der evangelischen Kirche zur Zeit des Nationalsoz<\/span><span class=\"citation-1571 citation-end-1571\">ialismus (Bar<\/span>mer theologische Erkl\u00e4rung 1934).<\/li>\n<li data-path-to-node=\"14,0,0\"><b data-path-to-node=\"14,2,0\" data-index-in-node=\"0\">Synode:<\/b> <span class=\"citation-1570 citation-end-1570\">Das \u201eParlament\u201c der Evangelischen Kirche in \u00d6sterreich, zusammengesetzt aus Theolog*innen und sog. Laien \u2013 beschlie\u00dft die Gesetze, den Haushalt und auch theologische und geistliche Grundlinien f\u00fcr unsere Kirche<\/span>.<\/li>\n<li data-path-to-node=\"14,0,0\"><b data-path-to-node=\"14,3,0\" data-index-in-node=\"0\">Abendmahl (Christusmahl):<\/b> <span class=\"citation-1568 citation-1569 citation-end-1569\">Am Abend vor seinem Sterben feierte Jesus mit seinen J\u00fcngern das Pessahmahl, die Erinnerung des Volkes Israel an die Befreiung aus \u00c4gypten. Jesus deutete dabei Brot und den Weinkelch auf sein Sterben u<\/span><span class=\"citation-1568 citation-end-1568\">nd beauftragte die J\u00fcnger, in Erinnerung an ihn immer wieder dieses Mahl zu feiern (\u201eEinsetzungsworte\u201c). Chris<\/span>ten und Christinnen <span class=\"citation-1565 citation-1566 citation-1567 citation-end-1567\">glauben, dass der auferstandene Jesus in der Feier des Abendmahles und in der Gemeinschaft gegenw\u00e4rtig ist. Grunds\u00e4tzlich sind alle Getauften dazu eingeladen, das gilt selbstverst\u00e4ndlich auch f\u00fcr Kinder jeden Alters (\u201ekinderoffenes Abendmahl\u201c), Menschen aus anderen christlichen Kirchen (\u201e\u00f6kumenische Gas<\/span><span class=\"citation-1565 citation-1566 citation-end-1566\">tfreundschaft\u201c) und Ausgetretene. Auch jemand, der nicht getauft ist, wird nicht weggeschickt. Alle bekommen eine Hostie\/Ob<\/span><span class=\"citation-1565 citation-end-1565\">late und einen Schluck Wein bzw. Trauben<\/span>saft.<\/li>\n<li data-path-to-node=\"14,0,0\"><b data-path-to-node=\"14,4,0\" data-index-in-node=\"0\">\u00d6kumene und interreligi\u00f6ser Dialog:<\/b> \u00d6kumene ist das Zusammenwirken der verschiedenen christlichen Kirchen, wenn auch andere Religionen wie der Islam, das Judentum oder der Buddhismus beteiligt sind, spricht man von inter- bzw. multireligi\u00f6s.<\/li>\n<li data-path-to-node=\"14,0,0\"><b data-path-to-node=\"14,5,0\" data-index-in-node=\"0\">Diakonie:<\/b> Bedeutet Dienst am N\u00e4chsten, die t\u00e4tige N\u00e4chstenliebe der einzelnen Christen und Christinnen, der Gemeinde und der kirchlichen und diakonischen Einrichtungen.<\/li>\n<\/ul>\n<hr data-path-to-node=\"15\" \/>\n<\/div>\n<h2>Beitr\u00e4ge in dieser Kategorie:<\/h2>\n<ul class=\"lcp_catlist\" id=\"lcp_instance_0\"><li class=\"current\"><a href=\"https:\/\/hallein-evangelisch.at\/wp\/?p=18118\">Unser Leitbild<\/a><div class=\"lcp-customfield\">Wir verstehen uns als Teil der weltweiten Kirche Jesu Christi.<\/div><\/li><li><a href=\"https:\/\/hallein-evangelisch.at\/wp\/?p=14021\">Unsere Gemeindeleitung<\/a><div class=\"lcp-customfield\">Leitung der Pfarrgemeinde gemeinsam mit dem Presbyterium.<\/div><\/li><li><a href=\"https:\/\/hallein-evangelisch.at\/wp\/?p=16834\">Unsere neue Vikarin<\/a><\/li><li><a href=\"https:\/\/hallein-evangelisch.at\/wp\/?p=16594\">100 Jahre Evangelische Pfarrgemeinde Hallein \u2013 FESTSCHRIFT<\/a><\/li><li><a href=\"https:\/\/hallein-evangelisch.at\/wp\/?p=14273\">Neues Triangel-Kuratorinnenteam<\/a><\/li><li><a href=\"https:\/\/hallein-evangelisch.at\/wp\/?p=13783\">Abschied und Neubeginn<\/a><\/li><li><a href=\"https:\/\/hallein-evangelisch.at\/wp\/?p=13753\">Unsere Gemeindevertretung<\/a><\/li><li><a href=\"https:\/\/hallein-evangelisch.at\/wp\/?p=13744\">Wir haben gew\u00e4hlt!<\/a><\/li><li><a href=\"https:\/\/hallein-evangelisch.at\/wp\/?p=13542\">Bei uns hast auch DU die Wahl!<\/a><\/li><li><a href=\"https:\/\/hallein-evangelisch.at\/wp\/?p=13529\">W\u00e4hlen macht zufriedener<\/a><\/li><li><a href=\"https:\/\/hallein-evangelisch.at\/wp\/?p=13523\">Wer die Wahl hat \u2026<\/a><\/li><li><a href=\"https:\/\/hallein-evangelisch.at\/wp\/?p=13520\">Wahlen in der Bibel<\/a><\/li><\/ul>\n","protected":false},"excerpt":{"rendered":"<div class=\"mh-excerpt\"><p>[2026-03-12] Das Leitbild der Gemeinde wurde Ende J\u00e4nner 2026 in einigen Bereichen ge\u00e4ndert zw. angepasst. Nachstehend die aktuelle Version. Leitbild der Evangelischen Pfarrgemeinde A.u.H.B. Hallein Es sind verschiedene Gaben; aber es ist ein Geist. Es <a class=\"mh-excerpt-more\" href=\"https:\/\/hallein-evangelisch.at\/wp\/?p=18118\" title=\"Unser Leitbild\">[&#8230;]<\/a><\/p>\n<\/div>","protected":false},"author":8,"featured_media":5108,"comment_status":"closed","ping_status":"closed","sticky":false,"template":"","format":"standard","meta":{"footnotes":""},"categories":[9],"tags":[],"class_list":{"0":"post-18118","1":"post","2":"type-post","3":"status-publish","4":"format-standard","5":"has-post-thumbnail","7":"category-ueber-uns"},"_links":{"self":[{"href":"https:\/\/hallein-evangelisch.at\/wp\/index.php?rest_route=\/wp\/v2\/posts\/18118","targetHints":{"allow":["GET"]}}],"collection":[{"href":"https:\/\/hallein-evangelisch.at\/wp\/index.php?rest_route=\/wp\/v2\/posts"}],"about":[{"href":"https:\/\/hallein-evangelisch.at\/wp\/index.php?rest_route=\/wp\/v2\/types\/post"}],"author":[{"embeddable":true,"href":"https:\/\/hallein-evangelisch.at\/wp\/index.php?rest_route=\/wp\/v2\/users\/8"}],"replies":[{"embeddable":true,"href":"https:\/\/hallein-evangelisch.at\/wp\/index.php?rest_route=%2Fwp%2Fv2%2Fcomments&post=18118"}],"version-history":[{"count":9,"href":"https:\/\/hallein-evangelisch.at\/wp\/index.php?rest_route=\/wp\/v2\/posts\/18118\/revisions"}],"predecessor-version":[{"id":18242,"href":"https:\/\/hallein-evangelisch.at\/wp\/index.php?rest_route=\/wp\/v2\/posts\/18118\/revisions\/18242"}],"wp:featuredmedia":[{"embeddable":true,"href":"https:\/\/hallein-evangelisch.at\/wp\/index.php?rest_route=\/wp\/v2\/media\/5108"}],"wp:attachment":[{"href":"https:\/\/hallein-evangelisch.at\/wp\/index.php?rest_route=%2Fwp%2Fv2%2Fmedia&parent=18118"}],"wp:term":[{"taxonomy":"category","embeddable":true,"href":"https:\/\/hallein-evangelisch.at\/wp\/index.php?rest_route=%2Fwp%2Fv2%2Fcategories&post=18118"},{"taxonomy":"post_tag","embeddable":true,"href":"https:\/\/hallein-evangelisch.at\/wp\/index.php?rest_route=%2Fwp%2Fv2%2Ftags&post=18118"}],"curies":[{"name":"wp","href":"https:\/\/api.w.org\/{rel}","templated":true}]}}