{"id":18428,"date":"2026-04-30T08:00:55","date_gmt":"2026-04-30T06:00:55","guid":{"rendered":"https:\/\/hallein-evangelisch.at\/wp\/?p=18428"},"modified":"2026-04-28T10:54:28","modified_gmt":"2026-04-28T08:54:28","slug":"sonntagsgruss-zum-3-mai-2026","status":"publish","type":"post","link":"https:\/\/hallein-evangelisch.at\/wp\/?p=18428","title":{"rendered":"Sonntagsgru\u00df zum 3. Mai 2026"},"content":{"rendered":"<p>[30.04.2026]<\/p>\n<p>Liebe Mitglieder und Freunde unserer Gemeinde!<\/p>\n<p><i><img loading=\"lazy\" decoding=\"async\" class=\"alignright size-medium wp-image-9980\" src=\"https:\/\/hallein-evangelisch.at\/wp\/wp-content\/uploads\/2021\/09\/auswahl_IOS_IMG_4431379210919-300x400.jpg\" alt=\"\" width=\"300\" height=\"400\" srcset=\"https:\/\/hallein-evangelisch.at\/wp\/wp-content\/uploads\/2021\/09\/auswahl_IOS_IMG_4431379210919-300x400.jpg 300w, https:\/\/hallein-evangelisch.at\/wp\/wp-content\/uploads\/2021\/09\/auswahl_IOS_IMG_4431379210919-768x1024.jpg 768w, https:\/\/hallein-evangelisch.at\/wp\/wp-content\/uploads\/2021\/09\/auswahl_IOS_IMG_4431379210919.jpg 785w\" sizes=\"auto, (max-width: 300px) 100vw, 300px\" \/>&#8222;Singet dem Herrn ein neues Lied, denn er tut Wunder.&#8220;<\/i> (Psalm 98,1) &#8211; so lautet das biblische Motto f\u00fcr den Sonntag Kantate, das hei\u00dft Singt!<br \/>\nSingen tut gut! Wenn es mir gut geht und ich mich freue, dann singe und summe ich z.B. auf dem Fahrrad vor mich hin. Bei einer Trauerfeier erlebe ich das gemeinsame Singen als tr\u00f6stlich und st\u00e4rkend.<br \/>\nLieder fassen meine Gef\u00fchle in Worte, spiegeln meine Stimmung wider. Jugendliche singen ihre Lieblings-Songs mit, ich schwinge ein bei den Hits der 70iger und 80iger Jahre.<br \/>\nEin gro\u00dfer Schatz sind f\u00fcr mich unsere Kirchenlieder, \u00e4ltere und j\u00fcngere. Sie sind wichtige Vermittlerinnen christlichen Glaubens. Ohne sie w\u00e4re ich, w\u00e4ren wir sehr arm.<br \/>\n<b>Der Gottesdienst ist dabei ein guter Ort, gemeinsam zu singen! Herzliche Einladung!<\/b><\/p>\n<ul>\n<li><b>Sonntag, 3. Mai, 09.30 Uhr Gottesdienst f\u00fcr dich &amp; mich &#8222;Ein neues Lied&#8220;<\/b> (2.Chronik 5,2-5+12-14 &#8211; Team\/Korntner) &#8211; <i>Plakat im Anhang<\/i><\/li>\n<li><i>Sonntag, 3. Mai, 18.00 Uhr Abendandacht<\/i> (Ennsmann)<\/li>\n<li><b>Samstag, 11.00 Uhr Bikersegnung<\/b> (Plakat im Anhang)<\/li>\n<\/ul>\n<p>Der <b>angeh\u00e4ngte Sonntagsgru\u00df<\/b> befasst sich mit dem Thema Hoffnung!<\/p>\n<p>Stimmt mit mir ein in dieses Lied:<br \/>\n<i>Bettler und Lahme sahen wir beim Tanz,<br \/>\nh\u00f6rten, wie Stumme sprachen,<br \/>\ndurch tote Fensterh\u00f6hlen kam der Glanz,<br \/>\nStrahlen, die die Nacht durchbrachen.<br \/>\nZeichen und Wunder sahen wir geschehn<br \/>\nin l\u00e4ngst vergangnen Tagen,<br \/>\nGott wird auch unsere Wege gehn,<br \/>\nuns durch das Leben tragen.<\/i><\/p>\n<p>Lieder m\u00f6gen euch tragen und Kraft geben, Lieder m\u00f6gen euch helfen, euren Glauben auszudr\u00fccken und zu leben!<br \/>\n<em>Euer Pfarrer Peter<\/em><\/p>\n<hr \/>\n<h3>Gru\u00df zum Sonntag Kantate, 3. Mai 2026<\/h3>\n<p>Liebe Mitglieder, Freundinnen und Freunde unserer Halleiner Pfarrgemeinde!<\/p>\n<p>\u201eDie Hoffnung haben wir als einen festen Anker unserer Seele.\u201c (Hebr\u00e4er 6,19) Der biblische Spruch f\u00fcr den Monat Mai entfaltet das Osterwunder und macht deutlich, was die Auferweckung Jesu vom Tod f\u00fcr mich bedeutet.<\/p>\n<p>Ohne Hoffnung kann ich als Mensch letztlich nicht leben. Hoffnung richtet sich immer auf die Zukunft, meine ganz pers\u00f6nlich und auch die der ganzen Welt.<\/p>\n<p>Da gibt es die kleinen Hoffnungen, z.B. eine Schularbeit gelingt gut, bei einem geplanten Fest k\u00f6nnen alle dabei sein, eine Reise verl\u00e4uft ohne Hindernisse, ich und die Menschen, die mir lieb sind, bleiben m\u00f6glichst gesund.<\/p>\n<p>Dazu kommen gr\u00f6\u00dfere Hoffnungen, es m\u00f6ge z.B. weniger Kriege auf dieser Welt geben, der Klimawandel kann noch gebremst werden, Menschen in m\u00e4chtigen Positionen nehmen Vernunft an und machen statt Gewinn und Gewalt N\u00e4chstenliebe und Frieden zu ihren Hauptzielen.<\/p>\n<p>Manchmal kann ich ein wenig dazu beitragen, dass meine Hoffnungen sich erf\u00fcllen, aber auch wo das nicht der Fall ist, befl\u00fcgelt mich Hoffnung, schenkt mir neue Perspektiven, l\u00e4sst mich mein Leben und die Welt eher in positivem, hoffnungsvollem Licht sehen.<\/p>\n<p>Die Auferweckung Jesu Christi verleiht der Hoffnung noch eine weitere Dimension, n\u00e4mlich \u00fcber mein Leben und diese Welt hinaus. Es ist die Hoffnung, es gibt mehr als das Leben auf dieser Erde, mehr als diese eine Welt. Die Hoffnung, mein pers\u00f6nlicher Tod ist nicht das Ende und auch ein m\u00f6glicher Weltuntergang bedeutet nicht das absolute Aus.<\/p>\n<p>Es ist die Hoffnung auf ein neues Leben bei Gott, die Hoffnung auf Gottes neue Welt.<\/p>\n<p>Was ich hoffe, kann ich nicht sehen, schon gar nicht beweisen. Hoffnung spielt sich in meinen Gedanken, in meinen Gef\u00fchlen ab. Hoffnung kann ich in Worten ausdr\u00fccken und damit auch mit anderen teilen. Wenn wir gemeinsam hoffen, wird die Hoffnung st\u00e4rker und verleiht nicht nur mir neue Kr\u00e4fte f\u00fcr das Leben im Hier und Heute.<\/p>\n<p>Hoffnung n\u00e4hrt sich auch davon, dass ich schon erlebt habe, wie sich Hoffnungen erf\u00fcllt haben.<\/p>\n<p>An der Hoffnung kann ich mich, kann sich meine Seele, mein Innerstes festhalten.<\/p>\n<p>Ohne einen Anker wird ein Schiff von Wellen und Wind hin- und hergeworfen, findet keinen Platz am Ufer oder in einer Bucht. So ist es auch mit der Hoffnung: Sie gibt meiner Seele Grund, sie verhilft mir zur Ruhe, zu einem Ankerplatz.<\/p>\n<p>Hoffnung ist somit das Gegenteil von aufgeregter Hektik, vom Durcheinander-Sein auf Grund schrecklicher Nachrichten. Hoffnung schenkt Ruhe und sch\u00fctzt vor abgrundtiefer Angst \u2013 im Blick auf mich und mein Leben, im Blick auf diese Welt.<\/p>\n<p>Das Vertrauen auf Gott und seine Liebe, die Gewissheit eines Lebens nach dem Tod ist mir ein Hoffnungsanker, der mir guttut und mir Kraft schenkt!<\/p>\n<p><em>Euer Pfarrer Peter Gabriel<\/em><br \/>\nEv. Pfarrgemeinde Hallein<\/p>\n<hr \/>\n<p class=\"p1\"><a href=\"https:\/\/hallein-evangelisch.at\/newsletter\/beilagen\/Plakat20260503-20260426120324.pdf\" class=\"pdfemb-viewer\" style=\"\" data-width=\"max\" data-height=\"max\" data-toolbar=\"bottom\" data-toolbar-fixed=\"on\">Plakat20260503-20260426120324<\/a><\/p>\n<hr \/>\n<p class=\"p1\"><a href=\"https:\/\/hallein-evangelisch.at\/newsletter\/beilagen\/PlakatBikersegnung26-20260425183500.pdf\" class=\"pdfemb-viewer\" style=\"\" data-width=\"max\" data-height=\"max\" data-toolbar=\"bottom\" data-toolbar-fixed=\"on\">PlakatBikersegnung26-20260425183500<\/a><\/p>\n<hr \/>\n<p class=\"p1\">\n","protected":false},"excerpt":{"rendered":"<div class=\"mh-excerpt\"><p>[30.04.2026] Liebe Mitglieder und Freunde unserer Gemeinde! &#8222;Singet dem Herrn ein neues Lied, denn er tut Wunder.&#8220; (Psalm 98,1) &#8211; so lautet das biblische Motto f\u00fcr den Sonntag Kantate, das hei\u00dft Singt! Singen tut gut! <a class=\"mh-excerpt-more\" href=\"https:\/\/hallein-evangelisch.at\/wp\/?p=18428\" title=\"Sonntagsgru\u00df zum 3. Mai 2026\">[&#8230;]<\/a><\/p>\n<\/div>","protected":false},"author":8,"featured_media":17478,"comment_status":"closed","ping_status":"closed","sticky":false,"template":"","format":"standard","meta":{"footnotes":""},"categories":[1],"tags":[],"class_list":{"0":"post-18428","1":"post","2":"type-post","3":"status-publish","4":"format-standard","5":"has-post-thumbnail","7":"category-allgemein"},"_links":{"self":[{"href":"https:\/\/hallein-evangelisch.at\/wp\/index.php?rest_route=\/wp\/v2\/posts\/18428","targetHints":{"allow":["GET"]}}],"collection":[{"href":"https:\/\/hallein-evangelisch.at\/wp\/index.php?rest_route=\/wp\/v2\/posts"}],"about":[{"href":"https:\/\/hallein-evangelisch.at\/wp\/index.php?rest_route=\/wp\/v2\/types\/post"}],"author":[{"embeddable":true,"href":"https:\/\/hallein-evangelisch.at\/wp\/index.php?rest_route=\/wp\/v2\/users\/8"}],"replies":[{"embeddable":true,"href":"https:\/\/hallein-evangelisch.at\/wp\/index.php?rest_route=%2Fwp%2Fv2%2Fcomments&post=18428"}],"version-history":[{"count":5,"href":"https:\/\/hallein-evangelisch.at\/wp\/index.php?rest_route=\/wp\/v2\/posts\/18428\/revisions"}],"predecessor-version":[{"id":18433,"href":"https:\/\/hallein-evangelisch.at\/wp\/index.php?rest_route=\/wp\/v2\/posts\/18428\/revisions\/18433"}],"wp:featuredmedia":[{"embeddable":true,"href":"https:\/\/hallein-evangelisch.at\/wp\/index.php?rest_route=\/wp\/v2\/media\/17478"}],"wp:attachment":[{"href":"https:\/\/hallein-evangelisch.at\/wp\/index.php?rest_route=%2Fwp%2Fv2%2Fmedia&parent=18428"}],"wp:term":[{"taxonomy":"category","embeddable":true,"href":"https:\/\/hallein-evangelisch.at\/wp\/index.php?rest_route=%2Fwp%2Fv2%2Fcategories&post=18428"},{"taxonomy":"post_tag","embeddable":true,"href":"https:\/\/hallein-evangelisch.at\/wp\/index.php?rest_route=%2Fwp%2Fv2%2Ftags&post=18428"}],"curies":[{"name":"wp","href":"https:\/\/api.w.org\/{rel}","templated":true}]}}