{"id":18539,"date":"2026-09-01T00:00:02","date_gmt":"2026-08-31T22:00:02","guid":{"rendered":"https:\/\/hallein-evangelisch.at\/wp\/?p=18539"},"modified":"2026-06-05T11:12:12","modified_gmt":"2026-06-05T09:12:12","slug":"zeit-fuer-mehr-in-hallein","status":"publish","type":"post","link":"https:\/\/hallein-evangelisch.at\/wp\/?p=18539","title":{"rendered":"Zeit f\u00fcr mehr &#8230; in Hallein"},"content":{"rendered":"<p>[01.09.2026]<\/p>\n<p><img loading=\"lazy\" decoding=\"async\" class=\"alignright size-thumbnail wp-image-15337\" src=\"https:\/\/hallein-evangelisch.at\/wp\/wp-content\/uploads\/2024\/11\/felix_sax-300x368.png\" alt=\"\" width=\"300\" height=\"368\" srcset=\"https:\/\/hallein-evangelisch.at\/wp\/wp-content\/uploads\/2024\/11\/felix_sax-300x368.png 300w, https:\/\/hallein-evangelisch.at\/wp\/wp-content\/uploads\/2024\/11\/felix_sax-600x736.png 600w, https:\/\/hallein-evangelisch.at\/wp\/wp-content\/uploads\/2024\/11\/felix_sax-835x1024.png 835w, https:\/\/hallein-evangelisch.at\/wp\/wp-content\/uploads\/2024\/11\/felix_sax.png 1184w\" sizes=\"auto, (max-width: 300px) 100vw, 300px\" \/>Vor ein paar Monaten, im M\u00e4rz 2026, setzten wir uns im Big5 Team (Team5 \u2013 ich wei\u00df, sehr originell) zusammen, um uns Gedanken \u00fcber Hallein und den n\u00f6rdlichen Flachgau zu machen. Sie beide sind Teil von Big5, aber wurden bisher weniger bespielt, da sie weiter vom Salzburger Stadtkern entfernt liegen als unsere drei Salzburger Stadtkirchen. Also \u00fcberlegten wir uns gemeinsam, was Sinn macht, wo anzubieten. Und siehe da, es entstanden zwei neue Jugendevents in Hallein!<\/p>\n<p>Das erste wird zur Erscheinung dieser Ausgabe schon gewesen sein. Am 20.06. feierten wir das erste Big5 Gartenfest! Dazu nutzten wir den gro\u00dfen Garten der Halleiner Pfarrgemeinde, um gemeinsam zu grillen, zu essen und zu trinken, Spiele zu spielen und einfach gemeinsam zu ratschen. Das Event soll auch ein Ort gewesen sein, an welchem sich die Konfirmand:innen, welche nicht lange davor konfirmiert wurden, wieder treffen konnten.<\/p>\n<p>Eine weitere Veranstaltung wird es ab September 2026 nun auch in Hallein geben! Der Big5 Bibelkreis \u201eHauptspeise\u201c hat in Salzburg nun schon f\u00fcnf Mal stattgefunden, jedes Mal mit gutem Essen und guten Gespr\u00e4chen. Nun kommt er samt einer Kooperation mit der Katholischen Jugend auch nach Hallein! An vier Terminen essen wir gemeinsam, lesen eine kurze Bibelstelle und reden dann dar\u00fcber. Offen, ehrlich, ohne falsche Scheu. Daf\u00fcr ist kein Vorwissen notwendig, alle Jugendlichen und jungen Erwachsenen sind eingeladen.<\/p>\n<p>Hauptspeise findet am 15.09., 22.09., 29.09. und 06.10. jeweils um 18:30 Uhr im Jugendraum der Halleiner Kirche statt.<\/p>\n<p><img loading=\"lazy\" decoding=\"async\" class=\"size-full wp-image-18541\" src=\"https:\/\/hallein-evangelisch.at\/wp\/wp-content\/uploads\/2026\/06\/big5_hauptspeise.jpg\" alt=\"\" width=\"1264\" height=\"1790\" srcset=\"https:\/\/hallein-evangelisch.at\/wp\/wp-content\/uploads\/2026\/06\/big5_hauptspeise.jpg 1264w, https:\/\/hallein-evangelisch.at\/wp\/wp-content\/uploads\/2026\/06\/big5_hauptspeise-600x850.jpg 600w, https:\/\/hallein-evangelisch.at\/wp\/wp-content\/uploads\/2026\/06\/big5_hauptspeise-723x1024.jpg 723w, https:\/\/hallein-evangelisch.at\/wp\/wp-content\/uploads\/2026\/06\/big5_hauptspeise-300x425.jpg 300w, https:\/\/hallein-evangelisch.at\/wp\/wp-content\/uploads\/2026\/06\/big5_hauptspeise-1085x1536.jpg 1085w\" sizes=\"auto, (max-width: 1264px) 100vw, 1264px\" \/><\/p>\n<p>F\u00fcr alle nun Ex-Konfis, aber auch schon erfahrene Jugendmitarbeitende in der Gemeinde findet von 16.\u201319.10. wieder die EJQualifies Bronze-\/Silber-Schulung statt. Bronze richtet sich an all jene, die neu in die Mitarbeit mit Jugendlichen einsteigen wollen, hingegen Silber an jene, die mindestens 16 Jahre alt sind. Das Wochenende findet in der Steylen Welt in Bischofshofen statt.<\/p>\n<p>Zur Seminaranmeldung geht\u2019s <a href=\"https:\/\/www.ejst.at\/ejst-mitarbeiterinnen-1\/seminaranmeldung\" target=\"_blank\" rel=\"noopener\">hier.<\/a><\/p>\n<p><em>Felix Sax<br \/>\n<\/em>Quelle: Evang. Gemeinde Hallein, Gemeindebrief 2026-2<\/p>\n<p>&nbsp;<\/p>\n","protected":false},"excerpt":{"rendered":"<div class=\"mh-excerpt\"><p>[01.09.2026] Vor ein paar Monaten, im M\u00e4rz 2026, setzten wir uns im Big5 Team (Team5 \u2013 ich wei\u00df, sehr originell) zusammen, um uns Gedanken \u00fcber Hallein und den n\u00f6rdlichen Flachgau zu machen. Sie beide sind <a class=\"mh-excerpt-more\" href=\"https:\/\/hallein-evangelisch.at\/wp\/?p=18539\" title=\"Zeit f\u00fcr mehr &#8230; in Hallein\">[&#8230;]<\/a><\/p>\n<\/div>","protected":false},"author":8,"featured_media":15337,"comment_status":"closed","ping_status":"closed","sticky":false,"template":"","format":"standard","meta":{"footnotes":""},"categories":[5],"tags":[],"class_list":["post-18539","post","type-post","status-publish","format-standard","has-post-thumbnail","category-kinder_jugend"],"_links":{"self":[{"href":"https:\/\/hallein-evangelisch.at\/wp\/index.php?rest_route=\/wp\/v2\/posts\/18539","targetHints":{"allow":["GET"]}}],"collection":[{"href":"https:\/\/hallein-evangelisch.at\/wp\/index.php?rest_route=\/wp\/v2\/posts"}],"about":[{"href":"https:\/\/hallein-evangelisch.at\/wp\/index.php?rest_route=\/wp\/v2\/types\/post"}],"author":[{"embeddable":true,"href":"https:\/\/hallein-evangelisch.at\/wp\/index.php?rest_route=\/wp\/v2\/users\/8"}],"replies":[{"embeddable":true,"href":"https:\/\/hallein-evangelisch.at\/wp\/index.php?rest_route=%2Fwp%2Fv2%2Fcomments&post=18539"}],"version-history":[{"count":4,"href":"https:\/\/hallein-evangelisch.at\/wp\/index.php?rest_route=\/wp\/v2\/posts\/18539\/revisions"}],"predecessor-version":[{"id":18544,"href":"https:\/\/hallein-evangelisch.at\/wp\/index.php?rest_route=\/wp\/v2\/posts\/18539\/revisions\/18544"}],"wp:featuredmedia":[{"embeddable":true,"href":"https:\/\/hallein-evangelisch.at\/wp\/index.php?rest_route=\/wp\/v2\/media\/15337"}],"wp:attachment":[{"href":"https:\/\/hallein-evangelisch.at\/wp\/index.php?rest_route=%2Fwp%2Fv2%2Fmedia&parent=18539"}],"wp:term":[{"taxonomy":"category","embeddable":true,"href":"https:\/\/hallein-evangelisch.at\/wp\/index.php?rest_route=%2Fwp%2Fv2%2Fcategories&post=18539"},{"taxonomy":"post_tag","embeddable":true,"href":"https:\/\/hallein-evangelisch.at\/wp\/index.php?rest_route=%2Fwp%2Fv2%2Ftags&post=18539"}],"curies":[{"name":"wp","href":"https:\/\/api.w.org\/{rel}","templated":true}]}}