{"id":18786,"date":"2026-09-03T00:00:46","date_gmt":"2026-09-02T22:00:46","guid":{"rendered":"https:\/\/hallein-evangelisch.at\/wp\/?p=18786"},"modified":"2026-08-31T16:40:12","modified_gmt":"2026-08-31T14:40:12","slug":"was-in-der-zeitung-steht","status":"publish","type":"post","link":"https:\/\/hallein-evangelisch.at\/wp\/?p=18786","title":{"rendered":"Was in der Zeitung steht"},"content":{"rendered":"<p>[03.09.2026]<\/p>\n<h3>\u201eWas in der Zeitung steht\u201c von Reinhard Mey<\/h3>\n<p>Reinhard Mey geh\u00f6rt zu den beliebtesten deutschen Liedermachern. Er behandelt in seinen Liedern meist aus dem Leben gegriffene Themen. Oft sind es satirische Alltagsbeobachtungen, in denen er gesellschaftlichen Gewohnheiten und kleineren Widrigkeiten des Alltags auf den Zahn f\u00fchlt.<\/p>\n<p>Auch bei \u201eWas in der Zeitung steht\u201c, eines seiner weniger bekannten Lieder von 1983, besingt er eine Geschichte \u00fcber die rei\u00dferische Presse, die gerade heute mit den Sozialen Medien und der Technik des Internets aktueller denn je ist. Eine falsche Meldung kann das Leben eines Menschen aus der Bahn werfen.<\/p>\n<p>\u201eWas in der Zeitung steht\u201c handelt von einem v\u00f6llig \u00fcberraschten und \u00fcberforderten Mann, der in der Zeitung mit einem Finanzskandal und einem Foto von sich in Verbindung gebracht wird. Von einem Moment auf den anderen wird sein Tag zur \u201eH\u00f6lle\u201c. An jeder Ecke wittert er Mitmenschen, die ihm b\u00f6se nachreden wollen. Die falsche Schlagzeile l\u00f6st bei ihm Ohnmacht und Fassungslosigkeit aus, denn gegen eine \u00f6ffentliche L\u00fcge anzuk\u00e4mpfen, scheint f\u00fcr ihn unm\u00f6glich.<\/p>\n<p>Im Abendblatt erscheint schlie\u00dflich eine kleine Entschuldigung der Redaktion \u2013 ein unscheinbarer F\u00fcnfzeiler. Aber ehrlich: Wer liest so etwas, und wer schenkt ihm Glauben?<\/p>\n<p>Und nun zum H\u00f6ren des Liedes \u201eWas in der Zeitung steht\u201c. Link unten anklicken, reinh\u00f6ren und gut auf den Text achten. Der Reinhard Mey macht doch einfach sch\u00f6ne und bewegende Lieder.<\/p>\n<p><em>Karin Landwehr<\/em><\/p>\n<p>LINK: <a href=\"https:\/\/www.songtexte.com\/songtext\/reinhard-mey\/was-in-der-zeitung-steht-53da072d.html\" target=\"_blank\" rel=\"noopener\">Der komplette Liedtext<\/a><br \/>\nLINK: <a href=\"https:\/\/youtu.be\/Yf6Ag5N9Unk?si=Q73Z5HI5zXzHS-6s\" target=\"_blank\" rel=\"noopener\">Das Lied auf Youtube<\/a><\/p>\n<p>&nbsp;<\/p>\n","protected":false},"excerpt":{"rendered":"<div class=\"mh-excerpt\"><p>[03.09.2026] \u201eWas in der Zeitung steht\u201c von Reinhard Mey Reinhard Mey geh\u00f6rt zu den beliebtesten deutschen Liedermachern. Er behandelt in seinen Liedern meist aus dem Leben gegriffene Themen. Oft sind es satirische Alltagsbeobachtungen, in denen <a class=\"mh-excerpt-more\" href=\"https:\/\/hallein-evangelisch.at\/wp\/?p=18786\" title=\"Was in der Zeitung steht\">[&#8230;]<\/a><\/p>\n<\/div>","protected":false},"author":8,"featured_media":18415,"comment_status":"closed","ping_status":"closed","sticky":false,"template":"","format":"standard","meta":{"footnotes":""},"categories":[1,4],"tags":[],"class_list":["post-18786","post","type-post","status-publish","format-standard","has-post-thumbnail","category-allgemein","category-gedanken"],"_links":{"self":[{"href":"https:\/\/hallein-evangelisch.at\/wp\/index.php?rest_route=\/wp\/v2\/posts\/18786","targetHints":{"allow":["GET"]}}],"collection":[{"href":"https:\/\/hallein-evangelisch.at\/wp\/index.php?rest_route=\/wp\/v2\/posts"}],"about":[{"href":"https:\/\/hallein-evangelisch.at\/wp\/index.php?rest_route=\/wp\/v2\/types\/post"}],"author":[{"embeddable":true,"href":"https:\/\/hallein-evangelisch.at\/wp\/index.php?rest_route=\/wp\/v2\/users\/8"}],"replies":[{"embeddable":true,"href":"https:\/\/hallein-evangelisch.at\/wp\/index.php?rest_route=%2Fwp%2Fv2%2Fcomments&post=18786"}],"version-history":[{"count":5,"href":"https:\/\/hallein-evangelisch.at\/wp\/index.php?rest_route=\/wp\/v2\/posts\/18786\/revisions"}],"predecessor-version":[{"id":18791,"href":"https:\/\/hallein-evangelisch.at\/wp\/index.php?rest_route=\/wp\/v2\/posts\/18786\/revisions\/18791"}],"wp:featuredmedia":[{"embeddable":true,"href":"https:\/\/hallein-evangelisch.at\/wp\/index.php?rest_route=\/wp\/v2\/media\/18415"}],"wp:attachment":[{"href":"https:\/\/hallein-evangelisch.at\/wp\/index.php?rest_route=%2Fwp%2Fv2%2Fmedia&parent=18786"}],"wp:term":[{"taxonomy":"category","embeddable":true,"href":"https:\/\/hallein-evangelisch.at\/wp\/index.php?rest_route=%2Fwp%2Fv2%2Fcategories&post=18786"},{"taxonomy":"post_tag","embeddable":true,"href":"https:\/\/hallein-evangelisch.at\/wp\/index.php?rest_route=%2Fwp%2Fv2%2Ftags&post=18786"}],"curies":[{"name":"wp","href":"https:\/\/api.w.org\/{rel}","templated":true}]}}