{"id":18808,"date":"2026-09-02T00:00:27","date_gmt":"2026-09-01T22:00:27","guid":{"rendered":"https:\/\/hallein-evangelisch.at\/wp\/?p=18808"},"modified":"2026-08-31T23:27:02","modified_gmt":"2026-08-31T21:27:02","slug":"dalete-waechst-und-entwickelt-sich","status":"publish","type":"post","link":"https:\/\/hallein-evangelisch.at\/wp\/?p=18808","title":{"rendered":"DALETE w\u00e4chst und entwickelt sich"},"content":{"rendered":"<p>[02.09.2026]<\/p>\n<figure id=\"attachment_18810\" aria-describedby=\"caption-attachment-18810\" style=\"width: 300px\" class=\"wp-caption alignright\"><img loading=\"lazy\" decoding=\"async\" class=\"size-thumbnail wp-image-18810\" src=\"https:\/\/hallein-evangelisch.at\/wp\/wp-content\/uploads\/2026\/08\/lisa_ertl-300x344.png\" alt=\"\" width=\"300\" height=\"344\" srcset=\"https:\/\/hallein-evangelisch.at\/wp\/wp-content\/uploads\/2026\/08\/lisa_ertl-300x344.png 300w, https:\/\/hallein-evangelisch.at\/wp\/wp-content\/uploads\/2026\/08\/lisa_ertl-600x687.png 600w, https:\/\/hallein-evangelisch.at\/wp\/wp-content\/uploads\/2026\/08\/lisa_ertl-894x1024.png 894w, https:\/\/hallein-evangelisch.at\/wp\/wp-content\/uploads\/2026\/08\/lisa_ertl.png 1180w\" sizes=\"auto, (max-width: 300px) 100vw, 300px\" \/><figcaption id=\"caption-attachment-18810\" class=\"wp-caption-text\">Lisa Ertl (DaLeTe)<\/figcaption><\/figure>\n<p>Seit einigen Monaten w\u00e4chst in Hallein das Projekt DALETE zu einem \u00f6kumenischen Projekt heran. Der Name DALETE steht f\u00fcr Gemeinschaft, Begegnung und Engagement. Das Projekt lebt von Menschen, die ihre Zeit, ihre Talente und ihre Ideen einbringen m\u00f6chten \u2013 unabh\u00e4ngig von Alter, Herkunft, Konfession oder Weltanschauung. Gemeinsam wollen wir Br\u00fccken bauen, gr\u00f6\u00dfer werden, neue Begegnungsr\u00e4ume schaffen und das gemeinschaftliche Leben in Hallein und der Region aktiv mitgestalten mit dem Ziel, wieder mehr aufeinander zu schauen. Der katholische Pfarrverband Hallein Plus und die evangelische Pfarrgemeinde Hallein arbeiten hierbei partnerschaftlich in Form eines Projektteams zusammen und setzen ein Zeichen daf\u00fcr, dass gemeinsames Handeln m\u00f6glich und vor allem bereichernd ist.<\/p>\n<h3>DALETE w\u00e4chst und entwickelt sich<\/h3>\n<p>In den vergangenen Monaten wurde intensiv an der Entwicklung des Projekts gearbeitet. Mit Unterst\u00fctzung des Landes Salzburg und der politischen Gemeinden Hallein und Puch konnten erste Ideen konkretisiert und Schritte f\u00fcr ein Netzwerk aufgebaut werden. Ein wichtiger Meilenstein ist hierbei die Aufstockung der Projektkoordination von bisher 7 auf 14 Wochenstunden ab September 2026. Dadurch kann die Begleitung der Freiwilligen und Hilfesuchenden ausgebaut und intensiviert, sowie das Projekt weiterentwickelt werden. Eine gro\u00dfe Hilfe ist au\u00dferdem, dass sich ein \u00f6kumenisches Koordinations-Team von nunmehr 7 ehrenamtlichen Mitgliedern gefunden hat, die zusammenhelfen, um ben\u00f6tigte Hilfe gut und zeitnah organisieren zu k\u00f6nnen.<\/p>\n<p>Lisa Ertl<\/p>\n<h3>Zeit schenken und Hilfe erm\u00f6glichen<\/h3>\n<p>Das gelebte DALETE bedeutet, einander Zeit zu schenken und Menschen, die in Not sind, Hilfe zukommen zu lassen. Hierf\u00fcr ben\u00f6tigt es vor allem eins: Menschen, die bereit sind, Zeit und Talente mit ihren Mitmenschen zu teilen und die sich gerne engagieren w\u00fcrden. Nur so k\u00f6nnen wir Menschen aus Hallein und Umgebung Hilfe vermitteln und Einsamkeit reduzieren.<\/p>\n<h3>Werde Teil der DALETE Community<\/h3>\n<p>M\u00f6chtest auch du Teil der DALETE Community werden? Bitte melde dich unter: +43 699 18877597 oder unter <a href=\"mailto:dalete@hallein-evangelisch.at\">dalete@hallein-evangelisch.at<\/a>.<\/p>\n<p>Gerne kl\u00e4ren wir in einem pers\u00f6nlichen Gespr\u00e4ch, was du gerne f\u00fcr DALETE tun w\u00fcrdest. Wir freuen uns auf dich!<\/p>\n","protected":false},"excerpt":{"rendered":"<div class=\"mh-excerpt\"><p>[02.09.2026] Seit einigen Monaten w\u00e4chst in Hallein das Projekt DALETE zu einem \u00f6kumenischen Projekt heran. Der Name DALETE steht f\u00fcr Gemeinschaft, Begegnung und Engagement. Das Projekt lebt von Menschen, die ihre Zeit, ihre Talente und <a class=\"mh-excerpt-more\" href=\"https:\/\/hallein-evangelisch.at\/wp\/?p=18808\" title=\"DALETE w\u00e4chst und entwickelt sich\">[&#8230;]<\/a><\/p>\n<\/div>","protected":false},"author":8,"featured_media":18810,"comment_status":"closed","ping_status":"closed","sticky":false,"template":"","format":"standard","meta":{"footnotes":""},"categories":[107],"tags":[],"class_list":["post-18808","post","type-post","status-publish","format-standard","has-post-thumbnail","category-das-leben-teilen"],"_links":{"self":[{"href":"https:\/\/hallein-evangelisch.at\/wp\/index.php?rest_route=\/wp\/v2\/posts\/18808","targetHints":{"allow":["GET"]}}],"collection":[{"href":"https:\/\/hallein-evangelisch.at\/wp\/index.php?rest_route=\/wp\/v2\/posts"}],"about":[{"href":"https:\/\/hallein-evangelisch.at\/wp\/index.php?rest_route=\/wp\/v2\/types\/post"}],"author":[{"embeddable":true,"href":"https:\/\/hallein-evangelisch.at\/wp\/index.php?rest_route=\/wp\/v2\/users\/8"}],"replies":[{"embeddable":true,"href":"https:\/\/hallein-evangelisch.at\/wp\/index.php?rest_route=%2Fwp%2Fv2%2Fcomments&post=18808"}],"version-history":[{"count":6,"href":"https:\/\/hallein-evangelisch.at\/wp\/index.php?rest_route=\/wp\/v2\/posts\/18808\/revisions"}],"predecessor-version":[{"id":18828,"href":"https:\/\/hallein-evangelisch.at\/wp\/index.php?rest_route=\/wp\/v2\/posts\/18808\/revisions\/18828"}],"wp:featuredmedia":[{"embeddable":true,"href":"https:\/\/hallein-evangelisch.at\/wp\/index.php?rest_route=\/wp\/v2\/media\/18810"}],"wp:attachment":[{"href":"https:\/\/hallein-evangelisch.at\/wp\/index.php?rest_route=%2Fwp%2Fv2%2Fmedia&parent=18808"}],"wp:term":[{"taxonomy":"category","embeddable":true,"href":"https:\/\/hallein-evangelisch.at\/wp\/index.php?rest_route=%2Fwp%2Fv2%2Fcategories&post=18808"},{"taxonomy":"post_tag","embeddable":true,"href":"https:\/\/hallein-evangelisch.at\/wp\/index.php?rest_route=%2Fwp%2Fv2%2Ftags&post=18808"}],"curies":[{"name":"wp","href":"https:\/\/api.w.org\/{rel}","templated":true}]}}