{"id":1889,"date":"2017-04-20T07:38:14","date_gmt":"2017-04-20T07:38:14","guid":{"rendered":"http:\/\/hallein-evangelisch.at\/wp\/?p=1889"},"modified":"2017-04-21T09:53:36","modified_gmt":"2017-04-21T09:53:36","slug":"gefaehrliche-heizung","status":"publish","type":"post","link":"https:\/\/hallein-evangelisch.at\/wp\/?p=1889","title":{"rendered":"Gef\u00e4hrliche Heizung"},"content":{"rendered":"<p>[2017-04-20]<\/p>\n<h3>Wie unsere Schaitbergerkirche<br \/>so geht auch ihre Heizung auf den 50iger zu.<\/h3>\n<figure id=\"attachment_1893\" aria-describedby=\"caption-attachment-1893\" style=\"width: 600px\" class=\"wp-caption alignleft\"><a href=\"http:\/\/hallein-evangelisch.at\/wp\/?attachment_id=1893\" rel=\"attachment wp-att-1893\"><img loading=\"lazy\" decoding=\"async\" class=\"size-medium wp-image-1893\" src=\"http:\/\/hallein-evangelisch.at\/wp\/wp-content\/uploads\/2017\/04\/heizung-2-600x452.jpg\" alt=\"\" width=\"600\" height=\"452\" srcset=\"https:\/\/hallein-evangelisch.at\/wp\/wp-content\/uploads\/2017\/04\/heizung-2-600x452.jpg 600w, https:\/\/hallein-evangelisch.at\/wp\/wp-content\/uploads\/2017\/04\/heizung-2-326x245.jpg 326w, https:\/\/hallein-evangelisch.at\/wp\/wp-content\/uploads\/2017\/04\/heizung-2-80x60.jpg 80w, https:\/\/hallein-evangelisch.at\/wp\/wp-content\/uploads\/2017\/04\/heizung-2-1024x771.jpg 1024w, https:\/\/hallein-evangelisch.at\/wp\/wp-content\/uploads\/2017\/04\/heizung-2.jpg 1277w\" sizes=\"auto, (max-width: 600px) 100vw, 600px\" \/><\/a><figcaption id=\"caption-attachment-1893\" class=\"wp-caption-text\">Die Kirchenheizung ist gef\u00e4hrlich, alt, laut und st\u00f6ranf\u00e4llig<\/figcaption><\/figure>\n<p>F\u00fcr unsere beiden Heizungssysteme bedeutet das, dass sie am Ende ihrer Lebenserwartung und defekt sind! Die Elektrostrahler unter den B\u00e4nken sind teilweise defekt, sind nicht regulierbar, heizen viel zu stark und vergl\u00fchen so manches Mal die Gottesdienstbesucher oder auch Plastiksitzpolster \u2013 sie sind also richtig gehend gef\u00e4hrlich!<\/p>\n<p>Die Warmluftheizung ist auch nicht regulier\u00ad und steuerbar und so laut, dass sie w\u00e4hrend der Veranstaltungen abgeschaltet werden muss. Am Beginn der heurigen Heizperiode ist sie schon komplett ausgefallen\u2026<\/p>\n<p>Das alles f\u00fchrt zu einer sehr unbefriedigenden Situation in unserer Kirche, immerhin dem zentralen Ort f\u00fcr unsere Gottesdienste, aber auch f\u00fcr viele Veranstaltungen wie z.B. Neunzehn.Neunzehn: die Kirche l\u00e4sst sich nur vor Veranstaltungen hoch heizen, w\u00e4hrenddessen wird es dann wieder k\u00fchler, danach k\u00fchlt die Kirche v\u00f6llig aus \u2013 was auch f\u00fcr unsere Orgel ganz schlecht ist. Zudem verursacht die Sitzbankheizung enorme Kosten, ca. 1\/3 unseres Stromverbrauches\u2026<\/p>\n<p>Und es ist zu bef\u00fcrchten, dass die gesamte Heizungsanlage bald ihren Geist ganz auf gibt.<\/p>\n<p>Um dem vorzubeugen und abzuhelfen haben die Gemeindevertretung und eine von ihr eingesetzte \u201eArbeitsgruppe Heizung\u201c lang und intensiv \u00fcber eine Ver\u00e4nderung diskutiert und sich entschieden, eine neue Heizungsanlage durch die Firma Mahr, der Kirchenheizungsspezialist, einbauen zu lassen. Mit Baubeginn 2. Mai werden an der R\u00fcckwand der Kirche und unter der Kanzel zwei W\u00e4rmestationen eingebaut und auch die gesamte Heizungsanlage im Keller wird erweitert! Die Kirche wird dann st\u00e4ndig eine bestimmte Grundtemperatur haben, dann automatisch bis zur Veranstaltung langsam aufgeheizt und auch w\u00e4hrend des Gottesdienstes wird die Temperatur konstant gehalten \u2013 ohne Ger\u00e4uschst\u00f6rungen.<\/p>\n<p><b>Neue Kanzel aus Fichtenholz<\/b><\/p>\n<p><a href=\"http:\/\/hallein-evangelisch.at\/wp\/?attachment_id=1938\" rel=\"attachment wp-att-1938\"><img loading=\"lazy\" decoding=\"async\" class=\"alignleft size-thumbnail wp-image-1938\" src=\"http:\/\/hallein-evangelisch.at\/wp\/wp-content\/uploads\/2017\/04\/kanzel-2-150x150.jpg\" alt=\"Foto: Helmut Meisl\" width=\"150\" height=\"150\" srcset=\"https:\/\/hallein-evangelisch.at\/wp\/wp-content\/uploads\/2017\/04\/kanzel-2-150x150.jpg 150w, https:\/\/hallein-evangelisch.at\/wp\/wp-content\/uploads\/2017\/04\/kanzel-2-80x80.jpg 80w, https:\/\/hallein-evangelisch.at\/wp\/wp-content\/uploads\/2017\/04\/kanzel-2-70x70.jpg 70w\" sizes=\"auto, (max-width: 150px) 100vw, 150px\" \/><\/a>Durch die Heizungssanierung muss auch die Kanzel erneuert werdenIm Zuge des Einbaus der W\u00e4rmestation unter der Kanzel muss diese abgetragen werden. Wir haben uns deshalb entschieden, wie vor Jahren Taufbecken und Altar, die ja auch aus Klinkersteinen gemauert waren, auch die Kanzel neu aus Fichtenholz auszuf\u00fchren \u2013 in den Formen in Anlehnung an den Altar. Die Kanzel wird bewusst schlicht gehalten, aber sie soll etwas \u201eluftiger\u201c werden, die seitlichen Kanth\u00f6lzer werden genauso wie die F\u00fc\u00dfe des Altars schr\u00e4g gestellt. Auch die Kanzelstufen werden aus Holz gefertigt, so dass alles wie aus einem Guss wirkt und somit alle \u201eliturgischen M\u00f6bel\u201c aus demselben Material und in der gleichen Art und Weise gefertigt sind.<\/p>\n<p><strong>Bitte um Ihre Mithilfe!<\/strong><\/p>\n<p><a href=\"http:\/\/hallein-evangelisch.at\/wp\/?attachment_id=1892\" rel=\"attachment wp-att-1892\"><img loading=\"lazy\" decoding=\"async\" class=\"alignleft size-thumbnail wp-image-1892\" src=\"http:\/\/hallein-evangelisch.at\/wp\/wp-content\/uploads\/2017\/04\/euro-1-150x150.jpg\" alt=\"\" width=\"150\" height=\"150\" \/><\/a>Diese dringend erforderliche Renovierungsma\u00dfnahme in unserer Kirche wird nat\u00fcrlich viel kosten, wir rechnen mit ca. \u20ac 60.000,\u00ad bis 70.000,00.<br \/>Neben der Finanzierung durch Subventionen, um die wir bei Stadt, Land und Gustav\u00adAdolf-\u00adVerein ansuchen werden, und unsere eigenen R\u00fccklagen, hoffen wir ganz stark auf eure und Ihre Unterst\u00fctzung \u2013 f\u00fcr eure und Ihre Kirche!<\/p>\n<p>Deshalb laden wir Sie ein, einen m\u00f6glichst hohen Unterst\u00fctzungsbetrag, eine Spende f\u00fcr das Projekt der neuen Heizung und der Kanzel uns zukommen zu lassen!\u00a0Bitte \u00fcberweisen Sie direkt auf unser Pfarrgemeindekonto bei der Salzburger Sparkasse<\/p>\n<p><b>IBAN: AT062040406009019290<br \/><\/b><b>BIC: SBGSAT2S<\/b><\/p>\n<p>Wenn Sie es w\u00fcnschen, k\u00f6nnen wir Ihnen auch gerne eine Spendenbescheinigung ausstellen! Bitte daf\u00fcr einen kurzen Hinweis oder Anruf!\u00a0<\/p>\n<p>Ganz herzlich danke ich Ihnen, auch im Namen unserer Gemeindevertretung, f\u00fcr Ihre gro\u00dfz\u00fcgige Unterst\u00fctzung!<\/p>\n<p>Ihr Pfarrer Peter Gabriel<\/p>\n","protected":false},"excerpt":{"rendered":"<div class=\"mh-excerpt\"><p>[2017-04-20] Wie unsere Schaitbergerkircheso geht auch ihre Heizung auf den 50iger zu. F\u00fcr unsere beiden Heizungssysteme bedeutet das, dass sie am Ende ihrer Lebenserwartung und defekt sind! Die Elektrostrahler unter den B\u00e4nken sind teilweise defekt, <a class=\"mh-excerpt-more\" href=\"https:\/\/hallein-evangelisch.at\/wp\/?p=1889\" title=\"Gef\u00e4hrliche Heizung\">[&#8230;]<\/a><\/p>\n<\/div>","protected":false},"author":8,"featured_media":1893,"comment_status":"closed","ping_status":"open","sticky":false,"template":"","format":"standard","meta":{"footnotes":""},"categories":[1],"tags":[],"class_list":{"0":"post-1889","1":"post","2":"type-post","3":"status-publish","4":"format-standard","5":"has-post-thumbnail","7":"category-allgemein"},"_links":{"self":[{"href":"https:\/\/hallein-evangelisch.at\/wp\/index.php?rest_route=\/wp\/v2\/posts\/1889","targetHints":{"allow":["GET"]}}],"collection":[{"href":"https:\/\/hallein-evangelisch.at\/wp\/index.php?rest_route=\/wp\/v2\/posts"}],"about":[{"href":"https:\/\/hallein-evangelisch.at\/wp\/index.php?rest_route=\/wp\/v2\/types\/post"}],"author":[{"embeddable":true,"href":"https:\/\/hallein-evangelisch.at\/wp\/index.php?rest_route=\/wp\/v2\/users\/8"}],"replies":[{"embeddable":true,"href":"https:\/\/hallein-evangelisch.at\/wp\/index.php?rest_route=%2Fwp%2Fv2%2Fcomments&post=1889"}],"version-history":[{"count":6,"href":"https:\/\/hallein-evangelisch.at\/wp\/index.php?rest_route=\/wp\/v2\/posts\/1889\/revisions"}],"predecessor-version":[{"id":1940,"href":"https:\/\/hallein-evangelisch.at\/wp\/index.php?rest_route=\/wp\/v2\/posts\/1889\/revisions\/1940"}],"wp:featuredmedia":[{"embeddable":true,"href":"https:\/\/hallein-evangelisch.at\/wp\/index.php?rest_route=\/wp\/v2\/media\/1893"}],"wp:attachment":[{"href":"https:\/\/hallein-evangelisch.at\/wp\/index.php?rest_route=%2Fwp%2Fv2%2Fmedia&parent=1889"}],"wp:term":[{"taxonomy":"category","embeddable":true,"href":"https:\/\/hallein-evangelisch.at\/wp\/index.php?rest_route=%2Fwp%2Fv2%2Fcategories&post=1889"},{"taxonomy":"post_tag","embeddable":true,"href":"https:\/\/hallein-evangelisch.at\/wp\/index.php?rest_route=%2Fwp%2Fv2%2Ftags&post=1889"}],"curies":[{"name":"wp","href":"https:\/\/api.w.org\/{rel}","templated":true}]}}