{"id":2066,"date":"2017-04-27T08:04:56","date_gmt":"2017-04-27T08:04:56","guid":{"rendered":"http:\/\/hallein-evangelisch.at\/wp\/?p=2066"},"modified":"2017-04-28T10:33:01","modified_gmt":"2017-04-28T10:33:01","slug":"buchtipp-meine-peroenliche-reformation","status":"publish","type":"post","link":"https:\/\/hallein-evangelisch.at\/wp\/?p=2066","title":{"rendered":"Meine pers\u00f6nliche Reformation (Buchtipp)"},"content":{"rendered":"<p>[2017-04-27]<\/p>\n<div>\n<h3>&#8222;Meine pers\u00f6nliche Reformation&#8220; &#8211; Warum ich konvertiert bin.\u00a0<br \/>Evangelische Pfarrerinnen und Pfarrer erz\u00e4hlen<\/h3>\n<p><a href=\"http:\/\/hallein-evangelisch.at\/wp\/wp-content\/uploads\/2017\/04\/170425_cover_meine_persoenliche_reformation_2000-4.jpg\"><img loading=\"lazy\" decoding=\"async\" class=\"size-full wp-image-2077 alignleft\" src=\"http:\/\/hallein-evangelisch.at\/wp\/wp-content\/uploads\/2017\/04\/170425_cover_meine_persoenliche_reformation_2000-4.jpg\" alt=\"(Bild: http:\/\/www.styriabooks.at)\" width=\"270\" height=\"424\" \/><\/a><\/p>\n<\/div>\n<p>Wien (epd\u00d6) \u2013 Keine Generalabrechnung mit der R\u00f6misch-katholischen Kirche, aber Glaubens- und Lebensgeschichten, die irgendwann zum Wechsel der Konfession gef\u00fchrt haben, schildert das k\u00fcrzlich erschienene Buch \u201eMeine pers\u00f6nliche Reformation. Warum ich konvertiert bin\u201c, herausgegeben von Matthias Geist und Maria Katharina Moser. Darin erz\u00e4hlen evangelische Pfarrerinnen und Pfarrer, was sie bewogen hat, von der R\u00f6misch-katholischen zur Evangelischen Kirche zu konvertieren.<\/p>\n<p>Am 19. April wurde das Buch in der Wiener Buchhandlung Herder offiziell vorgestellt.<\/p>\n<p>\u201eWas ich spannend finde, ist, dass in den Texten der acht Autorinnen und Autoren keine Ablehnung der R\u00f6misch-katholischen Kirche sp\u00fcrbar ist\u201c, erkl\u00e4rte Bischof Michael B\u00fcnker, der die Einleitung zu dem Buch geschrieben hat. Vielmehr k\u00e4me darin einfach zum Ausdruck, dass Menschen ihre Religion heute frei w\u00e4hlen, dies sei ein neues Ph\u00e4nomen. F\u00fcr die Evangelischen Kirchen seien die konvertierten Pfarrerinnen und Pfarrer jedenfalls \u201eein Benefit\u201c, weil sie \u201ereligi\u00f6s mehrsprachig\u201c seien und nicht nur die Sprache der eigenen Konfession kennen w\u00fcrden. \u201eSo eine Mehrsprachigkeit wird immer wichtiger f\u00fcr das Zusammenleben der Religionen\u201c, so der Bischof. Die Menschen in dem Buch w\u00fcrden auch zeigen, dass die Vorstellung, es ginge der Gesellschaft besser, wenn wir nur unter uns blieben, so nicht aufrechtzuerhalten sei.<\/p>\n<p>\u201eBeim Lesen des Buches war es f\u00fcr mich sehr spannend, die Glaubensgeschichten der Pfarrerinnen und Pfarrer mitzuerleben. Und was mich \u00fcberrascht hat: Das Buch ist keine Generalabrechnung mit der R\u00f6misch-katholischen Kirche\u201c, sagte Friederike Dostal, Leiterin des Referats f\u00fcr Erwachsenenkatechumenat der Erzdi\u00f6zese Wien. \u201eMir ist es wichtig, dass jede und jeder ihren bzw. seinen Zugang zu Christus findet.\u201c F\u00fcr Dostal geh\u00f6rt \u201eEvanglisch-Sein einfach dazu\u201c. Bereits in der Schulzeit habe sie Kontakt zu Evangelischen gehabt, insbesondere durch den evangelischen Religionslehrer an ihrer Schule. \u201eEs gibt jedenfalls mehr, das uns verbindet, als das uns trennt. Und Christ sein kann man auf viele Weisen.\u201c<\/p>\n<p>Im anschlie\u00dfenden Gespr\u00e4ch mit den anwesenden Autorinnen und Autoren war sp\u00fcrbar, dass das Verfassen der eigenen religi\u00f6sen Biographie f\u00fcr diese spannend und aufschlussreich war. Die vorgetragenen Ausschnitte aus dem Buch pr\u00e4sentierten unterschiedliche Wege in die Evangelische Kirche.<\/p>\n<h2>Die Herausgeber<\/h2>\n<ul>\n<li><b>Maria Katharina Moser<\/b>, geboren 1974, studierte zun\u00e4chst katholische Theologie in Wien und interkulturelle Frauenforschung in Manila, war in der katholischen Jugendarbeit und Erwachsenbildung sowie an der Universit\u00e4t und sieben Jahre lang in der Religionsabteilung des ORF t\u00e4tig, bis sie sich entschied, zu konvertieren und evangelische Pfarrerin zu werden.<\/li>\n<li><b>Matthias Geist,<\/b> geboren 1969, Studium der Mathematik und Evangelischen Theologie. Gef\u00e4ngnisseelsorger in den Wiener Justizanstalten und Lehrbeauftragter an der Strafvollzugsakademie.<\/li>\n<\/ul>\n<p>\u00a0Das Buch \u201eMeine pers\u00f6nliche Reformation. Warum ich konvertiert bin\u201c (Styria Verlag 2017 ISBN: 978-3-222-13556-9, Seiten: 192, Einband: Hardcover mit SU, Format: 13,5 x 21,5 cm)\u00a0 ist um \u20ac 19,90 online auf der Evang. Kirchenhomepage unter <a href=\"https:\/\/evang.at\/produkt\/meine-persoenliche-reformation\/\">www.evang.at\u00a0<\/a> beziehbar; sowie \u00fcber den Evangelischen Presseverband (Tel. 01 712 54 61) oder im Buchhandel erh\u00e4ltlich.<\/p>\n","protected":false},"excerpt":{"rendered":"<div class=\"mh-excerpt\"><p>[2017-04-27] &#8222;Meine pers\u00f6nliche Reformation&#8220; &#8211; Warum ich konvertiert bin.\u00a0Evangelische Pfarrerinnen und Pfarrer erz\u00e4hlen Wien (epd\u00d6) \u2013 Keine Generalabrechnung mit der R\u00f6misch-katholischen Kirche, aber Glaubens- und Lebensgeschichten, die irgendwann zum Wechsel der Konfession gef\u00fchrt haben, schildert <a class=\"mh-excerpt-more\" href=\"https:\/\/hallein-evangelisch.at\/wp\/?p=2066\" title=\"Meine pers\u00f6nliche Reformation (Buchtipp)\">[&#8230;]<\/a><\/p>\n<\/div>","protected":false},"author":7,"featured_media":2077,"comment_status":"closed","ping_status":"open","sticky":false,"template":"","format":"standard","meta":{"footnotes":""},"categories":[1],"tags":[],"class_list":{"0":"post-2066","1":"post","2":"type-post","3":"status-publish","4":"format-standard","5":"has-post-thumbnail","7":"category-allgemein"},"_links":{"self":[{"href":"https:\/\/hallein-evangelisch.at\/wp\/index.php?rest_route=\/wp\/v2\/posts\/2066","targetHints":{"allow":["GET"]}}],"collection":[{"href":"https:\/\/hallein-evangelisch.at\/wp\/index.php?rest_route=\/wp\/v2\/posts"}],"about":[{"href":"https:\/\/hallein-evangelisch.at\/wp\/index.php?rest_route=\/wp\/v2\/types\/post"}],"author":[{"embeddable":true,"href":"https:\/\/hallein-evangelisch.at\/wp\/index.php?rest_route=\/wp\/v2\/users\/7"}],"replies":[{"embeddable":true,"href":"https:\/\/hallein-evangelisch.at\/wp\/index.php?rest_route=%2Fwp%2Fv2%2Fcomments&post=2066"}],"version-history":[{"count":9,"href":"https:\/\/hallein-evangelisch.at\/wp\/index.php?rest_route=\/wp\/v2\/posts\/2066\/revisions"}],"predecessor-version":[{"id":2087,"href":"https:\/\/hallein-evangelisch.at\/wp\/index.php?rest_route=\/wp\/v2\/posts\/2066\/revisions\/2087"}],"wp:featuredmedia":[{"embeddable":true,"href":"https:\/\/hallein-evangelisch.at\/wp\/index.php?rest_route=\/wp\/v2\/media\/2077"}],"wp:attachment":[{"href":"https:\/\/hallein-evangelisch.at\/wp\/index.php?rest_route=%2Fwp%2Fv2%2Fmedia&parent=2066"}],"wp:term":[{"taxonomy":"category","embeddable":true,"href":"https:\/\/hallein-evangelisch.at\/wp\/index.php?rest_route=%2Fwp%2Fv2%2Fcategories&post=2066"},{"taxonomy":"post_tag","embeddable":true,"href":"https:\/\/hallein-evangelisch.at\/wp\/index.php?rest_route=%2Fwp%2Fv2%2Ftags&post=2066"}],"curies":[{"name":"wp","href":"https:\/\/api.w.org\/{rel}","templated":true}]}}