{"id":2198,"date":"2017-06-25T15:29:47","date_gmt":"2017-06-25T15:29:47","guid":{"rendered":"http:\/\/hallein-evangelisch.at\/wp\/?p=2198"},"modified":"2017-06-25T15:32:40","modified_gmt":"2017-06-25T15:32:40","slug":"solidaritaet-macht-und-einfluss","status":"publish","type":"post","link":"https:\/\/hallein-evangelisch.at\/wp\/?p=2198","title":{"rendered":"Solidarit\u00e4t &#8211; Macht und Einfluss"},"content":{"rendered":"<p>[2017-06-25]<\/p>\n<p><a href=\"http:\/\/hallein-evangelisch.at\/wp\/?attachment_id=2200\" rel=\"attachment wp-att-2200\"><img loading=\"lazy\" decoding=\"async\" class=\"size-medium wp-image-2200 alignnone\" src=\"http:\/\/hallein-evangelisch.at\/wp\/wp-content\/uploads\/2017\/06\/Solidarit\u00e4t_1498404483-600x413.png\" alt=\"Bild: pixabay.com\" width=\"600\" height=\"413\" srcset=\"https:\/\/hallein-evangelisch.at\/wp\/wp-content\/uploads\/2017\/06\/Solidarit\u00e4t_1498404483-600x413.png 600w, https:\/\/hallein-evangelisch.at\/wp\/wp-content\/uploads\/2017\/06\/Solidarit\u00e4t_1498404483.png 640w\" sizes=\"auto, (max-width: 600px) 100vw, 600px\" \/><\/a><\/p>\n<p>In der Umbruch-Zeit, in der wir gerade leben, ist immer \u00f6fter der Grundsatz: \u201eIch\/wir zuerst!\u201c zu h\u00f6ren, was erst einmal v\u00f6llig verst\u00e4ndlich und in Ordnung ist. Jedoch nur bis zur Grenze des N\u00e4chsten. Die Freiheit des Einzelnen oder einer Gruppe h\u00f6rt dort auf, wo es den anderen sch\u00e4digt.<\/p>\n<p>Es ist oft schwer in unserer komplexen und globalen Welt, die Tragweite des eigenen Handelns abzusch\u00e4tzen. Wenn Macht und Einfluss mit Verantwortungsbewusstsein, Demut und Bescheidenheit gepaart sind, ist mir nicht bange. Die Gr\u00f6\u00dfe und Solidarit\u00e4t eines Menschen zeigt sich f\u00fcr mich, wenn man trotz der M\u00f6glichkeiten die Macht auszu\u00fcben, sich zum Wohl des\/der anderen zur\u00fccknimmt oder sie zum Vorteil des\/der anderen einsetzt. Dabei sehe ich keinen Unterschied, ob es \u201enur\u201c um kleinere Entscheidungen des Alltags geht, oder ob ich eine Weltmacht leite&#8230;<\/p>\n<p>Ich bin \u00fcberzeugt, es macht was mit uns, wenn wir h\u00e4ufig Erfahrungen von R\u00fccksichtslosigkeit, Intoleranz und Gleichg\u00fcltigkeit machen und keine Solidarit\u00e4t erfahren, ohne dagegenzuhalten. Ungerechtigkeit vergeht nicht durch negieren, stillhalten, mutlos sein. Das Dagegenhalten bedeutet Anstrengung, Unbequemlichkeit, Rechtfertigung und oft auch Konfrontation. Mir pers\u00f6nlich f\u00e4llt das oft schwer und oft schlie\u00dfe ich Augen und Ohren. Einer zeigte mir\/uns, wie ich\/wir dem begegnen sollte\/n. Er hat mehr als alle Macht der Welt und setzt sie f\u00fcr unser Wohl ein. Er solidarisiert sich mit den Schwachen, Armen, Verfolgten, Kranken, Alten, Wehrlosen, nicht-der Norm-Entsprechenden. Jesus sucht bei diesen Gruppen keine Schuld, nur um der Rechtfertigung willen, nicht helfen zu m\u00fcssen, nicht verstehen zu m\u00fcssen oder nicht tolerant zu sein.<\/p>\n<p>Ich denke, einige werden jetzt sagen, ich sei unrealistisch. Ja, richtig! Aber, um es pathetisch zu sagen: \u201eMe too, I have a dream&#8230;\u201c Ich tr\u00e4ume von einer besseren Welt. Und dass diese Welt\/Zeit alle Chancen hat, besser zu werden, ist Realit\u00e4t, weil vieles darin nicht so gut ist! Nun, ich wei\u00df, die Welt dreht sich \u2013 mit mir und ohne mich. Ich meine die kleinen Dinge des Alltags: Muss ich der Erste sein, der den Zug betritt, noch bevor die anderen ausgestiegen sind? Muss ich noch schnell vor jemandem an der Kasse sein, obwohl es die Zeit erlauben w\u00fcrde? Warum b\u00fccke ich mich nicht, wenn jemandem etwas runtergefallen ist? Warum\u00a0widerspreche ich nicht, wenn ich wei\u00df, dass jemand Unrecht getan wird? Gr\u00fc\u00dfe ich diesen grimmigen Fremden? H\u00f6re ich meinem Gegen\u00fcber aufmerksam zu? Gehe ich zu Demonstrationen? Ich denke&#8230; ich werde die alte Dame das n\u00e4chste Mal fragen, ob ich ihr die Tasche tragen soll und ich unterschreibe eine Petition!<\/p>\n<p>Sylvia Wallinger<\/p>\n","protected":false},"excerpt":{"rendered":"<div class=\"mh-excerpt\"><p>[2017-06-25] In der Umbruch-Zeit, in der wir gerade leben, ist immer \u00f6fter der Grundsatz: \u201eIch\/wir zuerst!\u201c zu h\u00f6ren, was erst einmal v\u00f6llig verst\u00e4ndlich und in Ordnung ist. Jedoch nur bis zur Grenze des N\u00e4chsten. Die <a class=\"mh-excerpt-more\" href=\"https:\/\/hallein-evangelisch.at\/wp\/?p=2198\" title=\"Solidarit\u00e4t &#8211; Macht und Einfluss\">[&#8230;]<\/a><\/p>\n<\/div>","protected":false},"author":8,"featured_media":2274,"comment_status":"closed","ping_status":"open","sticky":false,"template":"","format":"standard","meta":{"footnotes":""},"categories":[4],"tags":[],"class_list":{"0":"post-2198","1":"post","2":"type-post","3":"status-publish","4":"format-standard","5":"has-post-thumbnail","7":"category-gedanken"},"_links":{"self":[{"href":"https:\/\/hallein-evangelisch.at\/wp\/index.php?rest_route=\/wp\/v2\/posts\/2198","targetHints":{"allow":["GET"]}}],"collection":[{"href":"https:\/\/hallein-evangelisch.at\/wp\/index.php?rest_route=\/wp\/v2\/posts"}],"about":[{"href":"https:\/\/hallein-evangelisch.at\/wp\/index.php?rest_route=\/wp\/v2\/types\/post"}],"author":[{"embeddable":true,"href":"https:\/\/hallein-evangelisch.at\/wp\/index.php?rest_route=\/wp\/v2\/users\/8"}],"replies":[{"embeddable":true,"href":"https:\/\/hallein-evangelisch.at\/wp\/index.php?rest_route=%2Fwp%2Fv2%2Fcomments&post=2198"}],"version-history":[{"count":3,"href":"https:\/\/hallein-evangelisch.at\/wp\/index.php?rest_route=\/wp\/v2\/posts\/2198\/revisions"}],"predecessor-version":[{"id":2202,"href":"https:\/\/hallein-evangelisch.at\/wp\/index.php?rest_route=\/wp\/v2\/posts\/2198\/revisions\/2202"}],"wp:featuredmedia":[{"embeddable":true,"href":"https:\/\/hallein-evangelisch.at\/wp\/index.php?rest_route=\/wp\/v2\/media\/2274"}],"wp:attachment":[{"href":"https:\/\/hallein-evangelisch.at\/wp\/index.php?rest_route=%2Fwp%2Fv2%2Fmedia&parent=2198"}],"wp:term":[{"taxonomy":"category","embeddable":true,"href":"https:\/\/hallein-evangelisch.at\/wp\/index.php?rest_route=%2Fwp%2Fv2%2Fcategories&post=2198"},{"taxonomy":"post_tag","embeddable":true,"href":"https:\/\/hallein-evangelisch.at\/wp\/index.php?rest_route=%2Fwp%2Fv2%2Ftags&post=2198"}],"curies":[{"name":"wp","href":"https:\/\/api.w.org\/{rel}","templated":true}]}}