{"id":3069,"date":"2017-10-14T08:42:39","date_gmt":"2017-10-14T08:42:39","guid":{"rendered":"http:\/\/hallein-evangelisch.at\/wp\/?p=3069"},"modified":"2017-11-28T11:52:46","modified_gmt":"2017-11-28T11:52:46","slug":"kindersammlung-2017","status":"publish","type":"post","link":"https:\/\/hallein-evangelisch.at\/wp\/?p=3069","title":{"rendered":"Kindersammlung 2017"},"content":{"rendered":"<p>[2017-10-14]<\/p>\n<p>Ganz herzlich bedanken wir uns bei allen, die im vergangenen Jahr etwas zur Gustav-Adolf-Sammlung beigetragen haben! Auch heuer bitten wir Sie wieder herzlich, die Arbeit des Gustav-Adolf-Vereines zu unterst\u00fctzen.<\/p>\n<p>Wir bitten Sie bei Ihrer Bankfiliale oder per online-Banking Ihre Spende direkt auf das Konto der Evang. Pfarrgemeinde Hallein, Vermerk \u201eGAV-Sammlung\u201c einzuzahlen: IBAN AT062040406009019290, BIC SBGSAT2S<\/p>\n<h2>Unterst\u00fctzung f\u00fcr Pfarrhaus in Zell am See<\/h2>\n<p>Ein Teil des Geldes ist f\u00fcr den Gustav-Adolf-Verein bestimmt, der damit kleinere und gr\u00f6\u00dfere Projekte in Gemeinden in Salzburg und Tirol unterst\u00fctzt, heuer vor allem die Renovierung des Pfarrhauses in Zell am See. Kurator Christiaan van den Berge sagt dazu: \u201eUnser langj\u00e4hriger Pfarrer, Mag. Andreas Domby, geht im September 2017 in den Ruhestand. Die Pfarrgemeinde m\u00f6chte sich auf den Pfarrerwechsel vorbereiten. Wir tun das auch, indem wir das Pfarrhaus sanieren und n\u00f6tige Reparaturarbeiten durchf\u00fchren. So muss das Badezimmer saniert, das ganze Pfarrhaus ausgemalt und die Garage erweitert werden. Wir m\u00f6chten dem\/der neuen Pfarrer\/ Pfarrerin ad\u00e4quate Wohn- und Arbeitsbedingungen schaffen und auch die Gemeinder\u00e4umlichkeiten auffrischen. Die Kosten f\u00fcr die Sanierung betragen etwa 42.000 \u20ac. Auch wenn wir damit gerechnet haben, k\u00f6nnen wir sie nicht alleine stemmen. Wir bauen auf die Solidarit\u00e4t aller Evangelischen in Salzburg und Tirol, die uns mit ihrer Spende an den Gustav-Adolf-Verein unterst\u00fctzen.\u201c <br \/><a href=\"http:\/\/hallein-evangelisch.at\/wp\/?attachment_id=3074\" rel=\"attachment wp-att-3074\"><img loading=\"lazy\" decoding=\"async\" class=\"size-full wp-image-3074 alignnone\" src=\"http:\/\/hallein-evangelisch.at\/wp\/wp-content\/uploads\/2017\/10\/mitterbach_01.jpg\" alt=\"\" width=\"512\" height=\"476\" \/><\/a><\/p>\n<h2>Umfassende Renovierung in Mitterbach<\/h2>\n<p>Der Hauptteil des Geldes kommt heuer der Evang. Pfarrgemeinde Mitterbach zugute. Die Pfarrgemeinde A. B. Mitterbach ist die erste Pfarrgemeinde in Nieder\u00f6sterreich, die nach dem Toleranzpatent Kaiser Josefs II. gegr\u00fcndet wurde. Die Kirche wurde 1785 &#8211; damals noch als Bethaus &#8211; eingeweiht. Sie ist die \u00e4lteste evangelische Kirche in Nieder\u00f6sterreich. Die Pfarrgemeinde erstreckt sich von Annaberg bis zum Seeberg und von Ulreichsberg bis Lackenhof sowie nach Wildalpen. Heute sind in unserer Gegend rund 20 Prozent der Bev\u00f6lkerung evangelisch. Seit Jahren sind Reparaturen und Instandhaltungsma\u00dfnahmen in der Kirche n\u00f6tig geworden. Auch wenn vieles vor allem durch ehrenamtliche Hilfe wieder instand gesetzt werden konnte, fehlten f\u00fcr eine \u201eumfassende Renovierung\u201c immer die finanziellen Mittel. Aufgrund der Notwendigkeit vieler Renovierungsarbeiten sowie der positiven Resonanz unserer Ausstellung \u201eGLAUBENsREICH\u201c in Mitterbach und des allgemeinen Zuspruches hatten wir uns daf\u00fcr entschieden, den Kircheninnenraum zur G\u00e4nze zu renovieren und den Bethausstil auch im Inneren wieder klarer erkennbar werden zu lassen. Die Gesamtkosten betragen 500.000 Euro. 80 Prozent davon sind n\u00f6tige Instandhaltungsma\u00dfnahmen. Wir d\u00fcrfen dankbar sein, dass wir mit dem Land Nieder\u00f6sterreich einen gro\u00dfen Bef\u00fcrworter und Unterst\u00fctzer dieses Projektes gefunden haben. Aufgrund der gro.z\u00fcgigen Unterst\u00fctzung des Landes, des Bundesdenkmalamtes und der Gemeinden ist uns es nun m\u00f6glich gewesen, eine umfassende Renovierung durchzuf\u00fchren. 50 Prozent der Kosten m\u00fcssen wir dennoch selber aufbringen. Das geht nicht ohne Ihre finanzielle Hilfe, und wir bitten Sie daher herzlich um Ihre Spende. Bitte helfen Sie mit, das Erbe unserer Vorfahren mit dem Erhalt der einzigen Toleranzkirche Nieder\u00f6sterreichs zu bewahren! <a href=\"http:\/\/hallein-evangelisch.at\/wp\/?attachment_id=3073\" rel=\"attachment wp-att-3073\"><img loading=\"lazy\" decoding=\"async\" class=\"size-medium wp-image-3073 alignnone\" src=\"http:\/\/hallein-evangelisch.at\/wp\/wp-content\/uploads\/2017\/10\/mitterbach_02-600x400.jpg\" alt=\"\" width=\"600\" height=\"400\" srcset=\"https:\/\/hallein-evangelisch.at\/wp\/wp-content\/uploads\/2017\/10\/mitterbach_02-600x400.jpg 600w, https:\/\/hallein-evangelisch.at\/wp\/wp-content\/uploads\/2017\/10\/mitterbach_02.jpg 713w\" sizes=\"auto, (max-width: 600px) 100vw, 600px\" \/><\/a><br \/>Wer sich \u00fcber den Ablauf der Renovierungsarbeiten im Detail informieren m\u00f6chte oder Impressionen vom Gustav-Adolf-Fest 2017 in Mitterbach bestaunen m\u00f6chte, kann dies im Internet auf folgenden Adressen tun: <br \/><a href=\"https:\/\/emporemitterbach.wordpress.com\/\">emporemitterbach<\/a> <br \/><a href=\"http:\/\/evangmitterbach.heimat.eu\/\">evangmitterbach.heimat.eu<\/a> <\/p>\n<p>Pfarrerin Dr. Birgit Lusche <br \/>Kuratorin Beate Namesnig<\/p>\n","protected":false},"excerpt":{"rendered":"<div class=\"mh-excerpt\"><p>[2017-10-14] Ganz herzlich bedanken wir uns bei allen, die im vergangenen Jahr etwas zur Gustav-Adolf-Sammlung beigetragen haben! Auch heuer bitten wir Sie wieder herzlich, die Arbeit des Gustav-Adolf-Vereines zu unterst\u00fctzen. Wir bitten Sie bei Ihrer <a class=\"mh-excerpt-more\" href=\"https:\/\/hallein-evangelisch.at\/wp\/?p=3069\" title=\"Kindersammlung 2017\">[&#8230;]<\/a><\/p>\n<\/div>","protected":false},"author":8,"featured_media":3074,"comment_status":"closed","ping_status":"open","sticky":false,"template":"","format":"standard","meta":{"footnotes":""},"categories":[1],"tags":[],"class_list":{"0":"post-3069","1":"post","2":"type-post","3":"status-publish","4":"format-standard","5":"has-post-thumbnail","7":"category-allgemein"},"_links":{"self":[{"href":"https:\/\/hallein-evangelisch.at\/wp\/index.php?rest_route=\/wp\/v2\/posts\/3069","targetHints":{"allow":["GET"]}}],"collection":[{"href":"https:\/\/hallein-evangelisch.at\/wp\/index.php?rest_route=\/wp\/v2\/posts"}],"about":[{"href":"https:\/\/hallein-evangelisch.at\/wp\/index.php?rest_route=\/wp\/v2\/types\/post"}],"author":[{"embeddable":true,"href":"https:\/\/hallein-evangelisch.at\/wp\/index.php?rest_route=\/wp\/v2\/users\/8"}],"replies":[{"embeddable":true,"href":"https:\/\/hallein-evangelisch.at\/wp\/index.php?rest_route=%2Fwp%2Fv2%2Fcomments&post=3069"}],"version-history":[{"count":12,"href":"https:\/\/hallein-evangelisch.at\/wp\/index.php?rest_route=\/wp\/v2\/posts\/3069\/revisions"}],"predecessor-version":[{"id":3218,"href":"https:\/\/hallein-evangelisch.at\/wp\/index.php?rest_route=\/wp\/v2\/posts\/3069\/revisions\/3218"}],"wp:featuredmedia":[{"embeddable":true,"href":"https:\/\/hallein-evangelisch.at\/wp\/index.php?rest_route=\/wp\/v2\/media\/3074"}],"wp:attachment":[{"href":"https:\/\/hallein-evangelisch.at\/wp\/index.php?rest_route=%2Fwp%2Fv2%2Fmedia&parent=3069"}],"wp:term":[{"taxonomy":"category","embeddable":true,"href":"https:\/\/hallein-evangelisch.at\/wp\/index.php?rest_route=%2Fwp%2Fv2%2Fcategories&post=3069"},{"taxonomy":"post_tag","embeddable":true,"href":"https:\/\/hallein-evangelisch.at\/wp\/index.php?rest_route=%2Fwp%2Fv2%2Ftags&post=3069"}],"curies":[{"name":"wp","href":"https:\/\/api.w.org\/{rel}","templated":true}]}}