{"id":3099,"date":"2017-10-20T13:14:44","date_gmt":"2017-10-20T13:14:44","guid":{"rendered":"http:\/\/hallein-evangelisch.at\/wp\/?p=3099"},"modified":"2017-11-28T11:52:27","modified_gmt":"2017-11-28T11:52:27","slug":"kindermusical","status":"publish","type":"post","link":"https:\/\/hallein-evangelisch.at\/wp\/?p=3099","title":{"rendered":"Kindermusical 18112017"},"content":{"rendered":"<p>[2017-10-20]<\/p>\n<p><a href=\"http:\/\/hallein-evangelisch.at\/wp\/?attachment_id=3101\" rel=\"attachment wp-att-3101\"><img loading=\"lazy\" decoding=\"async\" class=\"alignleft size-medium wp-image-3101\" src=\"http:\/\/hallein-evangelisch.at\/wp\/wp-content\/uploads\/2017\/10\/kindermusical-600x450.jpg\" alt=\"\" width=\"600\" height=\"450\" srcset=\"https:\/\/hallein-evangelisch.at\/wp\/wp-content\/uploads\/2017\/10\/kindermusical-600x450.jpg 600w, https:\/\/hallein-evangelisch.at\/wp\/wp-content\/uploads\/2017\/10\/kindermusical-678x509.jpg 678w, https:\/\/hallein-evangelisch.at\/wp\/wp-content\/uploads\/2017\/10\/kindermusical-326x245.jpg 326w, https:\/\/hallein-evangelisch.at\/wp\/wp-content\/uploads\/2017\/10\/kindermusical-80x60.jpg 80w, https:\/\/hallein-evangelisch.at\/wp\/wp-content\/uploads\/2017\/10\/kindermusical-1024x768.jpg 1024w, https:\/\/hallein-evangelisch.at\/wp\/wp-content\/uploads\/2017\/10\/kindermusical.jpg 1280w\" sizes=\"auto, (max-width: 600px) 100vw, 600px\" \/><\/a>Am <strong>Samstag den 18. November um 16.00 Uhr<\/strong> findet in der evangelischen Halleiner Schaitbergerkirche anl\u00e4sslich des 500-Jahres Jubil\u00e4ums der Reformation die Auff\u00fchrung eines Kindermusicals mit dem Titel \u201eWenn einer fragt\u201c statt.<\/p>\n<p>Unter fachkundiger Anleitung des Di\u00f6zesankantors Gordon Safari und der Regisseurin Silke Stein haben die Kinder der kleinen Cantorey mit Mitgliedern u. a. aus Hallein, Vigaun und Oberalm ein Musical \u00fcber das Leben und Wirken Martin Luthers einstudiert.<\/p>\n<p>Heraus gekommen ist eine sehr qualit\u00e4tsvolle Umsetzung des Singspiels von Uli F\u00fchre und Hellmuth Wolff mit einer Auff\u00fchrungsdauer von rund 35 Minuten. Zu dieser Vorf\u00fchrung ist jedermann herzlich eingeladen &#8211; die jungen Darsteller freuen sich \u00fcber eine m\u00f6glichst volle Kirche!<\/p>\n<p>Der Eintritt ist frei &#8211; Spenden sind willkommen. \u00a0\u00a0<\/p>\n","protected":false},"excerpt":{"rendered":"<div class=\"mh-excerpt\"><p>[2017-10-20] Am Samstag den 18. November um 16.00 Uhr findet in der evangelischen Halleiner Schaitbergerkirche anl\u00e4sslich des 500-Jahres Jubil\u00e4ums der Reformation die Auff\u00fchrung eines Kindermusicals mit dem Titel \u201eWenn einer fragt\u201c statt. Unter fachkundiger Anleitung <a class=\"mh-excerpt-more\" href=\"https:\/\/hallein-evangelisch.at\/wp\/?p=3099\" title=\"Kindermusical 18112017\">[&#8230;]<\/a><\/p>\n<\/div>","protected":false},"author":8,"featured_media":3101,"comment_status":"closed","ping_status":"open","sticky":false,"template":"","format":"standard","meta":{"footnotes":""},"categories":[1],"tags":[],"class_list":{"0":"post-3099","1":"post","2":"type-post","3":"status-publish","4":"format-standard","5":"has-post-thumbnail","7":"category-allgemein"},"_links":{"self":[{"href":"https:\/\/hallein-evangelisch.at\/wp\/index.php?rest_route=\/wp\/v2\/posts\/3099","targetHints":{"allow":["GET"]}}],"collection":[{"href":"https:\/\/hallein-evangelisch.at\/wp\/index.php?rest_route=\/wp\/v2\/posts"}],"about":[{"href":"https:\/\/hallein-evangelisch.at\/wp\/index.php?rest_route=\/wp\/v2\/types\/post"}],"author":[{"embeddable":true,"href":"https:\/\/hallein-evangelisch.at\/wp\/index.php?rest_route=\/wp\/v2\/users\/8"}],"replies":[{"embeddable":true,"href":"https:\/\/hallein-evangelisch.at\/wp\/index.php?rest_route=%2Fwp%2Fv2%2Fcomments&post=3099"}],"version-history":[{"count":4,"href":"https:\/\/hallein-evangelisch.at\/wp\/index.php?rest_route=\/wp\/v2\/posts\/3099\/revisions"}],"predecessor-version":[{"id":3217,"href":"https:\/\/hallein-evangelisch.at\/wp\/index.php?rest_route=\/wp\/v2\/posts\/3099\/revisions\/3217"}],"wp:featuredmedia":[{"embeddable":true,"href":"https:\/\/hallein-evangelisch.at\/wp\/index.php?rest_route=\/wp\/v2\/media\/3101"}],"wp:attachment":[{"href":"https:\/\/hallein-evangelisch.at\/wp\/index.php?rest_route=%2Fwp%2Fv2%2Fmedia&parent=3099"}],"wp:term":[{"taxonomy":"category","embeddable":true,"href":"https:\/\/hallein-evangelisch.at\/wp\/index.php?rest_route=%2Fwp%2Fv2%2Fcategories&post=3099"},{"taxonomy":"post_tag","embeddable":true,"href":"https:\/\/hallein-evangelisch.at\/wp\/index.php?rest_route=%2Fwp%2Fv2%2Ftags&post=3099"}],"curies":[{"name":"wp","href":"https:\/\/api.w.org\/{rel}","templated":true}]}}