{"id":3115,"date":"2017-10-25T09:32:28","date_gmt":"2017-10-25T09:32:28","guid":{"rendered":"http:\/\/hallein-evangelisch.at\/wp\/?p=3115"},"modified":"2017-11-28T11:52:10","modified_gmt":"2017-11-28T11:52:10","slug":"kantatengottesdienst-29-10-2017","status":"publish","type":"post","link":"https:\/\/hallein-evangelisch.at\/wp\/?p=3115","title":{"rendered":"Kantatengottesdienst 29102017"},"content":{"rendered":"<p>[2017-10-25]<\/p>\n<p><strong>Kantatengottesdienst am\u00a0Sonntag, 29. Oktober 2017, 9.30 Uhr<br \/>Evang. Kirche Hallein &#8211;\u00a0\u201eNun freut euch, lieben Christen g\u00b4mein\u201c<\/strong><\/p>\n<p><a href=\"http:\/\/hallein-evangelisch.at\/wp\/?attachment_id=3120\" rel=\"attachment wp-att-3120\"><img loading=\"lazy\" decoding=\"async\" class=\"size-full wp-image-3120 alignnone\" src=\"http:\/\/hallein-evangelisch.at\/wp\/wp-content\/uploads\/2017\/10\/cantorey.jpg\" alt=\"\" width=\"580\" height=\"353\" \/><\/a><\/p>\n<p>Die Gottesdienstreihe, in der jeweils ein Lied Martin Luthers im Zentrum steht, kommt noch einmal nach Hallein. Am Sonntag vor dem Reformationsfest lassen wir uns von einem der bedeutendsten Lieder des Reformators ansprechen. Luther hat sowohl Text als auch Melodie dieses Liedes geschaffen. Es beschreibt die Befreiung des Menschen durch das Evangelium, indem existentielle Erfahrung und biblische Botschaft so miteinander verkn\u00fcpft werden, dass wir verstehen: Gerade ich bin gemeint, wenn uns verk\u00fcndet wird, dass Jesus Christus die Welt erl\u00f6st hat.<\/p>\n<p>\u201eNun freut euch, lieben Christen g\u2019mein\u201c ist bereits 1523 als Einzelblatt erschienen und seither aus keinem evangelischen Gesangbuch wegzudenken. Es hat so sehr die Herzen der Menschen erreicht, dass es nicht nur in der Kirche, sondern auf den Stra\u00dfen und in den Werkst\u00e4tten, auf den Feldern und M\u00e4rkten gesungen wurde. Wie kaum ein anderes hat es dazu beigetragen, dass Menschen von der Begeisterung f\u00fcr die Reformation erfasst wurden.<\/p>\n<p>Im Gottesdienst am 29. Oktober kommt die Choralkantate von <strong>Eberhard Wenzel <\/strong>(1896 \u2013 1982) zur Auff\u00fchrung, die f\u00fcr die Landeskirchenmusiktage in Brandenburg 1956 geschrieben wurde und alle Strophen des Liedes aufgreift. Dass uns die Botschaft dieses Liedes gemeinsam gilt, kommt besonders dadurch zum Ausdruck, dass sie im Wechsel zwischen Chor und Gemeinde musiziert wird. Zwei Trompeten, Posaune und Orgel unterstreichen den festlichen Charakter des Werkes.<\/p>\n<ul>\n<li>Christian Simeth &#8211; Trompete<\/li>\n<li>Veronika Gruchmann &#8211; Trompete<\/li>\n<li>Harald Rehrl &#8211; Posaune<\/li>\n<li>Prof. Dr. Heribert Metzger &#8211; Orgel<\/li>\n<li>Chor der Evangelischen Kirche Hallein<\/li>\n<li>Cantorey Salzburg<\/li>\n<li>Leitung: Gordon Safari und Peter Pr\u00f6glh\u00f6f<\/li>\n<li>Liturgie und Predigt: Pfarrer Dr. Peter Gabriel<\/li>\n<\/ul>\n<p>Wir freuen uns, dass mit diesem Gottesdienst die Zusammenarbeit zwischen der Cantorey Salzburg und dem Chor der Evangelischen Kirche Hallein fortgesetzt wird und durch die Mitwirkung von Domorganist Prof. Dr. Heribert Metzger diese Auff\u00fchrung eine besondere \u00f6kumenische Note bekommt.<\/p>\n<p>Ich freue mich auf Ihr Kommen!<\/p>\n<p>Peter Pr\u00f6glh\u00f6f<\/p>\n","protected":false},"excerpt":{"rendered":"<div class=\"mh-excerpt\"><p>[2017-10-25] Kantatengottesdienst am\u00a0Sonntag, 29. Oktober 2017, 9.30 UhrEvang. Kirche Hallein &#8211;\u00a0\u201eNun freut euch, lieben Christen g\u00b4mein\u201c Die Gottesdienstreihe, in der jeweils ein Lied Martin Luthers im Zentrum steht, kommt noch einmal nach Hallein. Am Sonntag <a class=\"mh-excerpt-more\" href=\"https:\/\/hallein-evangelisch.at\/wp\/?p=3115\" title=\"Kantatengottesdienst 29102017\">[&#8230;]<\/a><\/p>\n<\/div>","protected":false},"author":8,"featured_media":3120,"comment_status":"closed","ping_status":"open","sticky":false,"template":"","format":"standard","meta":{"footnotes":""},"categories":[1],"tags":[],"class_list":{"0":"post-3115","1":"post","2":"type-post","3":"status-publish","4":"format-standard","5":"has-post-thumbnail","7":"category-allgemein"},"_links":{"self":[{"href":"https:\/\/hallein-evangelisch.at\/wp\/index.php?rest_route=\/wp\/v2\/posts\/3115","targetHints":{"allow":["GET"]}}],"collection":[{"href":"https:\/\/hallein-evangelisch.at\/wp\/index.php?rest_route=\/wp\/v2\/posts"}],"about":[{"href":"https:\/\/hallein-evangelisch.at\/wp\/index.php?rest_route=\/wp\/v2\/types\/post"}],"author":[{"embeddable":true,"href":"https:\/\/hallein-evangelisch.at\/wp\/index.php?rest_route=\/wp\/v2\/users\/8"}],"replies":[{"embeddable":true,"href":"https:\/\/hallein-evangelisch.at\/wp\/index.php?rest_route=%2Fwp%2Fv2%2Fcomments&post=3115"}],"version-history":[{"count":8,"href":"https:\/\/hallein-evangelisch.at\/wp\/index.php?rest_route=\/wp\/v2\/posts\/3115\/revisions"}],"predecessor-version":[{"id":3216,"href":"https:\/\/hallein-evangelisch.at\/wp\/index.php?rest_route=\/wp\/v2\/posts\/3115\/revisions\/3216"}],"wp:featuredmedia":[{"embeddable":true,"href":"https:\/\/hallein-evangelisch.at\/wp\/index.php?rest_route=\/wp\/v2\/media\/3120"}],"wp:attachment":[{"href":"https:\/\/hallein-evangelisch.at\/wp\/index.php?rest_route=%2Fwp%2Fv2%2Fmedia&parent=3115"}],"wp:term":[{"taxonomy":"category","embeddable":true,"href":"https:\/\/hallein-evangelisch.at\/wp\/index.php?rest_route=%2Fwp%2Fv2%2Fcategories&post=3115"},{"taxonomy":"post_tag","embeddable":true,"href":"https:\/\/hallein-evangelisch.at\/wp\/index.php?rest_route=%2Fwp%2Fv2%2Ftags&post=3115"}],"curies":[{"name":"wp","href":"https:\/\/api.w.org\/{rel}","templated":true}]}}