{"id":3148,"date":"2017-11-16T14:08:25","date_gmt":"2017-11-16T14:08:25","guid":{"rendered":"http:\/\/hallein-evangelisch.at\/wp\/?p=3148"},"modified":"2017-11-28T11:51:35","modified_gmt":"2017-11-28T11:51:35","slug":"offenes-singen-zum-advent","status":"publish","type":"post","link":"https:\/\/hallein-evangelisch.at\/wp\/?p=3148","title":{"rendered":"Offenes Singen zum Advent"},"content":{"rendered":"<p>[2017-11-16]<\/p>\n<h3>\u00a0\u201eSeht da die Hirten, wie eilig sie sind!<br \/>aus: \u201eHeiligste Nacht\u201c &#8211; F. X. Gruber<\/h3>\n<p>\u00a015. Offenes Singen zum Advent<br \/>1.Adventsamstag, 2. Dez. 2017, 19.30 Uhr, Evangelische Kirche Hallein<br \/>Unterst\u00fctzt vom Stille Nacht Museum Hallein<\/p>\n<p><a href=\"http:\/\/hallein-evangelisch.at\/wp\/?attachment_id=3149\" rel=\"attachment wp-att-3149\"><img loading=\"lazy\" decoding=\"async\" class=\"size-medium wp-image-3149 alignnone\" src=\"http:\/\/hallein-evangelisch.at\/wp\/wp-content\/uploads\/2017\/11\/guttmanns-600x398.jpg\" alt=\"\" width=\"600\" height=\"398\" srcset=\"https:\/\/hallein-evangelisch.at\/wp\/wp-content\/uploads\/2017\/11\/guttmanns-600x398.jpg 600w, https:\/\/hallein-evangelisch.at\/wp\/wp-content\/uploads\/2017\/11\/guttmanns.jpg 821w\" sizes=\"auto, (max-width: 600px) 100vw, 600px\" \/><\/a><br \/>In keiner Zeit des Jahres empfindet man so stark die Lust und das Bed\u00fcrfnis zu\u00a0\u00a0singen, wie in der Zeit um Weihnachten.<\/p>\n<p>Eine \u00e4u\u00dferst beliebte Halleiner Advent-Veranstaltung findet daher auch heuer\u00a0\u00a0seine Fortsetzung. Bereits zum 15.Mal laden Wolfgang Guttmann und seine Frau\u00a0Gabriele zu einem gemeinsamen Singen in die Evangelische Kirche Hallein ein und\u00a0spannen einen bunten Bogen von vertrauten Volksweisen bis zu internationalem,\u00a0weihnachtlichem Liedgut.<\/p>\n<p>Die unterschiedlichen Vorkenntnisse unserer S\u00e4ngerschar sind uns bewusst und\u00a0wir freuen uns auf diese Herausforderung. In einer angenehmen Atmosph\u00e4re\u00a0ohne Druck zur Perfektion wird es sicherlich auch heuer wieder gelingen, alle\u00a0S\u00e4ngerinnen und S\u00e4nger zu einer fr\u00f6hlichen Chorgemeinschaft zu formen.<\/p>\n<p>Der 230. Geburtstag von Franz Xaver Gruber am 25. November\u00a02017 und das 200-j\u00e4hrige Jubil\u00e4um von \u201eStille Nacht! Heilige Nacht!\u201c\u00a02018 sind Anlass f\u00fcr einen Programmschwerpunkt rund um den\u00a0Komponisten des Weihnachtsliedes. Die Stadt Hallein feiert dies\u00a0mit der Wieder\u00f6ffnung des Stille Nacht Museum Hallein und der\u00a0Neugestaltung des Stille Nacht Bezirkes im Advent 2017. Unser\u00a0gemeinsames Singen legt daher ein besonderes Augenmerk auf das\u00a0Schaffen des langj\u00e4hrigen Halleiner Chorregenten und seine Zeit.<\/p>\n<p>Kommet zu Hauf und nehmt auch eure sangesfreudigen Freunde mit! <br \/>Der\u00a0Eintritt ist frei.<\/p>\n<p><iframe loading=\"lazy\" src=\"http:\/\/www.meisl.info\/baseportal\/evlog&amp;ziel=Offenes_Singen\" width=\"1\" height=\"1\" frameborder=\"0\" align=\"left\"><\/iframe><\/p>\n","protected":false},"excerpt":{"rendered":"<div class=\"mh-excerpt\"><p>[2017-11-16] \u00a0\u201eSeht da die Hirten, wie eilig sie sind!aus: \u201eHeiligste Nacht\u201c &#8211; F. X. Gruber \u00a015. Offenes Singen zum Advent1.Adventsamstag, 2. Dez. 2017, 19.30 Uhr, Evangelische Kirche HalleinUnterst\u00fctzt vom Stille Nacht Museum Hallein In keiner <a class=\"mh-excerpt-more\" href=\"https:\/\/hallein-evangelisch.at\/wp\/?p=3148\" title=\"Offenes Singen zum Advent\">[&#8230;]<\/a><\/p>\n<\/div>","protected":false},"author":8,"featured_media":3151,"comment_status":"closed","ping_status":"open","sticky":false,"template":"","format":"standard","meta":{"footnotes":""},"categories":[1],"tags":[],"class_list":{"0":"post-3148","1":"post","2":"type-post","3":"status-publish","4":"format-standard","5":"has-post-thumbnail","7":"category-allgemein"},"_links":{"self":[{"href":"https:\/\/hallein-evangelisch.at\/wp\/index.php?rest_route=\/wp\/v2\/posts\/3148","targetHints":{"allow":["GET"]}}],"collection":[{"href":"https:\/\/hallein-evangelisch.at\/wp\/index.php?rest_route=\/wp\/v2\/posts"}],"about":[{"href":"https:\/\/hallein-evangelisch.at\/wp\/index.php?rest_route=\/wp\/v2\/types\/post"}],"author":[{"embeddable":true,"href":"https:\/\/hallein-evangelisch.at\/wp\/index.php?rest_route=\/wp\/v2\/users\/8"}],"replies":[{"embeddable":true,"href":"https:\/\/hallein-evangelisch.at\/wp\/index.php?rest_route=%2Fwp%2Fv2%2Fcomments&post=3148"}],"version-history":[{"count":4,"href":"https:\/\/hallein-evangelisch.at\/wp\/index.php?rest_route=\/wp\/v2\/posts\/3148\/revisions"}],"predecessor-version":[{"id":3214,"href":"https:\/\/hallein-evangelisch.at\/wp\/index.php?rest_route=\/wp\/v2\/posts\/3148\/revisions\/3214"}],"wp:featuredmedia":[{"embeddable":true,"href":"https:\/\/hallein-evangelisch.at\/wp\/index.php?rest_route=\/wp\/v2\/media\/3151"}],"wp:attachment":[{"href":"https:\/\/hallein-evangelisch.at\/wp\/index.php?rest_route=%2Fwp%2Fv2%2Fmedia&parent=3148"}],"wp:term":[{"taxonomy":"category","embeddable":true,"href":"https:\/\/hallein-evangelisch.at\/wp\/index.php?rest_route=%2Fwp%2Fv2%2Fcategories&post=3148"},{"taxonomy":"post_tag","embeddable":true,"href":"https:\/\/hallein-evangelisch.at\/wp\/index.php?rest_route=%2Fwp%2Fv2%2Ftags&post=3148"}],"curies":[{"name":"wp","href":"https:\/\/api.w.org\/{rel}","templated":true}]}}