{"id":3660,"date":"2018-02-04T20:00:24","date_gmt":"2018-02-04T20:00:24","guid":{"rendered":"http:\/\/hallein-evangelisch.at\/wp\/?p=3660"},"modified":"2018-06-09T08:18:11","modified_gmt":"2018-06-09T08:18:11","slug":"13-03-2018-ich-bin-eingeladen","status":"publish","type":"post","link":"https:\/\/hallein-evangelisch.at\/wp\/?p=3660","title":{"rendered":"13032018 Ich bin eingeladen"},"content":{"rendered":"<p>[2018-02-04]<\/p>\n<p><img loading=\"lazy\" decoding=\"async\" class=\"alignleft size-medium wp-image-3553\" src=\"http:\/\/hallein-evangelisch.at\/wp\/wp-content\/uploads\/2017\/12\/FA_04-600x87.jpg\" alt=\"\" width=\"600\" height=\"87\" srcset=\"https:\/\/hallein-evangelisch.at\/wp\/wp-content\/uploads\/2017\/12\/FA_04-600x87.jpg 600w, https:\/\/hallein-evangelisch.at\/wp\/wp-content\/uploads\/2017\/12\/FA_04.jpg 949w\" sizes=\"auto, (max-width: 600px) 100vw, 600px\" \/><\/p>\n<p>Der Widerspruch springt ins Auge: Die Eucharistie ist (neben der Taufe) das zweite Sakrament, das die evangelische und die r\u00f6m. kath. Kirche gemeinsam haben. Das ist die eine Seite. Eucharistiefeiern, die von r\u00f6m. kath. und evang. Geistlichen gemeinsam geleitet werden, sind kirchenrechtlich immer noch nicht m\u00f6glich. Das ist die andere Seite.<\/p>\n<p>Und das ist ein \u00a0 Zustand, an dem Christ\/innen beider Konfessionen seit langem leiden und f\u00fcr den immer weniger Menschen Verst\u00e4ndnis haben.<\/p>\n<p>Ein Schritt in die Richtung, daran etwas zu ver\u00e4ndern, ist das bessere Kennenlernen der Feiern und ihrer Bedeutung. Wir werden erl\u00e4utern, welche biblischen Wurzeln die Feier des <em>Heiligen Abendmahls<\/em> (der traditionelle evang. Begriff) bzw. der <em>Eucharistie<\/em> (der traditionelle r\u00f6m. kat. Begriff) hat und welche Entwicklungen \u00fcber die Jahrhunderte ihr Verst\u00e4ndnis beeinflusst haben. Wir werden entdecken, wie viel Gemeinsames unsere Feiern verbindet und ob die Unterschiede nicht auch eine bereichernde Vielfalt darstellen k\u00f6nnten. Und wir werden einander fragen, was wir uns voneinander w\u00fcnschen, um auf dem Weg zur Abendmahlsgemeinschaft voran zu kommen.<\/p>\n<p>&nbsp;<\/p>\n<ul class=\"lcp_catlist\" id=\"lcp_instance_0\"><li><a href=\"https:\/\/hallein-evangelisch.at\/wp\/?p=18385\">Sonntagsgru\u00df zum 26. April 2026<\/a>  (24.04.2026)<\/li><li><a href=\"https:\/\/hallein-evangelisch.at\/wp\/?p=18407\">Unerschrocken<\/a>  (23.04.2026)<\/li><li><a href=\"https:\/\/hallein-evangelisch.at\/wp\/?p=18396\">Kippa, Kreuz und Kopftuch<\/a>  (23.04.2026)<\/li><li><a href=\"https:\/\/hallein-evangelisch.at\/wp\/?p=18374\">Junge S\u00e4nger*innen gesucht!<\/a>  (17.04.2026)<\/li><li><a href=\"https:\/\/hallein-evangelisch.at\/wp\/?p=18368\">Sonntagsgru\u00df zum 19. April 2026<\/a>  (17.04.2026)<\/li><li><a href=\"https:\/\/hallein-evangelisch.at\/wp\/?p=18357\">Sonntagsgru\u00df zum 12. April 2026<\/a>  (10.04.2026)<\/li><li><a href=\"https:\/\/hallein-evangelisch.at\/wp\/?p=18350\">19:19 im April 2026<\/a>  (08.04.2026)<\/li><li><a href=\"https:\/\/hallein-evangelisch.at\/wp\/?p=18199\">Der tanzende David<\/a>  (08.04.2026)<\/li><li><a href=\"https:\/\/hallein-evangelisch.at\/wp\/?p=18182\">Danke f\u00fcr den Kirchenbeitrag<\/a>  (07.04.2026)<\/li><li><a href=\"https:\/\/hallein-evangelisch.at\/wp\/?p=18158\">Ostern \u2013 ein Tanz setzt ein<\/a>  (06.04.2026)<\/li><li><a href=\"https:\/\/hallein-evangelisch.at\/wp\/?p=18327\">Gru\u00df zum Ostersonntag, 5. April 2026<\/a>  (03.04.2026)<\/li><li><a href=\"https:\/\/hallein-evangelisch.at\/wp\/?p=18338\">Grete rennt<\/a>  (03.04.2026)<\/li><li><a href=\"https:\/\/hallein-evangelisch.at\/wp\/?p=18155\">Tanz als Sprache der Kultur<\/a>  (02.04.2026)<\/li><li><a href=\"https:\/\/hallein-evangelisch.at\/wp\/?p=18172\">Kantatengottesdienst am Ostersonntag<\/a>  (02.04.2026)<\/li><li><a href=\"https:\/\/hallein-evangelisch.at\/wp\/?p=18335\">Karwoche und Ostern zu Hause<\/a>  (01.04.2026)<\/li><li><a href=\"https:\/\/hallein-evangelisch.at\/wp\/?p=18151\">Volkstanz<\/a>  (01.04.2026)<\/li><li><a href=\"https:\/\/hallein-evangelisch.at\/wp\/?p=18148\">Tanzgeschichten<\/a>  (31.03.2026)<\/li><li><a href=\"https:\/\/hallein-evangelisch.at\/wp\/?p=18144\">Osterwalzer<\/a>  (30.03.2026)<\/li><li><a href=\"https:\/\/hallein-evangelisch.at\/wp\/?p=18300\">Sonntagsgru\u00df zum 29.03.2026<\/a>  (27.03.2026)<\/li><\/ul>\n","protected":false},"excerpt":{"rendered":"<div class=\"mh-excerpt\"><p>[2018-02-04] Der Widerspruch springt ins Auge: Die Eucharistie ist (neben der Taufe) das zweite Sakrament, das die evangelische und die r\u00f6m. kath. Kirche gemeinsam haben. Das ist die eine Seite. Eucharistiefeiern, die von r\u00f6m. kath. <a class=\"mh-excerpt-more\" href=\"https:\/\/hallein-evangelisch.at\/wp\/?p=3660\" title=\"13032018 Ich bin eingeladen\">[&#8230;]<\/a><\/p>\n<\/div>","protected":false},"author":8,"featured_media":3460,"comment_status":"closed","ping_status":"closed","sticky":false,"template":"","format":"standard","meta":{"footnotes":""},"categories":[18],"tags":[],"class_list":{"0":"post-3660","1":"post","2":"type-post","3":"status-publish","4":"format-standard","5":"has-post-thumbnail","7":"category-fastenaktion-archiv"},"_links":{"self":[{"href":"https:\/\/hallein-evangelisch.at\/wp\/index.php?rest_route=\/wp\/v2\/posts\/3660","targetHints":{"allow":["GET"]}}],"collection":[{"href":"https:\/\/hallein-evangelisch.at\/wp\/index.php?rest_route=\/wp\/v2\/posts"}],"about":[{"href":"https:\/\/hallein-evangelisch.at\/wp\/index.php?rest_route=\/wp\/v2\/types\/post"}],"author":[{"embeddable":true,"href":"https:\/\/hallein-evangelisch.at\/wp\/index.php?rest_route=\/wp\/v2\/users\/8"}],"replies":[{"embeddable":true,"href":"https:\/\/hallein-evangelisch.at\/wp\/index.php?rest_route=%2Fwp%2Fv2%2Fcomments&post=3660"}],"version-history":[{"count":5,"href":"https:\/\/hallein-evangelisch.at\/wp\/index.php?rest_route=\/wp\/v2\/posts\/3660\/revisions"}],"predecessor-version":[{"id":4012,"href":"https:\/\/hallein-evangelisch.at\/wp\/index.php?rest_route=\/wp\/v2\/posts\/3660\/revisions\/4012"}],"wp:featuredmedia":[{"embeddable":true,"href":"https:\/\/hallein-evangelisch.at\/wp\/index.php?rest_route=\/wp\/v2\/media\/3460"}],"wp:attachment":[{"href":"https:\/\/hallein-evangelisch.at\/wp\/index.php?rest_route=%2Fwp%2Fv2%2Fmedia&parent=3660"}],"wp:term":[{"taxonomy":"category","embeddable":true,"href":"https:\/\/hallein-evangelisch.at\/wp\/index.php?rest_route=%2Fwp%2Fv2%2Fcategories&post=3660"},{"taxonomy":"post_tag","embeddable":true,"href":"https:\/\/hallein-evangelisch.at\/wp\/index.php?rest_route=%2Fwp%2Fv2%2Ftags&post=3660"}],"curies":[{"name":"wp","href":"https:\/\/api.w.org\/{rel}","templated":true}]}}