{"id":3683,"date":"2018-02-25T17:33:57","date_gmt":"2018-02-25T17:33:57","guid":{"rendered":"http:\/\/hallein-evangelisch.at\/wp\/?p=3683"},"modified":"2023-10-11T11:06:07","modified_gmt":"2023-10-11T09:06:07","slug":"sie-stehen-zur-wahl","status":"publish","type":"post","link":"https:\/\/hallein-evangelisch.at\/wp\/?p=3683","title":{"rendered":"Sie stehen zur Wahl"},"content":{"rendered":"<p>[25.02.2018] [Update 19.06.2023]<\/p>\n<p>Vorstellung der Kandidatinnen und Kandidaten f\u00fcr die Wahl zur Gemeindevertretung<\/p>\n<p>30 Kandidatinnen und Kandidaten haben sich f\u00fcr die Wahl in die Gemeindevertretung\u00a0bereit erkl\u00e4rt. Gemeindevertretung und Presbyterium schlagen\u00a0euch diese 30 Kandidat\/innen vor. Es sind Menschen aus verschiedenen Berufen\u00a0und Altersgruppen, Menschen aus fast allen Bereichen und Gruppen unserer\u00a0Gemeinde und den Orten des Tennengaus, M\u00e4nner und Frauen. Wir haben uns\u00a0diese Auswahl gut \u00fcberlegt und bitten euch, unserem Vorschlag zuzustimmen!<\/p>\n<h3>Mag.a Sonja Berkovits<\/h3>\n<p><img loading=\"lazy\" decoding=\"async\" class=\"alignleft size-full wp-image-3693\" src=\"http:\/\/hallein-evangelisch.at\/wp\/wp-content\/uploads\/2018\/02\/berkovits.jpg\" alt=\"\" width=\"154\" height=\"175\" \/>65 Jahre, AHS-Lehrerin in Pension, Salzburg Im August 2010 bin ich in die Evangelische Kirche Hallein eingetreten und f\u00fchle mich hier sehr wohl. Ich bin Mitglied im Kirchenchor und vertrete die Pfarrgemeinde in der Plattform \u201eTTIP Stoppen Salzburg\u201c. Neben fairem Handel und nachhaltiger Lebensweise sind mir interkultureller und interreligi\u00f6ser Dialog ein besonderes Anliegen.<\/p>\n<p><br clear=\"all\"\/><\/p>\n<h3>Heidi Blaickner<\/h3>\n<p><img loading=\"lazy\" decoding=\"async\" class=\"alignleft size-full wp-image-3694\" src=\"http:\/\/hallein-evangelisch.at\/wp\/wp-content\/uploads\/2018\/02\/blaikner.jpg\" alt=\"\" width=\"152\" height=\"174\" \/>58 Jahre, Angestellte, verheiratet, 3 Kinder, Kuchl- Jadorf. Ich arbeite in der Gemeinde mit, weil es sch\u00f6n ist, seine Talente einzubringen und zu sehen, dass sie gebraucht werden. Ich mag es einfach in einem gro\u00dfen Team zu arbeiten und dabei meine Talente auch einzubringen.<\/p>\n<p><br clear=\"all\"\/><\/p>\n<h3>Dr.in Edda B\u00f6hm-Ingram<\/h3>\n<p><img loading=\"lazy\" decoding=\"async\" class=\"alignleft size-full wp-image-3695\" src=\"http:\/\/hallein-evangelisch.at\/wp\/wp-content\/uploads\/2018\/02\/boehm-ingram.jpg\" alt=\"\" width=\"155\" height=\"175\" \/>58 Jahre, 2 Kinder (31 und 29 Jahre alt) Caritas Salzburg, Bereichsleitung f\u00fcr Soziale Arbeit. Seit 2017 bin ich Gemeindemitglied in der Pfarrgemeinde Hallein, seit vielen Jahren singe ich im Chor. Dar\u00fcber hinaus m\u00f6chte ich meine F\u00e4higkeiten und Talente f\u00fcr das Wohl der Gemeinde einsetzen, Diakonie und \u00d6kumene sind Bereiche, die mir neben der Musik besonders am Herzen liegen.<\/p>\n<p><br clear=\"all\"\/><\/p>\n<h3>Yvonne Ennsmann<\/h3>\n<p><img loading=\"lazy\" decoding=\"async\" class=\"alignleft size-full wp-image-3696\" src=\"http:\/\/hallein-evangelisch.at\/wp\/wp-content\/uploads\/2018\/02\/ennsmann.jpg\" alt=\"\" width=\"154\" height=\"176\" \/>40 Jahre aus Oberalm, verheiratet, 2 Kinder (6 u.9). Ich darf nun schon seit 2014 Eure Sekret\u00e4rin sein und es ist sch\u00f6n, ein Teil dieser unglaublichen aktiven und tollen Gemeinde zu sein. Deswegen m\u00f6chte ich mich weiter mit einbringen.<\/p>\n<p><br clear=\"all\"\/><\/p>\n<h3>Mag.a Erika Fehrer<\/h3>\n<p><img loading=\"lazy\" decoding=\"async\" class=\"alignleft size-full wp-image-3697\" src=\"http:\/\/hallein-evangelisch.at\/wp\/wp-content\/uploads\/2018\/02\/fehrer.jpg\" alt=\"\" width=\"155\" height=\"176\" \/>im 67. Lebensjahr, verheiratet, vier erwachsene Kinder. Viele von euch\/ Ihnen kennen mich recht gut, weil ich in Hallein aufgewachsen bin und von 1973 \u2013 2011 am Halleiner Gymnasium unterrichtet habe. Seit zwei Jahren darf ich in der Gemeindevertretung mitwirken. Neben den kleinen Aufgaben, wie der Kirchendienst bei den Gottesdiensten oder das Backen von Kuchen f\u00fcr diverse Anl\u00e4sse, liegen mir vor allem die \u00f6kumenischen Veranstaltungen am Herzen, da ich ja selbst r\u00f6misch-katholisch gewesen bin. Ganz besonders gern engagiere ich mich, wenn unsere evangelische Gemeinde Fl\u00fcchtlinge, die bei uns leben, unterst\u00fctzt, oder wenn wir gegen jede Form von Unterdr\u00fcckung und Diskriminierung auftreten. Ich m\u00f6chte mich gern weiterhin mit all meinen F\u00e4higkeiten voll Schwung und Fr\u00f6hlichkeit in die Aufgabenbereiche der Gemeindevertretung einbringen.<\/p>\n<p><br clear=\"all\"\/><\/p>\n<h3>Christine Frauscher<\/h3>\n<p><img loading=\"lazy\" decoding=\"async\" class=\"alignleft size-full wp-image-3698\" src=\"http:\/\/hallein-evangelisch.at\/wp\/wp-content\/uploads\/2018\/02\/frauscher.jpg\" alt=\"\" width=\"154\" height=\"175\" \/>(fast) 63 Jahre, Pensionistin, Hallein-Neualm, verheiratet, 1 erwachseneTochter und 1 Enlkel (11 Jahre). Seit 1994 in der Evang. Gemeindevertretung als Rechnungspr\u00fcferin t\u00e4tig, singe im Kirchenchor. Unsere Umwelt und die Bewahrung der Sch\u00f6pfung liegen mir sehr am Herzen.<\/p>\n<p><br clear=\"all\"\/><\/p>\n<h3>Mag.a Martina H\u00f6fner<\/h3>\n<p><img loading=\"lazy\" decoding=\"async\" class=\"alignleft size-full wp-image-3699\" src=\"http:\/\/hallein-evangelisch.at\/wp\/wp-content\/uploads\/2018\/02\/hoefner.jpg\" alt=\"\" width=\"155\" height=\"175\" \/>48 Jahre, Apothekerin. Einige werden mich von den Jung und Alt Gottesdiensten kennen, ich arbeite seit ein paar Jahren im Team mit. Ich bin Apothekerin und leite die Lehener L\u00f6wenapotheke in Salzburg. Seit 1995 bin ich mit Dr. Klaus H\u00f6fner (Kiefernorthop\u00e4de in Hallein) verheiratet, wir haben zwei Kinder (14 und 7 Jahre alt). Ich bin sehr gerne Mitglied dieser bunten und aktiven Gemeinde. Im Jung und Alt Team arbeite ich mit, weil ich es wichtig finde, auch f\u00fcr Kinder und Jugendliche Themen so aufzuarbeiten, dass sie sich angesprochen f\u00fchlen. In der Gemeindevertretung bin ich die letzten Jahre auch mit Freude dabei gewesen, es ist einfach sch\u00f6n, wie viel man zusammen erreichen kann.<\/p>\n<p><br clear=\"all\"\/><\/p>\n<h3>Karin Kohlus<\/h3>\n<p><img loading=\"lazy\" decoding=\"async\" class=\"alignleft size-full wp-image-3700\" src=\"http:\/\/hallein-evangelisch.at\/wp\/wp-content\/uploads\/2018\/02\/kohlus.jpg\" alt=\"\" width=\"159\" height=\"174\" \/>49 Jahre, Finanzbuchhalterin, Hallein, Mitglied im Kirchenchor. In einer Pfarrgemeinde gibt es so vieles zu tun, es ist mir ein Anliegen, hier eine Unterst\u00fctzung sein zu d\u00fcrfen.<\/p>\n<p><br clear=\"all\"\/><\/p>\n<h3>MBA Oliver Korn<\/h3>\n<p><img loading=\"lazy\" decoding=\"async\" class=\"alignleft size-full wp-image-3701\" src=\"http:\/\/hallein-evangelisch.at\/wp\/wp-content\/uploads\/2018\/02\/korn.jpg\" alt=\"\" width=\"156\" height=\"175\" \/>Apotheker, Bad Vigaun. Ich bin seit ca. eineinhalb Jahren Mitglied der Gemeinde und engagiere mich in der Konfirmandenund Jugendarbeit, sowie im EL \u2013 Theater. Da ich selber aus der evangelischen Jugendarbeit komme, ist es mir wichtig, den Bereich der Kinder- und Jugendarbeit zu unterst\u00fctzen und in der Gemeindevertretung zu repr\u00e4sentieren.<\/p>\n<p><br clear=\"all\"\/><\/p>\n<h3>Dipl.BW (FH) Karin Landwehr<\/h3>\n<p><img loading=\"lazy\" decoding=\"async\" class=\"alignleft size-full wp-image-3702\" src=\"http:\/\/hallein-evangelisch.at\/wp\/wp-content\/uploads\/2018\/02\/landwehr.jpg\" alt=\"\" width=\"155\" height=\"175\" \/>49 Jahre, Dipl. BW (FH), TEH Praktikerin, Puch. Erstes \u201eHineinschnuppern\u201c in die Gemeinde und die Freude dabei, best\u00e4rken mich mitzuarbeiten. Themen: Erwachsenenbildung, Frauen, Umwelt\/ Natur und \u00d6kumene. Ich stelle mich gerne \u00fcberall zur Verf\u00fcgung, wo ich gebraucht werde. Ein besonderes Anliegen ist mir, Neumitglieder oder \u201eZugereiste\u201c herzlich willkommen zu hei\u00dfen.<\/p>\n<p><br clear=\"all\"\/><\/p>\n<h3>Gaby Mayer<\/h3>\n<p><img loading=\"lazy\" decoding=\"async\" class=\"alignleft size-full wp-image-3703\" src=\"http:\/\/hallein-evangelisch.at\/wp\/wp-content\/uploads\/2018\/02\/mayer_gaby.jpg\" alt=\"\" width=\"153\" height=\"176\" \/>Alter: 51, Beruf: Bautechnische Zeichnerin, Wohnort: Adnet. Bisherige T\u00e4tigkeiten in der Gemeinde: Mitgestalterin des Weltgebetstages f\u00fcr Frauen j\u00e4hrlich im M\u00e4rz, ambitioniertes Mitglied des evangelischen Chores. Es macht mir Freude f\u00fcr die sehr lebendige Gemeinde da zu sein!<\/p>\n<p><br clear=\"all\"\/><\/p>\n<h3>Mag.iur. Verena Mayer<\/h3>\n<p><img loading=\"lazy\" decoding=\"async\" class=\"alignleft size-full wp-image-3704\" src=\"http:\/\/hallein-evangelisch.at\/wp\/wp-content\/uploads\/2018\/02\/mayer_verena.jpg\" alt=\"\" width=\"153\" height=\"174\" \/>37 Jahre, Schadenreferentin, Puch bei Hallein. Als ehemalige r\u00f6m.-kath. und nunmehr evangelische Christin A.B. bin ich zur festen \u00dcberzeugung gelangt, dass die christlichen Glaubensgemeinschaften mehr verbindet als trennt. Daher liegt mir die \u00d6kumene sehr am Herzen und w\u00e4re es mir ein gro\u00dfes Anliegen, den \u00f6kumenischen Gedanken nach au\u00dfen wie innen vertreten bzw. mitgestalten zu d\u00fcrfen.<\/p>\n<p><br clear=\"all\"\/><\/p>\n<h3>Bakk.phil. Ilse Mitsch<\/h3>\n<p><img loading=\"lazy\" decoding=\"async\" class=\"alignleft size-full wp-image-3705\" src=\"http:\/\/hallein-evangelisch.at\/wp\/wp-content\/uploads\/2018\/02\/mitsch.jpg\" alt=\"\" width=\"154\" height=\"175\" \/>65 Jahre, Pensionistin, Hallein. Ich bin seit sechs Jahren im Presbyterium t\u00e4tig und habe, wie ich glaube, n\u00fctzliche Arbeit f\u00fcr die evangelische Gemeinde im Allgemeinen und f\u00fcr die Grundst\u00fcckgestaltung im Besonderen geleistet. Gerne m\u00f6chte ich weiter in diesem Gremium meinen Beitrag zu einer guten Zusammenarbeit und zu einer erfolgreichen, nach au\u00dfen wirkenden Gemeinde leisten.<\/p>\n<p><br clear=\"all\"\/><\/p>\n<h3>Bettina Pann<\/h3>\n<p><img loading=\"lazy\" decoding=\"async\" class=\"alignleft size-full wp-image-3706\" src=\"http:\/\/hallein-evangelisch.at\/wp\/wp-content\/uploads\/2018\/02\/pann.jpg\" alt=\"\" width=\"155\" height=\"176\" \/>Bad Vigaun, 52 Jahre, Schulleiterin. Im Miteinander die Herausforderungen unserer Zeit erkennen, damit entsprechend umgehen und dar\u00fcber stets den Menschen im Blick behalten \u2013 so erlebe ich unsere Gemeinde; in Verantwortung eintretend f\u00fcr unsere Kirche, mit und in dieser Gemeinschaft m\u00f6chte ich mich einbringen.<\/p>\n<p><br clear=\"all\"\/><\/p>\n<h3>Andreas Pilz<\/h3>\n<p><img loading=\"lazy\" decoding=\"async\" class=\"alignleft size-full wp-image-3707\" src=\"http:\/\/hallein-evangelisch.at\/wp\/wp-content\/uploads\/2018\/02\/pilz.jpg\" alt=\"\" width=\"154\" height=\"175\" \/>48, verheiratet mit Alessandra, zwei T\u00f6chter: Marla (15) und Ella (11). selbst\u00e4ndiger Immobilienkaufmann in Hallein. Ich durfte bereits bisher als Gemeindevertreter und Schriftf\u00fchrer in der Halleiner Evangelischen Kirche mitwirken. Nachdem ich im Berufsleben zur\u00fcckschrauben konnte und mir die Arbeit in der Kirche sehr viel Spa\u00df macht, m\u00f6chte ich mich auch gerne im Presbyterium einbringen. Ich finde es sehr spannend, wie viele nach au\u00dfen unsichtbare Aufgaben in einer aktiven Religionsgemeinschaft zu erf\u00fcllen sind, und m\u00f6chte meinen Teil dazu beitragen, dass wir in der Schaitbergerkirche weiterhin\u00a0im Gegensatz zum vorherrschenden Trend auf steigende Zahlen von Gemeindemitgliedern k\u00f6nnen. Eine lebendige Kirche macht Spa\u00df!<\/p>\n<p><br clear=\"all\"\/><\/p>\n<h3>Mag.a Nicole P\u00f6schl-Proft<\/h3>\n<p><img loading=\"lazy\" decoding=\"async\" class=\"alignleft size-full wp-image-3708\" src=\"http:\/\/hallein-evangelisch.at\/wp\/wp-content\/uploads\/2018\/02\/poeschl-proft.jpg\" alt=\"\" width=\"154\" height=\"175\" \/>48 Jahre, Lehrerin, Oberalm. Ich arbeite gerne in unserer Gemeindevertretung mit, weil ich glaube, dass eine lebendige und aktive Gemeinschaft in der Gemeinde wichtig und wertvoll ist. Besonders unterst\u00fctze ich die Kinder- und Jugendarbeit, die sinnvolle Alternativen zum \u201eHerumh\u00e4ngen und Auf-dumme-Gedankenkommen\u201c anbietet.<\/p>\n<p><br clear=\"all\"\/><\/p>\n<h3>Mag.theol. Peter Pr\u00f6glh\u00f6f<\/h3>\n<p><img loading=\"lazy\" decoding=\"async\" class=\"alignleft size-full wp-image-3709\" src=\"http:\/\/hallein-evangelisch.at\/wp\/wp-content\/uploads\/2018\/02\/proeglhoeff.jpg\" alt=\"\" width=\"153\" height=\"176\" \/>56 Jahre, Fachinspektor f\u00fcr den evangelischen Religionsunterricht in Salzburg, Tirol und Vorarlberg. Wohne mit meinem Mann Peter Gabriel im Halleiner Pfarrhaus Bisher zust\u00e4ndig f\u00fcr Kirchenmusik und Bildungsarbeit. Daneben halte ich Gottesdienste, k\u00fcmmere ich mich um vieles, was in der Kirche und im Pfarrhaus anf\u00e4llt, und m\u00f6chte beitragen, dass sich weiterhin im Pfarrhaus alle willkommen f\u00fchlen.<\/p>\n<p><br clear=\"all\"\/><\/p>\n<h3>Mag.a Anne Scheicher<\/h3>\n<p><img loading=\"lazy\" decoding=\"async\" class=\"alignleft size-full wp-image-3710\" src=\"http:\/\/hallein-evangelisch.at\/wp\/wp-content\/uploads\/2018\/02\/scheicher.jpg\" alt=\"\" width=\"155\" height=\"176\" \/>59 Jahre, Betriebswirtin, verheiratet, 3 Kinder, Adnet Mitarbeit: Weltgebetstag der Frauen, Besuchskreis. Ich bin gerne evangelisch. Neben Familie und Beruf m\u00f6chte ich mich gerne in der Gemeinde einbringen.<\/p>\n<p><br clear=\"all\"\/><\/p>\n<h3>Elisabeth Schmiedbauer<\/h3>\n<p><img loading=\"lazy\" decoding=\"async\" class=\"alignleft size-full wp-image-3711\" src=\"http:\/\/hallein-evangelisch.at\/wp\/wp-content\/uploads\/2018\/02\/schmiedbauer.jpg\" alt=\"\" width=\"153\" height=\"176\" \/>22 Jahre, Studentin, Salzburg, ledig. Die Arbeit mit Kindern und Jugendlichen erf\u00fcllt mich mit Freude, deshalb engagiere ich mich beim Geheimnisfest und dem Konfirmandenkurs. Zus\u00e4tzlich singe ich im Kirchenchor. Ich m\u00f6chte mich f\u00fcr Anliegen von Kindern und Jugendlichen in der Gemeinde einbringen.<\/p>\n<p><br clear=\"all\"\/><\/p>\n<h3>Mag. Thomas Schwaiger<\/h3>\n<p><img loading=\"lazy\" decoding=\"async\" class=\"alignleft size-full wp-image-3712\" src=\"http:\/\/hallein-evangelisch.at\/wp\/wp-content\/uploads\/2018\/02\/schwaiger.jpg\" alt=\"\" width=\"153\" height=\"176\" \/>35 Jahre, Amtsleiter, Puch bei Hallein. Ich engagiere mich in der evangelischen Gemeinde Hallein, weil ich mich hier mit meinen christlichen Werten verstanden und gut vertreten f\u00fchle. Es ist f\u00fcr eine Gemeinschaft wichtig, dass sich ganz unterschiedliche Menschen mit ihren Begabungen und F\u00e4higkeiten einbrinen. Wichtig ist mir insbesondere die Kinder- und Jugendarbeit sowie die wirtschaftliche Situation unserer Gemeinde.<\/p>\n<p><br clear=\"all\"\/><\/p>\n<h3>Dr.theol. Hans Siller<\/h3>\n<p><img loading=\"lazy\" decoding=\"async\" class=\"alignleft size-full wp-image-3713\" src=\"http:\/\/hallein-evangelisch.at\/wp\/wp-content\/uploads\/2018\/02\/siller.jpg\" alt=\"\" width=\"154\" height=\"175\" \/>65 Jahre, Lektor, Kuchl-Moos. Ich bin froh, seit 2008 in dieser lebendigen Gemeinde zu sein. Ich arbeite gerne f\u00fcr einen gepflegten Garten und denke bei allgemeinen Aufgaben im Haus und an Geb\u00e4uden mit.<\/p>\n<p><br clear=\"all\"\/><\/p>\n<h3>Christine Strobl<\/h3>\n<p><img loading=\"lazy\" decoding=\"async\" class=\"alignleft size-full wp-image-3715\" src=\"http:\/\/hallein-evangelisch.at\/wp\/wp-content\/uploads\/2018\/02\/strodl.jpg\" alt=\"\" width=\"154\" height=\"176\" \/>54 Jahre, Bilanzbuchhalterin, Hallein. Mit gro\u00dfer Freude habe ich mich sowohl in der Gemeindevertretung als auch im Presbyterium vorwiegend im Bereich Finanzen, KB + Personal eingebracht. Gerne stehe ich in dieser Funktion auch f\u00fcr eine weitere Amtsperiode zur Verf\u00fcgung.<\/p>\n<p><br clear=\"all\"\/><\/p>\n<h3>Esther Strodl<\/h3>\n<p><img loading=\"lazy\" decoding=\"async\" class=\"alignleft size-full wp-image-3714\" src=\"http:\/\/hallein-evangelisch.at\/wp\/wp-content\/uploads\/2018\/02\/strodl_ester.jpg\" alt=\"\" width=\"155\" height=\"175\" \/>51, G\u00e4rtnerin, Hallein\/Rif. G\u00e4rtnerin im LZHS, zust\u00e4ndig f\u00fcr die Berufsausbildung von Lernschwachen Jugendlichen. 35 Jahre Pfarrgemeinde Hallein, anfangs Jugendarbeit, Gemeindevertretung, jetzt im Presbyterium als Protokollf\u00fchrerin.<\/p>\n<p><br clear=\"all\"\/><\/p>\n<h3>Manfred Walcher<\/h3>\n<p><img loading=\"lazy\" decoding=\"async\" class=\"alignleft size-full wp-image-3716\" src=\"http:\/\/hallein-evangelisch.at\/wp\/wp-content\/uploads\/2018\/02\/walcher.jpg\" alt=\"\" width=\"154\" height=\"174\" \/>62 Jahre, Pensionist. Aufgrund meines Berufes habe ich mich bisher haupts\u00e4chlich um die technischen Angelegenheiten in der Pfarre gek\u00fcmmert. Da mir das Team und die Gemeinschaft rund um die Gemeinde sehr am Herzen liegen, w\u00fcrde ich diese Aufgabe auch gerne weiterhin \u00fcbernehmen.<\/p>\n<p><br clear=\"all\"\/><\/p>\n<h3>Dr. G\u00fcnter Waldl<\/h3>\n<p><img loading=\"lazy\" decoding=\"async\" class=\"alignleft size-full wp-image-3717\" src=\"http:\/\/hallein-evangelisch.at\/wp\/wp-content\/uploads\/2018\/02\/waldl.jpg\" alt=\"\" width=\"154\" height=\"175\" \/>47 Jahre, Gesch\u00e4ftsbereichsleiter, Golling (Verheiratet mit Andrea, vier Kinder). Seit zwei Perioden wirke ich in der Gemeindevertretung mit und bin sehr gerne f\u00fcr unsere Evangelische Gemeinde t\u00e4tig. In technischen Fragestellungen sowie auch in der Arbeitsgruppe f\u00fcr Finanzen m\u00f6chte ich auch weiterhin meine Erfahrung einbringen.<\/p>\n<p><br clear=\"all\"\/><\/p>\n<h3>Wolfgang Wallner<\/h3>\n<p><img loading=\"lazy\" decoding=\"async\" class=\"alignleft size-full wp-image-3718\" src=\"http:\/\/hallein-evangelisch.at\/wp\/wp-content\/uploads\/2018\/02\/wallner.jpg\" alt=\"\" width=\"153\" height=\"177\" \/>35 Jahre, Angestellter. Ich habe durch meine Frau die offene und willkommen hei\u00dfende Art der evangelischen Gemeinde kennengelernt und mich dann vor ein paar Jahren entschlossen zu konvertieren. Gerne w\u00fcrde ich jetzt dem Team der Gemeindevertretung in Bereichen, wo noch Unterst\u00fctzung gebraucht wird, tatkr\u00e4ftig unter die Arme greifen.<\/p>\n<p><br clear=\"all\"\/><\/p>\n<h3>G\u00fcnter Wieland<\/h3>\n<p><img loading=\"lazy\" decoding=\"async\" class=\"alignleft size-full wp-image-3719\" src=\"http:\/\/hallein-evangelisch.at\/wp\/wp-content\/uploads\/2018\/02\/wieland.jpg\" alt=\"\" width=\"154\" height=\"174\" \/>32 Jahre, Haustechniker, Hallein. Ich arbeite gerne mit Menschen. Au\u00dferdem bin ich handwerklich begabt und gerne bereit mich in der Gemeinde tatkr\u00e4ftig einzubringen. Ich freue mich auf meine neuen Aufgaben.<\/p>\n<p><br clear=\"all\"\/><\/p>\n<h3>J\u00fcrgen Winkler<\/h3>\n<p><img loading=\"lazy\" decoding=\"async\" class=\"alignleft size-full wp-image-3720\" src=\"http:\/\/hallein-evangelisch.at\/wp\/wp-content\/uploads\/2018\/02\/winkler.jpg\" alt=\"\" width=\"151\" height=\"179\" \/>51 Jahre, Softwarearchitekt, wohnhaft in Taxach-Rif. Meine Familie f\u00fchlt sich in der Pfarrgemeinde sehr geborgen, wir genie\u00dfen den harmonischen und liebevollen Umgang. Gerne bringe ich mich weiterhin in der Gemeindevertretung ein, meine Schwerpunkte liegen im Bereich Technik und Finanzen.<\/p>\n<p><br clear=\"all\"\/><\/p>\n<h3>Dipl.-Gem.P\u00e4d. Susanne Zippenfenig<\/h3>\n<p><img loading=\"lazy\" decoding=\"async\" class=\"alignleft size-full wp-image-3721\" src=\"http:\/\/hallein-evangelisch.at\/wp\/wp-content\/uploads\/2018\/02\/zippenfenig.jpg\" alt=\"\" width=\"153\" height=\"176\" \/>Gemeindep\u00e4dagogin in unserer Pfarrgemeinde mit 15 Wochenstunden und \u201eNetzwerkerin Jugend\u201c f\u00fcr f\u00fcnf Pfarrgemeinden im Gro\u00dfraum Salzburg (Big5). Hobbies: Zeit mit meinen vier Kindern verbringen, Lesen, tanzen, singen, gute Filme ansehen, anregende Gespr\u00e4che mit interessanten Menschen f\u00fchren.<br \/>\n<br clear=\"all\" \/><ul class=\"lcp_catlist\" id=\"lcp_instance_0\"><li><a href=\"https:\/\/hallein-evangelisch.at\/wp\/?p=4940\">Die neue Kuratorin stellt sich vor<\/a>  (10.09.2018)<\/li><li><a href=\"https:\/\/hallein-evangelisch.at\/wp\/?p=4460\">Neues Presbyterium<\/a>  (04.06.2018)<\/li><li class=\"current\"><a href=\"https:\/\/hallein-evangelisch.at\/wp\/?p=3683\">Sie stehen zur Wahl<\/a>  (25.02.2018)<div class=\"lcp-customfield\">Vorstellung aller Kandidatinnen und Kandidaten.<\/div><\/li><li><a href=\"https:\/\/hallein-evangelisch.at\/wp\/?p=3673\">Wiederbewerbung um Pfarrstelle<\/a>  (25.02.2018)<div class=\"lcp-customfield\">Pfarrer Gabriel stellt sich der Wahl.<\/div><\/li><li><a href=\"https:\/\/hallein-evangelisch.at\/wp\/?p=3678\">Wie w\u00e4hlen<\/a>  (25.02.2018)<div class=\"lcp-customfield\">Alle Termine und das genaue Procedere.<\/div><\/li><li><a href=\"https:\/\/hallein-evangelisch.at\/wp\/?p=3671\">Gemeindevertretungswahl 2018<\/a>  (25.02.2018)<div class=\"lcp-customfield\">Wieso schon wieder w\u00e4hlen?<\/div><\/li><li><a href=\"https:\/\/hallein-evangelisch.at\/wp\/?p=3641\">Gelebte Demokratie<\/a>  (22.02.2018)<div class=\"lcp-customfield\">Wahlaufruf von Bischof Dr. Michael B\u00fcnker.<\/div><\/li><li><a href=\"https:\/\/hallein-evangelisch.at\/wp\/?p=3354\">Gemeindevertretungswahl<\/a>  (30.12.2017)<div class=\"lcp-customfield\">Vorank\u00fcndigung zur Wahl.<\/div><\/li><\/ul><\/p>\n","protected":false},"excerpt":{"rendered":"<div class=\"mh-excerpt\"><p>[25.02.2018] [Update 19.06.2023] Vorstellung der Kandidatinnen und Kandidaten f\u00fcr die Wahl zur Gemeindevertretung 30 Kandidatinnen und Kandidaten haben sich f\u00fcr die Wahl in die Gemeindevertretung\u00a0bereit erkl\u00e4rt. Gemeindevertretung und Presbyterium schlagen\u00a0euch diese 30 Kandidat\/innen vor. Es <a class=\"mh-excerpt-more\" href=\"https:\/\/hallein-evangelisch.at\/wp\/?p=3683\" title=\"Sie stehen zur Wahl\">[&#8230;]<\/a><\/p>\n<\/div>","protected":false},"author":8,"featured_media":3677,"comment_status":"closed","ping_status":"closed","sticky":false,"template":"","format":"standard","meta":{"footnotes":""},"categories":[14],"tags":[],"class_list":{"0":"post-3683","1":"post","2":"type-post","3":"status-publish","4":"format-standard","5":"has-post-thumbnail","7":"category-wahl-2018"},"_links":{"self":[{"href":"https:\/\/hallein-evangelisch.at\/wp\/index.php?rest_route=\/wp\/v2\/posts\/3683","targetHints":{"allow":["GET"]}}],"collection":[{"href":"https:\/\/hallein-evangelisch.at\/wp\/index.php?rest_route=\/wp\/v2\/posts"}],"about":[{"href":"https:\/\/hallein-evangelisch.at\/wp\/index.php?rest_route=\/wp\/v2\/types\/post"}],"author":[{"embeddable":true,"href":"https:\/\/hallein-evangelisch.at\/wp\/index.php?rest_route=\/wp\/v2\/users\/8"}],"replies":[{"embeddable":true,"href":"https:\/\/hallein-evangelisch.at\/wp\/index.php?rest_route=%2Fwp%2Fv2%2Fcomments&post=3683"}],"version-history":[{"count":36,"href":"https:\/\/hallein-evangelisch.at\/wp\/index.php?rest_route=\/wp\/v2\/posts\/3683\/revisions"}],"predecessor-version":[{"id":13679,"href":"https:\/\/hallein-evangelisch.at\/wp\/index.php?rest_route=\/wp\/v2\/posts\/3683\/revisions\/13679"}],"wp:featuredmedia":[{"embeddable":true,"href":"https:\/\/hallein-evangelisch.at\/wp\/index.php?rest_route=\/wp\/v2\/media\/3677"}],"wp:attachment":[{"href":"https:\/\/hallein-evangelisch.at\/wp\/index.php?rest_route=%2Fwp%2Fv2%2Fmedia&parent=3683"}],"wp:term":[{"taxonomy":"category","embeddable":true,"href":"https:\/\/hallein-evangelisch.at\/wp\/index.php?rest_route=%2Fwp%2Fv2%2Fcategories&post=3683"},{"taxonomy":"post_tag","embeddable":true,"href":"https:\/\/hallein-evangelisch.at\/wp\/index.php?rest_route=%2Fwp%2Fv2%2Ftags&post=3683"}],"curies":[{"name":"wp","href":"https:\/\/api.w.org\/{rel}","templated":true}]}}