{"id":3829,"date":"2018-02-27T22:39:01","date_gmt":"2018-02-27T22:39:01","guid":{"rendered":"http:\/\/hallein-evangelisch.at\/wp\/?p=3829"},"modified":"2018-06-09T08:17:46","modified_gmt":"2018-06-09T08:17:46","slug":"keine-halben-sachen","status":"publish","type":"post","link":"https:\/\/hallein-evangelisch.at\/wp\/?p=3829","title":{"rendered":"Keine halben Sachen"},"content":{"rendered":"<p>[2018-02-27]<\/p>\n<p>Gott macht keine halben Sachen, Gott ist niemals nur 99% Gott, sondern immer zu 100%. Gott vergibt den reuigen S\u00fcndern alle S\u00fcden, nicht nur die, die diesem beim Beichtgespr\u00e4ch einfallen. Am zweiten Abend der diesj\u00e4hrigen Fastenaktion am 27. Februar 2018 im Pfarrzentrum Neualm wurde mit so mancher Irrmeinung aus fr\u00fcheren Jahrzehnten &#8222;aufger\u00e4umt&#8220;. Nat\u00fcrlich kamen die bei diesem Sakrament bestehenden Unterschiede in der Lehrmeinung der beiden Kirchen zutage, was die Vortr\u00e4ge nicht minder spannend machte.<\/p>\n<p>Manche evangelische Christen sehen heute noch in der Beichte das 3. Sakrament neben Taufe und Abendmahl. Bis ca. 1790 kannten auch die evangelischen Christen die pers\u00f6nliche Beichte als unbedingte Voraussetzung zum Abendmahl. Danach kam es diesbez\u00fcglich zu deutlichen &#8222;Vereinfachungen&#8220;. Was aber f\u00fcr beide Kirchen gilt: Wenn durch die Beichte das Verh\u00e4ltnis zu Gott und den Menschen besser wird, ist dabei etwas Gro\u00dfartiges geschehen.<\/p>\n<p>Die Beichte steht heute in &#8222;Konkurrenz&#8220; zur Psychotherapie, wobei die Beichte den gro\u00dfen &#8222;Vorteil&#8220; hat, dass sie die betreffende Person von Schuld befreien kann. Einen Menschen, der nicht mehr &#8222;schuldf\u00e4hig&#8220; ist, da wei\u00df man nicht, ob man sich so jemanden w\u00fcnschen kann. Beichte, positiv gesehen, ist ein Vorgang, bei dem man nachsieht, was bei sich nicht in Ordnung ist und versucht dies dann vor Gott und den Menschen in Ordnung zu bringen. Wo Menschen lernen, eine gesunde Selbstsicht zu leben, bei der sie auch kritisch sich selbst gegen\u00fcber sind, das f\u00f6rdert im rechten Ma\u00df das pers\u00f6nliche Reifen, das Wachsen zu einer gesunden Pers\u00f6nlichkeit. Wer immer nur sagt, ich bin der Gr\u00f6\u00dfte und der Beste, kann letzten Endes nicht damit leben &#8211; und schon gar nicht seine Mitmenschen.<\/p>\n<p>In der evangelischen Pfarrgemeinde von Hallein wird 3 Mal im Jahr eine Bu\u00dffeier angeboten. Nach einem allgemeinen Teil und der M\u00f6glichkeit jedes Einzelnen, sich der pers\u00f6nlichen S\u00fcnden bewu\u00dft zu sein, wird anschlie\u00dfend mit Handauflegen die &#8222;formelle&#8220; Vergebung der S\u00fcnden im Namen Gottes ausgesprochen.<\/p>\n<p>[metaslider id=&#8220;3821&#8243;]<\/p>\n<ul class=\"lcp_catlist\" id=\"lcp_instance_0\"><li><a href=\"https:\/\/hallein-evangelisch.at\/wp\/?p=18385\">Sonntagsgru\u00df zum 26. April 2026<\/a>  (24.04.2026)<\/li><li><a href=\"https:\/\/hallein-evangelisch.at\/wp\/?p=18407\">Unerschrocken<\/a>  (23.04.2026)<\/li><li><a href=\"https:\/\/hallein-evangelisch.at\/wp\/?p=18396\">Kippa, Kreuz und Kopftuch<\/a>  (23.04.2026)<\/li><li><a href=\"https:\/\/hallein-evangelisch.at\/wp\/?p=18374\">Junge S\u00e4nger*innen gesucht!<\/a>  (17.04.2026)<\/li><li><a href=\"https:\/\/hallein-evangelisch.at\/wp\/?p=18368\">Sonntagsgru\u00df zum 19. April 2026<\/a>  (17.04.2026)<\/li><li><a href=\"https:\/\/hallein-evangelisch.at\/wp\/?p=18357\">Sonntagsgru\u00df zum 12. April 2026<\/a>  (10.04.2026)<\/li><li><a href=\"https:\/\/hallein-evangelisch.at\/wp\/?p=18350\">19:19 im April 2026<\/a>  (08.04.2026)<\/li><li><a href=\"https:\/\/hallein-evangelisch.at\/wp\/?p=18199\">Der tanzende David<\/a>  (08.04.2026)<\/li><li><a href=\"https:\/\/hallein-evangelisch.at\/wp\/?p=18182\">Danke f\u00fcr den Kirchenbeitrag<\/a>  (07.04.2026)<\/li><li><a href=\"https:\/\/hallein-evangelisch.at\/wp\/?p=18158\">Ostern \u2013 ein Tanz setzt ein<\/a>  (06.04.2026)<\/li><li><a href=\"https:\/\/hallein-evangelisch.at\/wp\/?p=18327\">Gru\u00df zum Ostersonntag, 5. April 2026<\/a>  (03.04.2026)<\/li><li><a href=\"https:\/\/hallein-evangelisch.at\/wp\/?p=18338\">Grete rennt<\/a>  (03.04.2026)<\/li><li><a href=\"https:\/\/hallein-evangelisch.at\/wp\/?p=18155\">Tanz als Sprache der Kultur<\/a>  (02.04.2026)<\/li><li><a href=\"https:\/\/hallein-evangelisch.at\/wp\/?p=18172\">Kantatengottesdienst am Ostersonntag<\/a>  (02.04.2026)<\/li><li><a href=\"https:\/\/hallein-evangelisch.at\/wp\/?p=18335\">Karwoche und Ostern zu Hause<\/a>  (01.04.2026)<\/li><li><a href=\"https:\/\/hallein-evangelisch.at\/wp\/?p=18151\">Volkstanz<\/a>  (01.04.2026)<\/li><li><a href=\"https:\/\/hallein-evangelisch.at\/wp\/?p=18148\">Tanzgeschichten<\/a>  (31.03.2026)<\/li><li><a href=\"https:\/\/hallein-evangelisch.at\/wp\/?p=18144\">Osterwalzer<\/a>  (30.03.2026)<\/li><li><a href=\"https:\/\/hallein-evangelisch.at\/wp\/?p=18300\">Sonntagsgru\u00df zum 29.03.2026<\/a>  (27.03.2026)<\/li><\/ul>\n<p><code><\/code><\/p>\n<p><code><\/code><\/p>\n","protected":false},"excerpt":{"rendered":"<div class=\"mh-excerpt\"><p>[2018-02-27] Gott macht keine halben Sachen, Gott ist niemals nur 99% Gott, sondern immer zu 100%. Gott vergibt den reuigen S\u00fcndern alle S\u00fcden, nicht nur die, die diesem beim Beichtgespr\u00e4ch einfallen. Am zweiten Abend der <a class=\"mh-excerpt-more\" href=\"https:\/\/hallein-evangelisch.at\/wp\/?p=3829\" title=\"Keine halben Sachen\">[&#8230;]<\/a><\/p>\n<\/div>","protected":false},"author":8,"featured_media":3782,"comment_status":"closed","ping_status":"closed","sticky":false,"template":"","format":"standard","meta":{"footnotes":""},"categories":[18],"tags":[],"class_list":{"0":"post-3829","1":"post","2":"type-post","3":"status-publish","4":"format-standard","5":"has-post-thumbnail","7":"category-fastenaktion-archiv"},"_links":{"self":[{"href":"https:\/\/hallein-evangelisch.at\/wp\/index.php?rest_route=\/wp\/v2\/posts\/3829","targetHints":{"allow":["GET"]}}],"collection":[{"href":"https:\/\/hallein-evangelisch.at\/wp\/index.php?rest_route=\/wp\/v2\/posts"}],"about":[{"href":"https:\/\/hallein-evangelisch.at\/wp\/index.php?rest_route=\/wp\/v2\/types\/post"}],"author":[{"embeddable":true,"href":"https:\/\/hallein-evangelisch.at\/wp\/index.php?rest_route=\/wp\/v2\/users\/8"}],"replies":[{"embeddable":true,"href":"https:\/\/hallein-evangelisch.at\/wp\/index.php?rest_route=%2Fwp%2Fv2%2Fcomments&post=3829"}],"version-history":[{"count":22,"href":"https:\/\/hallein-evangelisch.at\/wp\/index.php?rest_route=\/wp\/v2\/posts\/3829\/revisions"}],"predecessor-version":[{"id":3835,"href":"https:\/\/hallein-evangelisch.at\/wp\/index.php?rest_route=\/wp\/v2\/posts\/3829\/revisions\/3835"}],"wp:featuredmedia":[{"embeddable":true,"href":"https:\/\/hallein-evangelisch.at\/wp\/index.php?rest_route=\/wp\/v2\/media\/3782"}],"wp:attachment":[{"href":"https:\/\/hallein-evangelisch.at\/wp\/index.php?rest_route=%2Fwp%2Fv2%2Fmedia&parent=3829"}],"wp:term":[{"taxonomy":"category","embeddable":true,"href":"https:\/\/hallein-evangelisch.at\/wp\/index.php?rest_route=%2Fwp%2Fv2%2Fcategories&post=3829"},{"taxonomy":"post_tag","embeddable":true,"href":"https:\/\/hallein-evangelisch.at\/wp\/index.php?rest_route=%2Fwp%2Fv2%2Ftags&post=3829"}],"curies":[{"name":"wp","href":"https:\/\/api.w.org\/{rel}","templated":true}]}}